{"id":23912,"date":"2025-04-22T10:59:00","date_gmt":"2025-04-22T13:59:00","guid":{"rendered":"https:\/\/sgvaimudar.com.br\/?p=23912"},"modified":"2025-04-22T09:04:55","modified_gmt":"2025-04-22T12:04:55","slug":"enfermeiro-e-morto-a-facadas-dentro-de-casa-em-itaborai","status":"publish","type":"post","link":"https:\/\/sgvaimudar.com.br\/index.php\/2025\/04\/22\/enfermeiro-e-morto-a-facadas-dentro-de-casa-em-itaborai\/","title":{"rendered":"Enfermeiro \u00e9 morto a facadas dentro de casa em Itabora\u00ed"},"content":{"rendered":"\n<p><em>O caso est\u00e1 sendo investigado pela Delegacia de Homic\u00eddios <\/em><\/p>\n\n\n\n<p>Um enfermeiro de 22 anos foi morto a facadas dentro de casa em Itabora\u00ed, na Regi\u00e3o Metropolitana do Rio.\u00a0O caso aconteceu no \u00faltimo s\u00e1bado (19), no bairro Nova Cidade, e est\u00e1 sendo investigado pela Pol\u00edcia Civil.<\/p>\n\n\n\n<p>Lorran Miranda dos Santos Reis estava em casa com um amigo quando um homem teria invadido a resid\u00eancia e esfaqueado os dois. O enfermeiro n\u00e3o resistiu aos ferimentos e morreu no local.<\/p>\n\n\n\n<p>J\u00e1 a outra v\u00edtima,\u00a0Uederlin Lagoa Carlos, de 33 anos, foi socorrida e levada para o\u00a0Hospital Estadual Alberto Torres, no Coluband\u00ea. O estado de sa\u00fade \u00e9 grave.<\/p>\n\n\n\n<p>A per\u00edcia foi feita no local e o caso est\u00e1 sendo investigado pela\u00a0Delegacia de Homic\u00eddios de Niter\u00f3i, S\u00e3o Gon\u00e7alo e Itabora\u00ed (DHNSG). O corpo da v\u00edtima foi sepultado nesta segunda-feira (21),\u00a0no Cemit\u00e9rio Parque da Paz, na mesma regi\u00e3o.<\/p>\n\n\n\n<p><strong><em>Fa\u00e7a sua den\u00fancia pelo nosso WhatsApp: (21) <\/em><\/strong><strong><em>99744 5345<\/em><\/strong><strong><em><\/em><\/strong><\/p>\n\n\n\n<p><strong><em>S\u00e3o Gon\u00e7alo vai mudar: Not\u00edcias de S\u00e3o Gon\u00e7alo e toda regi\u00e3o.<\/em><\/strong><\/p>\n\n\n\n<figure class=\"wp-block-image size-large\"><img fetchpriority=\"high\" decoding=\"async\" width=\"1024\" height=\"252\" src=\"https:\/\/sgvaimudar.com.br\/wp-content\/uploads\/2025\/03\/Anuncie-Aqui-Sao-Goncalo-vai-mudar-1024x252.jpg\" alt=\"\" class=\"wp-image-22693\" srcset=\"https:\/\/sgvaimudar.com.br\/wp-content\/uploads\/2025\/03\/Anuncie-Aqui-Sao-Goncalo-vai-mudar-1024x252.jpg 1024w, https:\/\/sgvaimudar.com.br\/wp-content\/uploads\/2025\/03\/Anuncie-Aqui-Sao-Goncalo-vai-mudar-300x74.jpg 300w, https:\/\/sgvaimudar.com.br\/wp-content\/uploads\/2025\/03\/Anuncie-Aqui-Sao-Goncalo-vai-mudar-768x189.jpg 768w, https:\/\/sgvaimudar.com.br\/wp-content\/uploads\/2025\/03\/Anuncie-Aqui-Sao-Goncalo-vai-mudar-1536x378.jpg 1536w, https:\/\/sgvaimudar.com.br\/wp-content\/uploads\/2025\/03\/Anuncie-Aqui-Sao-Goncalo-vai-mudar-2048x504.jpg 2048w\" sizes=\"(max-width: 1024px) 100vw, 1024px\" \/><\/figure>\n","protected":false},"excerpt":{"rendered":"<p>O caso est\u00e1 sendo investigado pela Delegacia de Homic\u00eddios Um enfermeiro de 22 anos foi morto a facadas dentro de&hellip;<\/p>\n","protected":false},"author":5,"featured_media":23913,"comment_status":"open","ping_status":"open","sticky":false,"template":"","format":"standard","meta":{"fifu_image_url":"","fifu_image_alt":"","footnotes":""},"categories":[32],"tags":[],"class_list":["post-23912","post","type-post","status-publish","format-standard","has-post-thumbnail","hentry","category-casos-de-policia"],"_links":{"self":[{"href":"https:\/\/sgvaimudar.com.br\/index.php\/wp-json\/wp\/v2\/posts\/23912","targetHints":{"allow":["GET"]}}],"collection":[{"href":"https:\/\/sgvaimudar.com.br\/index.php\/wp-json\/wp\/v2\/posts"}],"about":[{"href":"https:\/\/sgvaimudar.com.br\/index.php\/wp-json\/wp\/v2\/types\/post"}],"author":[{"embeddable":true,"href":"https:\/\/sgvaimudar.com.br\/index.php\/wp-json\/wp\/v2\/users\/5"}],"replies":[{"embeddable":true,"href":"https:\/\/sgvaimudar.com.br\/index.php\/wp-json\/wp\/v2\/comments?post=23912"}],"version-history":[{"count":1,"href":"https:\/\/sgvaimudar.com.br\/index.php\/wp-json\/wp\/v2\/posts\/23912\/revisions"}],"predecessor-version":[{"id":23914,"href":"https:\/\/sgvaimudar.com.br\/index.php\/wp-json\/wp\/v2\/posts\/23912\/revisions\/23914"}],"wp:featuredmedia":[{"embeddable":true,"href":"https:\/\/sgvaimudar.com.br\/index.php\/wp-json\/wp\/v2\/media\/23913"}],"wp:attachment":[{"href":"https:\/\/sgvaimudar.com.br\/index.php\/wp-json\/wp\/v2\/media?parent=23912"}],"wp:term":[{"taxonomy":"category","embeddable":true,"href":"https:\/\/sgvaimudar.com.br\/index.php\/wp-json\/wp\/v2\/categories?post=23912"},{"taxonomy":"post_tag","embeddable":true,"href":"https:\/\/sgvaimudar.com.br\/index.php\/wp-json\/wp\/v2\/tags?post=23912"}],"curies":[{"name":"wp","href":"https:\/\/api.w.org\/{rel}","templated":true}]}}