{"id":23868,"date":"2025-04-21T10:00:00","date_gmt":"2025-04-21T13:00:00","guid":{"rendered":"https:\/\/sgvaimudar.com.br\/?p=23868"},"modified":"2025-04-21T08:39:34","modified_gmt":"2025-04-21T11:39:34","slug":"ultimos-dias-de-inscricoes-para-casamento-comunitario","status":"publish","type":"post","link":"https:\/\/sgvaimudar.com.br\/index.php\/2025\/04\/21\/ultimos-dias-de-inscricoes-para-casamento-comunitario\/","title":{"rendered":"\u00daltimos dias de inscri\u00e7\u00f5es para Casamento Comunit\u00e1rio"},"content":{"rendered":"\n<p><em>Casais interessados devem se inscrever at\u00e9 o pr\u00f3ximo dia 30<\/em><\/p>\n\n\n\n<p>Aqueles que desejam solicitar isen\u00e7\u00e3o de certid\u00e3o de casamento devem se inscrever no Casamento Comunit\u00e1rio at\u00e9 o dia 30 de abril. O projeto, realizado pela Secretaria de Assist\u00eancia Social da Prefeitura de S\u00e3o Gon\u00e7alo, atrav\u00e9s da Subsecretaria de Prote\u00e7\u00e3o Social Especial e do Comit\u00ea de Sub-registro, tamb\u00e9m vai garantir uma cerim\u00f4nia gratuita para 30 casais.<\/p>\n\n\n\n<p>Para participar, o casal deve ter renda de at\u00e9 dois sal\u00e1rios m\u00ednimos. As inscri\u00e7\u00f5es est\u00e3o sendo feitas no Comit\u00ea de Sub-registro, na sede da Secretaria de Assist\u00eancia Social, na Venda da Cruz, de segunda a sexta-feira, das 9h \u00e0s 16h.<\/p>\n\n\n\n<p>Para se inscrever, \u00e9 preciso apresentar a c\u00f3pia dos seguintes documentos:&nbsp;Identidade, CPF, certid\u00e3o de nascimento ou casamento averbada, comprovante de resid\u00eancia no pr\u00f3prio nome, carteira de trabalho, CNIS (Cadastro Nacional de Informa\u00e7\u00f5es Sociais). Al\u00e9m das c\u00f3pias do RG e CPF de duas testemunhas, que n\u00e3o podem ser os pais ou irm\u00e3os do casal.&nbsp;&nbsp;<\/p>\n\n\n\n<p>A realiza\u00e7\u00e3o da cerim\u00f4nia gratuita para 30 dos casais inscritos est\u00e1 prevista para o dia 29 de setembro de 2025, a partir das 10h, no S\u00edtio Jardins do Chal\u00e9, no bairro Vista Alegre. Cabe destacar que a participa\u00e7\u00e3o para este evento n\u00e3o \u00e9 obrigat\u00f3ria para todos os que solicitarem a gratuidade na certid\u00e3o de casamento.<\/p>\n\n\n\n<p><em>Foto: Fabio Guimar\u00e3es<\/em><\/p>\n\n\n\n<p><strong><em>S\u00e3o Gon\u00e7alo vai mudar: Not\u00edcias de S\u00e3o Gon\u00e7alo e toda regi\u00e3o.<\/em><\/strong><\/p>\n\n\n\n<figure class=\"wp-block-image size-large\"><img fetchpriority=\"high\" decoding=\"async\" width=\"1024\" height=\"252\" src=\"https:\/\/sgvaimudar.com.br\/wp-content\/uploads\/2025\/03\/Anuncie-Aqui-Sao-Goncalo-vai-mudar-1024x252.jpg\" alt=\"\" class=\"wp-image-22693\" srcset=\"https:\/\/sgvaimudar.com.br\/wp-content\/uploads\/2025\/03\/Anuncie-Aqui-Sao-Goncalo-vai-mudar-1024x252.jpg 1024w, https:\/\/sgvaimudar.com.br\/wp-content\/uploads\/2025\/03\/Anuncie-Aqui-Sao-Goncalo-vai-mudar-300x74.jpg 300w, https:\/\/sgvaimudar.com.br\/wp-content\/uploads\/2025\/03\/Anuncie-Aqui-Sao-Goncalo-vai-mudar-768x189.jpg 768w, https:\/\/sgvaimudar.com.br\/wp-content\/uploads\/2025\/03\/Anuncie-Aqui-Sao-Goncalo-vai-mudar-1536x378.jpg 1536w, https:\/\/sgvaimudar.com.br\/wp-content\/uploads\/2025\/03\/Anuncie-Aqui-Sao-Goncalo-vai-mudar-2048x504.jpg 2048w\" sizes=\"(max-width: 1024px) 100vw, 1024px\" \/><\/figure>\n","protected":false},"excerpt":{"rendered":"<p>Casais interessados devem se inscrever at\u00e9 o pr\u00f3ximo dia 30 Aqueles que desejam solicitar isen\u00e7\u00e3o de certid\u00e3o de casamento devem&hellip;<\/p>\n","protected":false},"author":5,"featured_media":23869,"comment_status":"open","ping_status":"open","sticky":false,"template":"","format":"standard","meta":{"fifu_image_url":"","fifu_image_alt":"","footnotes":""},"categories":[3],"tags":[],"class_list":["post-23868","post","type-post","status-publish","format-standard","has-post-thumbnail","hentry","category-sao-goncalo"],"_links":{"self":[{"href":"https:\/\/sgvaimudar.com.br\/index.php\/wp-json\/wp\/v2\/posts\/23868","targetHints":{"allow":["GET"]}}],"collection":[{"href":"https:\/\/sgvaimudar.com.br\/index.php\/wp-json\/wp\/v2\/posts"}],"about":[{"href":"https:\/\/sgvaimudar.com.br\/index.php\/wp-json\/wp\/v2\/types\/post"}],"author":[{"embeddable":true,"href":"https:\/\/sgvaimudar.com.br\/index.php\/wp-json\/wp\/v2\/users\/5"}],"replies":[{"embeddable":true,"href":"https:\/\/sgvaimudar.com.br\/index.php\/wp-json\/wp\/v2\/comments?post=23868"}],"version-history":[{"count":1,"href":"https:\/\/sgvaimudar.com.br\/index.php\/wp-json\/wp\/v2\/posts\/23868\/revisions"}],"predecessor-version":[{"id":23870,"href":"https:\/\/sgvaimudar.com.br\/index.php\/wp-json\/wp\/v2\/posts\/23868\/revisions\/23870"}],"wp:featuredmedia":[{"embeddable":true,"href":"https:\/\/sgvaimudar.com.br\/index.php\/wp-json\/wp\/v2\/media\/23869"}],"wp:attachment":[{"href":"https:\/\/sgvaimudar.com.br\/index.php\/wp-json\/wp\/v2\/media?parent=23868"}],"wp:term":[{"taxonomy":"category","embeddable":true,"href":"https:\/\/sgvaimudar.com.br\/index.php\/wp-json\/wp\/v2\/categories?post=23868"},{"taxonomy":"post_tag","embeddable":true,"href":"https:\/\/sgvaimudar.com.br\/index.php\/wp-json\/wp\/v2\/tags?post=23868"}],"curies":[{"name":"wp","href":"https:\/\/api.w.org\/{rel}","templated":true}]}}