{"id":23847,"date":"2025-04-21T07:52:57","date_gmt":"2025-04-21T10:52:57","guid":{"rendered":"https:\/\/sgvaimudar.com.br\/?p=23847"},"modified":"2025-04-21T07:57:25","modified_gmt":"2025-04-21T10:57:25","slug":"papa-francisco-morre-aos-88-anos","status":"publish","type":"post","link":"https:\/\/sgvaimudar.com.br\/index.php\/2025\/04\/21\/papa-francisco-morre-aos-88-anos\/","title":{"rendered":"Papa Francisco morre aos 88 anos"},"content":{"rendered":"\n<p><em>An\u00fancio da morte foi feito pelo Camerlengo Farrell da Casa Santa Marta<\/em><\/p>\n\n\n\n<p>O Papa Francisco morreu \u00e0s 7h35, hor\u00e1rio de Roma, desta segunda-feira (21), no Vaticano, em Roma. O an\u00fancio da morte foi feito pelo Camerlengo Farrell da Casa Santa Marta.<\/p>\n\n\n\n<p>&#8220;\u00c0s 7h35 desta manh\u00e3, o Bispo de Roma, Francisco, retornou \u00e0 casa do Pai. Toda a sua vida foi dedicada ao servi\u00e7o do Senhor e da Igreja&#8221;.<\/p>\n\n\n\n<p>O cardeal Farrell disse ainda que Francisco chegou a aparecer na sacada da Bas\u00edlica de S\u00e3o Pedro para a mensagem de P\u00e1scoa, na manh\u00e3 deste domingo (20).<\/p>\n\n\n\n<p>\u201cO Pont\u00edfice apareceu na sacada da Bas\u00edlica de S\u00e3o Pedro para a mensagem de P\u00e1scoa Urbiet Orbi<a rel=\"noreferrer noopener\" href=\"https:\/\/agenciabrasil.ebc.com.br\/internacional\/noticia\/2025-04\/papa-apela-cessar-fogo-em-gaza-e-paz-na-ucrania\" target=\"_blank\">,<\/a>&nbsp;deixando sua \u00faltima mensagem para a Igreja e o mundo\u201d.<\/p>\n\n\n\n<p>\u201cCom imensa gratid\u00e3o por seu exemplo como verdadeiro disc\u00edpulo do Senhor Jesus, recomendamos a alma do Papa Francisco ao infinito amor misericordioso do Deus Trino,&#8221; acrescentou o cardeal.<\/p>\n\n\n\n<p><strong>Nota de pesar<\/strong><\/p>\n\n\n\n<p>O governador do Rio Cl\u00e1udio castro lamentou a morte atrav\u00e9s de uma nota de pesar. &#8220;O mundo est\u00e1, hoje, com o cora\u00e7\u00e3o apertado pela partida do Papa Francisco. O vazio deixado por ele parece insubstitu\u00edvel. Cresci na f\u00e9 e \u00e9 como um filho que sinto a perda deste l\u00edder religioso t\u00e3o humilde, querido e corajoso, que dedicou sua vida a levar um sentimento de paz e fraternidade a todos. Francisco iluminou nossas vidas com esperan\u00e7a, amor e miseric\u00f3rdia, aproximando a Igreja de todos os povos.\u00a0<\/p>\n\n\n\n<p>Seu exemplo de amor ao pr\u00f3ximo e de coragem para enfrentar os desafios nos inspira a seguir com esperan\u00e7a e f\u00e9. Inesquec\u00edvel foi sua visita ao Rio de Janeiro durante a Jornada Mundial da Juventude de 2013. Seu exemplo nos inspira a construir um mundo mais fraterno e solid\u00e1rio. Sua mem\u00f3ria e seu legado de amor permanecer\u00e3o eternos em nossos cora\u00e7\u00f5es. Gratid\u00e3o pela sua miss\u00e3o, amado Francisco!&#8221;, disse o governador no texto.<\/p>\n\n\n\n<p><strong>Primeiro Papa das Am\u00e9ricas<\/strong><\/p>\n\n\n\n<p>Francisco assumiu o papado em 2013, mas, ao longo dos \u00faltimos anos, come\u00e7ou a apresentar problemas de sa\u00fade, desde gripes e resfriados at\u00e9 ferimentos provocados por quedas em seu pr\u00f3prio apartamento, no Vaticano.<\/p>\n\n\n\n<p>Com a sa\u00fade cada vez mais fragilizada, chegou a usar cadeira de rodas e bengalas para se locomover em eventos que exigiam maior esfor\u00e7o f\u00edsico, al\u00e9m de limitar suas falas em raz\u00e3o de diversas infec\u00e7\u00f5es respirat\u00f3rias.<\/p>\n\n\n\n<p>Em fevereiro, foi internado para realizar exames e tratar um quadro de bronquite, inflama\u00e7\u00e3o dos br\u00f4nquios geralmente provocada por v\u00edrus como o da influenza ou o v\u00edrus sincicial respirat\u00f3rio.<\/p>\n\n\n\n<p>Apesar do agravamento da sa\u00fade no decorrer dos anos, o papa vinha mantendo grande parte de sua agenda di\u00e1ria de compromissos, participando, inclusive, de reuni\u00f5es em sua pr\u00f3pria resid\u00eancia.<\/p>\n\n\n\n<h2 class=\"wp-block-heading\">Biografia<\/h2>\n\n\n\n<p>Francisco, nome escolhido por ele para seu pontificado, nasceu Jorge Mario Bergoglio. Argentino de Buenos Aires, foi o primeiro papa das Am\u00e9ricas. Filho de imigrantes italianos, era o mais velho de cinco irm\u00e3os: dois homens e tr\u00eas mulheres.<\/p>\n\n\n\n<p>Ainda jovem, chegou a formar-se t\u00e9cnico em qu\u00edmica, mas, pouco depois, escolheu o caminho do sacerd\u00f3cio. Licenciou-se em filosofia, foi professor de literatura e psicologia e, posteriormente, licenciou-se tamb\u00e9m em teologia.<\/p>\n\n\n\n<p>Foi ordenado sacerdote em dezembro de 1969, prestes a completar 33 anos. J\u00e1 como padre jesu\u00edta, foi nomeado bispo auxiliar de Buenos Aires e, posteriormente, em 2001, como cardeal, pelo ent\u00e3o papa Jo\u00e3o Paulo II.<\/p>\n\n\n\n<p>Como arcebispo de Buenos Aires, diocese com mais de 3 milh\u00f5es de pessoas, elaborou um projeto mission\u00e1rio centrado na comunh\u00e3o e na evangeliza\u00e7\u00e3o e com foco na assist\u00eancia aos pobres e aos enfermos.<\/p>\n\n\n\n<p>Francisco foi sucessor do papa em\u00e9rito Bento XVI que, em fevereiro de 2013, aos 78 anos, renunciou ao pontificado em raz\u00e3o de problemas de sa\u00fade. Francisco chegou a presidir o funeral de Bento XVI, em janeiro de 2023, com uma homilia em que o comparava a Jesus.<\/p>\n\n\n\n<p>Em meados de 2024, sobre a possibilidade de tamb\u00e9m ele renunciar, Francisco se referiu ao tema como \u201chip\u00f3tese distante\u201d, j\u00e1 que ainda mantinha sa\u00fade suficiente para seguir com seu papado. \u201cN\u00e3o tenho motivos s\u00e9rios o suficiente para me fazerem pensar em desistir\u201d.<\/p>\n\n\n\n<h2 class=\"wp-block-heading\">Apelo por cessar-fogo<\/h2>\n\n\n\n<p>Ao longo de seu papado, Francisco lan\u00e7ou diversos apelos \u00e0 comunidade internacional por cessar-fogo em conflitos na Europa e no Oriente M\u00e9dio \u2013 incluindo a guerra entre R\u00fassia e Ucr\u00e2nia e, mais recentemente, os ataques do Hamas \u00e0 Faixa de Gaza.<\/p>\n\n\n\n<p>\u201cTodas as na\u00e7\u00f5es t\u00eam o direito de existir em paz e em seguran\u00e7a e seus territ\u00f3rios n\u00e3o devem ser atacados ou invadidos. A soberania deve ser respeitada e garantida pelo di\u00e1logo e pela paz, n\u00e3o pelo \u00f3dio e pela guerra\u201d.<\/p>\n\n\n\n<h2 class=\"wp-block-heading\">Mulher em gabinete-chave da Igreja<\/h2>\n\n\n\n<p>Em janeiro de 2025, Francisco nomeou uma mulher para chefiar um importante gabinete do Vaticano, escolhendo a freira Simona Brambilla para dirigir o departamento respons\u00e1vel por todas as ordens da Igreja Cat\u00f3lica.<\/p>\n\n\n\n<p>Com a nomea\u00e7\u00e3o, pela primeira vez, uma mulher fica respons\u00e1vel por um dicast\u00e9rio ou congrega\u00e7\u00e3o da C\u00faria da Santa F\u00e9, \u00f3rg\u00e3o central de governo da Igreja Cat\u00f3lica. Simona substitui o cardeal brasileiro reformado Jo\u00e3o Braz de Aviz.<\/p>\n\n\n\n<h2 class=\"wp-block-heading\">Milagre na Amaz\u00f4nia<\/h2>\n\n\n\n<p>Em outubro de 2024, durante missa na Pra\u00e7a de S\u00e3o Pedro, Francisco proclamou a canoniza\u00e7\u00e3o do padre italiano Jos\u00e9 Allamano, fundador da congrega\u00e7\u00e3o dos Mission\u00e1rios da Consolata, por um milagre que teria ocorrido na Amaz\u00f4nia brasileira.<\/p>\n\n\n\n<p>Segundo a organiza\u00e7\u00e3o Consolata Am\u00e9rica, o milagre ocorreu em 1996, em Roraima, quando um ind\u00edgena yanomami foi atacado por uma on\u00e7a e apresentou um grave ferimento na cabe\u00e7a. Um grupo de mission\u00e1rios teria invocado Jos\u00e9 Allamano pedindo a recupera\u00e7\u00e3o do rapaz, o que se realizou.<\/p>\n\n\n\n<h2 class=\"wp-block-heading\">Mudan\u00e7as clim\u00e1ticas<\/h2>\n\n\n\n<p>Em agosto de 2024, Francisco fez um de seus \u00faltimos alertas em prol da preserva\u00e7\u00e3o do meio ambiente e exigindo uma a\u00e7\u00e3o global contra as mudan\u00e7as clim\u00e1ticas. \u201cSe medirmos a temperatura do planeta, isso nos dir\u00e1 que a Terra est\u00e1 com febre. Ela est\u00e1 doente\u201d.<\/p>\n\n\n\n<p>\u201cPrecisamos nos comprometer com a prote\u00e7\u00e3o da natureza, mudando nossos h\u00e1bitos pessoais e comunit\u00e1rios\u201d, disse. \u201cOs que mais sofrem com as consequ\u00eancias desses desastres s\u00e3o os pobres, aqueles que s\u00e3o for\u00e7ados a deixar suas casas por causa de enchentes, ondas de calor ou secas\u201d, completou.<\/p>\n\n\n\n<h2 class=\"wp-block-heading\">B\u00ean\u00e7\u00e3o para casais do mesmo sexo<\/h2>\n\n\n\n<p>Em dezembro de 2023, o Vaticano anunciou, em decis\u00e3o hist\u00f3rica aprovada pelo papa Francisco, que padres podem administrar b\u00ean\u00e7\u00e3os a casais do mesmo sexo, desde que n\u00e3o fa\u00e7am parte dos rituais ou liturgias regulares da Igreja Cat\u00f3lica.<\/p>\n\n\n\n<p>Documento do escrit\u00f3rio doutrin\u00e1rio do Vaticano destaca que tal b\u00ean\u00e7\u00e3o n\u00e3o legitima situa\u00e7\u00f5es irregulares nem deve ser confundido com o sacramento do matrim\u00f4nio, mas figura como um sinal de que Deus acolhe a todos.<\/p>\n\n\n\n<p>O texto cita que padres \u201cn\u00e3o devem evitar ou proibir a proximidade da Igreja com as pessoas em todas as situa\u00e7\u00f5es em que elas possam buscar a ajuda de Deus por meio de uma simples b\u00ean\u00e7\u00e3o\u201d.<\/p>\n\n\n\n<p><em>Com informa\u00e7\u00f5es do Vaticano News<\/em><\/p>\n\n\n\n<p><strong><em>S\u00e3o Gon\u00e7alo vai mudar: Not\u00edcias de S\u00e3o Gon\u00e7alo e toda regi\u00e3o.<\/em><\/strong><\/p>\n\n\n\n<figure class=\"wp-block-image size-large\"><img fetchpriority=\"high\" decoding=\"async\" width=\"1024\" height=\"252\" src=\"https:\/\/sgvaimudar.com.br\/wp-content\/uploads\/2025\/03\/Anuncie-Aqui-Sao-Goncalo-vai-mudar-1024x252.jpg\" alt=\"\" class=\"wp-image-22693\" srcset=\"https:\/\/sgvaimudar.com.br\/wp-content\/uploads\/2025\/03\/Anuncie-Aqui-Sao-Goncalo-vai-mudar-1024x252.jpg 1024w, https:\/\/sgvaimudar.com.br\/wp-content\/uploads\/2025\/03\/Anuncie-Aqui-Sao-Goncalo-vai-mudar-300x74.jpg 300w, https:\/\/sgvaimudar.com.br\/wp-content\/uploads\/2025\/03\/Anuncie-Aqui-Sao-Goncalo-vai-mudar-768x189.jpg 768w, https:\/\/sgvaimudar.com.br\/wp-content\/uploads\/2025\/03\/Anuncie-Aqui-Sao-Goncalo-vai-mudar-1536x378.jpg 1536w, https:\/\/sgvaimudar.com.br\/wp-content\/uploads\/2025\/03\/Anuncie-Aqui-Sao-Goncalo-vai-mudar-2048x504.jpg 2048w\" sizes=\"(max-width: 1024px) 100vw, 1024px\" \/><\/figure>\n\n\n\n<figure class=\"wp-block-image\"><img decoding=\"async\" src=\"https:\/\/agenciabrasil.ebc.com.br\/ebc.png?id=1639595&amp;o=node\" alt=\"\" \/><\/figure>\n\n\n\n<figure class=\"wp-block-image\"><img decoding=\"async\" src=\"https:\/\/agenciabrasil.ebc.com.br\/ebc.gif?id=1639595&amp;o=node\" alt=\"\" \/><\/figure>\n","protected":false},"excerpt":{"rendered":"<p>An\u00fancio da morte foi feito pelo Camerlengo Farrell da Casa Santa Marta O Papa Francisco morreu \u00e0s 7h35, hor\u00e1rio de&hellip;<\/p>\n","protected":false},"author":5,"featured_media":23848,"comment_status":"open","ping_status":"open","sticky":false,"template":"","format":"standard","meta":{"fifu_image_url":"","fifu_image_alt":"","footnotes":""},"categories":[1],"tags":[],"class_list":["post-23847","post","type-post","status-publish","format-standard","has-post-thumbnail","hentry","category-mundo"],"_links":{"self":[{"href":"https:\/\/sgvaimudar.com.br\/index.php\/wp-json\/wp\/v2\/posts\/23847","targetHints":{"allow":["GET"]}}],"collection":[{"href":"https:\/\/sgvaimudar.com.br\/index.php\/wp-json\/wp\/v2\/posts"}],"about":[{"href":"https:\/\/sgvaimudar.com.br\/index.php\/wp-json\/wp\/v2\/types\/post"}],"author":[{"embeddable":true,"href":"https:\/\/sgvaimudar.com.br\/index.php\/wp-json\/wp\/v2\/users\/5"}],"replies":[{"embeddable":true,"href":"https:\/\/sgvaimudar.com.br\/index.php\/wp-json\/wp\/v2\/comments?post=23847"}],"version-history":[{"count":3,"href":"https:\/\/sgvaimudar.com.br\/index.php\/wp-json\/wp\/v2\/posts\/23847\/revisions"}],"predecessor-version":[{"id":23853,"href":"https:\/\/sgvaimudar.com.br\/index.php\/wp-json\/wp\/v2\/posts\/23847\/revisions\/23853"}],"wp:featuredmedia":[{"embeddable":true,"href":"https:\/\/sgvaimudar.com.br\/index.php\/wp-json\/wp\/v2\/media\/23848"}],"wp:attachment":[{"href":"https:\/\/sgvaimudar.com.br\/index.php\/wp-json\/wp\/v2\/media?parent=23847"}],"wp:term":[{"taxonomy":"category","embeddable":true,"href":"https:\/\/sgvaimudar.com.br\/index.php\/wp-json\/wp\/v2\/categories?post=23847"},{"taxonomy":"post_tag","embeddable":true,"href":"https:\/\/sgvaimudar.com.br\/index.php\/wp-json\/wp\/v2\/tags?post=23847"}],"curies":[{"name":"wp","href":"https:\/\/api.w.org\/{rel}","templated":true}]}}