{"id":23832,"date":"2025-04-20T08:21:38","date_gmt":"2025-04-20T11:21:38","guid":{"rendered":"https:\/\/sgvaimudar.com.br\/?p=23832"},"modified":"2025-04-20T08:25:58","modified_gmt":"2025-04-20T11:25:58","slug":"pessoas-com-deficiencia-contam-com-atividades-do-centro-dia-de-vista-alegre","status":"publish","type":"post","link":"https:\/\/sgvaimudar.com.br\/index.php\/2025\/04\/20\/pessoas-com-deficiencia-contam-com-atividades-do-centro-dia-de-vista-alegre\/","title":{"rendered":"Pessoas com defici\u00eancia contam com atividades do Centro-Dia de Vista Alegre"},"content":{"rendered":"\n<p><em>Unidade da Assist\u00eancia Social foi totalmente revitalizada em 2024<\/em><\/p>\n\n\n\n<p>O Centro-Dia para Pessoas com Defici\u00eancia de Vista Alegre, em S\u00e3o Gon\u00e7alo, \u00e9 uma unidade especializada no servi\u00e7o de prote\u00e7\u00e3o social especial para pessoas com defici\u00eancia e suas fam\u00edlias. Ap\u00f3s obras de revitaliza\u00e7\u00e3o, o local foi reinaugurado ano passado pela Secretaria de Assist\u00eancia Social da Prefeitura de S\u00e3o Gon\u00e7alo, atrav\u00e9s da Subsecretaria da Pessoa com Defici\u00eancia, e, atualmente, atende a mais de 50 gon\u00e7alenses.<\/p>\n\n\n\n<p>O espa\u00e7o recebe jovens e adultos entre 18 e 59 anos com defici\u00eancia (f\u00edsica, auditiva, visual, intelectual e m\u00faltiplas defici\u00eancias). As formas de acessar o servi\u00e7o s\u00e3o por demanda espont\u00e2nea de membros da fam\u00edlia, da comunidade e busca ativa ou por encaminhamento dos demais servi\u00e7os socioassistenciais e dos \u00f3rg\u00e3os de defesa e garantia de direitos.<\/p>\n\n\n\n<figure class=\"wp-block-image size-full\"><img fetchpriority=\"high\" decoding=\"async\" width=\"1024\" height=\"683\" src=\"https:\/\/sgvaimudar.com.br\/wp-content\/uploads\/2025\/04\/unnamed-4-13.jpg\" alt=\"\" class=\"wp-image-23834\" srcset=\"https:\/\/sgvaimudar.com.br\/wp-content\/uploads\/2025\/04\/unnamed-4-13.jpg 1024w, https:\/\/sgvaimudar.com.br\/wp-content\/uploads\/2025\/04\/unnamed-4-13-300x200.jpg 300w, https:\/\/sgvaimudar.com.br\/wp-content\/uploads\/2025\/04\/unnamed-4-13-768x512.jpg 768w\" sizes=\"(max-width: 1024px) 100vw, 1024px\" \/><\/figure>\n\n\n\n<p>A equipe do Centro-Dia \u00e9 formada por assistente social, psic\u00f3logo, terapeuta ocupacional e pedagoga. A unidade tamb\u00e9m conta com equipe de cuidadores que auxiliam os usu\u00e1rios durante o tempo em que permanecem no local.<\/p>\n\n\n\n<p>\u201cO trabalho da nossa equipe disciplinar \u00e9 de extrema import\u00e2ncia aqui. \u00c9 necess\u00e1rio manter uma const\u00e2ncia nas atividades, pois alguns ensinamentos que parecem simples podem ser esquecidos por alguns dos usu\u00e1rios. Ent\u00e3o, seguimos focados em garantir o melhor desenvolvimento para eles\u201d, disse a pedagoga do espa\u00e7o, Ingrid Barcelos.<\/p>\n\n\n\n<p>No local, s\u00e3o oferecidas oficinas recreativas, pedag\u00f3gicas, ocupacionais, servi\u00e7os de promo\u00e7\u00e3o \u00e0 sa\u00fade e cuidados b\u00e1sicos da vida di\u00e1ria. Al\u00e9m disso, os respons\u00e1veis pelos assistidos t\u00eam um espa\u00e7o confort\u00e1vel para conviv\u00eancia e participa\u00e7\u00e3o em algumas atividades, realizadas de segunda a sexta-feira. As equipes dividem turmas para os turnos da manh\u00e3, das 9h30 \u00e0s 11h30 e para a tarde, das 13h30 \u00e0s 16h30.&nbsp;<\/p>\n\n\n\n<p>Glenda dos Santos, de 56 anos, afirmou que a sua filha, Let\u00edcia Coelho, de 26 anos, participa ativamente das oficinas. \u201cAqui \u00e9 perfeito, pois depois que eles se tornam jovens adultos n\u00e3o participam de muitas atividades e, ter aqui em S\u00e3o Gon\u00e7alo um espa\u00e7o como esse \u00e9 maravilhoso! Nossos filhos socializam, n\u00f3s m\u00e3es tamb\u00e9m conversamos e todos fazem amizades. Eles se desenvolvem muito com os profissionais daqui\u201d, declarou.&nbsp;<\/p>\n\n\n\n<p>As pessoas com defici\u00eancia que desejam frequentar o Centro-Dia devem se dirigir ao espa\u00e7o, com os seguintes documentos: Identidade, CPF, comprovante de resid\u00eancia do munic\u00edpio e o laudo m\u00e9dico mais recente.<\/p>\n\n\n\n<p><strong>Servi\u00e7o:<\/strong>\u00a0O Centro-Dia para PCD fica na Estrada S\u00e3o Pedro, em Vista Alegre (ao lado do CRAS de Vista Alegre).<\/p>\n\n\n\n<p><\/p>\n","protected":false},"excerpt":{"rendered":"<p>Unidade da Assist\u00eancia Social foi totalmente revitalizada em 2024 O Centro-Dia para Pessoas com Defici\u00eancia de Vista Alegre, em S\u00e3o&hellip;<\/p>\n","protected":false},"author":5,"featured_media":23836,"comment_status":"open","ping_status":"open","sticky":false,"template":"","format":"standard","meta":{"fifu_image_url":"","fifu_image_alt":"","footnotes":""},"categories":[3],"tags":[],"class_list":["post-23832","post","type-post","status-publish","format-standard","has-post-thumbnail","hentry","category-sao-goncalo"],"_links":{"self":[{"href":"https:\/\/sgvaimudar.com.br\/index.php\/wp-json\/wp\/v2\/posts\/23832","targetHints":{"allow":["GET"]}}],"collection":[{"href":"https:\/\/sgvaimudar.com.br\/index.php\/wp-json\/wp\/v2\/posts"}],"about":[{"href":"https:\/\/sgvaimudar.com.br\/index.php\/wp-json\/wp\/v2\/types\/post"}],"author":[{"embeddable":true,"href":"https:\/\/sgvaimudar.com.br\/index.php\/wp-json\/wp\/v2\/users\/5"}],"replies":[{"embeddable":true,"href":"https:\/\/sgvaimudar.com.br\/index.php\/wp-json\/wp\/v2\/comments?post=23832"}],"version-history":[{"count":2,"href":"https:\/\/sgvaimudar.com.br\/index.php\/wp-json\/wp\/v2\/posts\/23832\/revisions"}],"predecessor-version":[{"id":23837,"href":"https:\/\/sgvaimudar.com.br\/index.php\/wp-json\/wp\/v2\/posts\/23832\/revisions\/23837"}],"wp:featuredmedia":[{"embeddable":true,"href":"https:\/\/sgvaimudar.com.br\/index.php\/wp-json\/wp\/v2\/media\/23836"}],"wp:attachment":[{"href":"https:\/\/sgvaimudar.com.br\/index.php\/wp-json\/wp\/v2\/media?parent=23832"}],"wp:term":[{"taxonomy":"category","embeddable":true,"href":"https:\/\/sgvaimudar.com.br\/index.php\/wp-json\/wp\/v2\/categories?post=23832"},{"taxonomy":"post_tag","embeddable":true,"href":"https:\/\/sgvaimudar.com.br\/index.php\/wp-json\/wp\/v2\/tags?post=23832"}],"curies":[{"name":"wp","href":"https:\/\/api.w.org\/{rel}","templated":true}]}}