{"id":23819,"date":"2025-04-19T11:00:00","date_gmt":"2025-04-19T14:00:00","guid":{"rendered":"https:\/\/sgvaimudar.com.br\/?p=23819"},"modified":"2025-04-19T05:30:44","modified_gmt":"2025-04-19T08:30:44","slug":"suspeito-de-assassinar-nutricionista-de-sao-goncalo-e-preso-em-minas-gerais","status":"publish","type":"post","link":"https:\/\/sgvaimudar.com.br\/index.php\/2025\/04\/19\/suspeito-de-assassinar-nutricionista-de-sao-goncalo-e-preso-em-minas-gerais\/","title":{"rendered":"Suspeito de assassinar nutricionista de S\u00e3o Gon\u00e7alo \u00e9 preso em Minas Gerais"},"content":{"rendered":"\n<p><em>Na v\u00e9spera do crime, v\u00edtima e acusado\u00a0tiveram um desentendimento<\/em><\/p>\n\n\n\n<p>Matheus Pareto da Silva, de 24 anos, apontado como o autor do homic\u00eddio da nutricionista Andrea Cabral Monteiro Charret, 54 anos, foi detido na tarde desta quinta-feira (17) no Morro do Papagaio, em Belo Horizonte (MG). A pris\u00e3o ocorreu em uma opera\u00e7\u00e3o conjunta entre a Pol\u00edcia Civil do Rio de Janeiro e a Pol\u00edcia Militar de Minas Gerais.<\/p>\n\n\n\n<p>Andrea, que residia em S\u00e3o Gon\u00e7alo, foi encontrada morta\u00a0no dia 31 de mar\u00e7o na Estrada de Ferro, em Itagua\u00ed, na Regi\u00e3o Metropolitana do Rio. As investiga\u00e7\u00f5es da Delegacia de Homic\u00eddios da Baixada Fluminense (DHBF) revelaram que, na v\u00e9spera do crime, v\u00edtima e acusado\u00a0tiveram um desentendimento na casa do namorado de Andrea, que tamb\u00e9m \u00e9 ex-sogro de Matheus, motivado pela recusa em lhe oferecer uma cerveja.<\/p>\n\n\n\n<p>De acordo com a DHBF, ap\u00f3s a discuss\u00e3o, Matheus, supostamente portando uma arma de fogo, demonstrou revolta e deixou a resid\u00eancia onde havia ido visitar seus filhos, sem informar seu destino. Na manh\u00e3 seguinte, por volta das 5h, ele aguardou Andrea na sa\u00edda do condom\u00ednio onde ela morava.<\/p>\n\n\n\n<p>Ao deixar o local dirigindo seu Fiat Mobi preto, a nutricionista foi abordada\u00a0e assassinada por Matheus. O corpo foi abandonado na Estrada de Ferro, e o criminoso fugiu\u00a0levando o ve\u00edculo e o telefone celular da v\u00edtima.<\/p>\n\n\n\n<p>O delegado William Bezerra, titular da DHBF, informou que Matheus ser\u00e1 transferido para o sistema prisional do Rio de Janeiro, onde cumprir\u00e1 o mandado de pris\u00e3o tempor\u00e1ria expedido contra ele.<\/p>\n\n\n\n<p>&#8220;A investiga\u00e7\u00e3o continua para identificar se houve a participa\u00e7\u00e3o de outras pessoas neste latroc\u00ednio, al\u00e9m de localizarmos o carro e o celular da v\u00edtima&#8221;, declarou o delegado.<\/p>\n\n\n\n<p><em>Reportagem: Mauro J\u00fanior<\/em><\/p>\n\n\n\n<p><strong><em>Fa\u00e7a sua den\u00fancia pelo nosso WhatsApp: (21) <\/em><\/strong><strong><em>99744 5345<\/em><\/strong><strong><em><\/em><\/strong><\/p>\n\n\n\n<p><strong><em>S\u00e3o Gon\u00e7alo vai mudar: Not\u00edcias de S\u00e3o Gon\u00e7alo e toda regi\u00e3o.<\/em><\/strong><\/p>\n\n\n\n<figure class=\"wp-block-image size-large\"><img fetchpriority=\"high\" decoding=\"async\" width=\"1024\" height=\"252\" src=\"https:\/\/sgvaimudar.com.br\/wp-content\/uploads\/2025\/03\/Anuncie-Aqui-Sao-Goncalo-vai-mudar-1024x252.jpg\" alt=\"\" class=\"wp-image-22693\" srcset=\"https:\/\/sgvaimudar.com.br\/wp-content\/uploads\/2025\/03\/Anuncie-Aqui-Sao-Goncalo-vai-mudar-1024x252.jpg 1024w, https:\/\/sgvaimudar.com.br\/wp-content\/uploads\/2025\/03\/Anuncie-Aqui-Sao-Goncalo-vai-mudar-300x74.jpg 300w, https:\/\/sgvaimudar.com.br\/wp-content\/uploads\/2025\/03\/Anuncie-Aqui-Sao-Goncalo-vai-mudar-768x189.jpg 768w, https:\/\/sgvaimudar.com.br\/wp-content\/uploads\/2025\/03\/Anuncie-Aqui-Sao-Goncalo-vai-mudar-1536x378.jpg 1536w, https:\/\/sgvaimudar.com.br\/wp-content\/uploads\/2025\/03\/Anuncie-Aqui-Sao-Goncalo-vai-mudar-2048x504.jpg 2048w\" sizes=\"(max-width: 1024px) 100vw, 1024px\" \/><\/figure>\n","protected":false},"excerpt":{"rendered":"<p>Na v\u00e9spera do crime, v\u00edtima e acusado\u00a0tiveram um desentendimento Matheus Pareto da Silva, de 24 anos, apontado como o autor&hellip;<\/p>\n","protected":false},"author":5,"featured_media":23020,"comment_status":"open","ping_status":"open","sticky":false,"template":"","format":"standard","meta":{"fifu_image_url":"","fifu_image_alt":"","footnotes":""},"categories":[32],"tags":[],"class_list":["post-23819","post","type-post","status-publish","format-standard","has-post-thumbnail","hentry","category-casos-de-policia"],"_links":{"self":[{"href":"https:\/\/sgvaimudar.com.br\/index.php\/wp-json\/wp\/v2\/posts\/23819","targetHints":{"allow":["GET"]}}],"collection":[{"href":"https:\/\/sgvaimudar.com.br\/index.php\/wp-json\/wp\/v2\/posts"}],"about":[{"href":"https:\/\/sgvaimudar.com.br\/index.php\/wp-json\/wp\/v2\/types\/post"}],"author":[{"embeddable":true,"href":"https:\/\/sgvaimudar.com.br\/index.php\/wp-json\/wp\/v2\/users\/5"}],"replies":[{"embeddable":true,"href":"https:\/\/sgvaimudar.com.br\/index.php\/wp-json\/wp\/v2\/comments?post=23819"}],"version-history":[{"count":1,"href":"https:\/\/sgvaimudar.com.br\/index.php\/wp-json\/wp\/v2\/posts\/23819\/revisions"}],"predecessor-version":[{"id":23820,"href":"https:\/\/sgvaimudar.com.br\/index.php\/wp-json\/wp\/v2\/posts\/23819\/revisions\/23820"}],"wp:featuredmedia":[{"embeddable":true,"href":"https:\/\/sgvaimudar.com.br\/index.php\/wp-json\/wp\/v2\/media\/23020"}],"wp:attachment":[{"href":"https:\/\/sgvaimudar.com.br\/index.php\/wp-json\/wp\/v2\/media?parent=23819"}],"wp:term":[{"taxonomy":"category","embeddable":true,"href":"https:\/\/sgvaimudar.com.br\/index.php\/wp-json\/wp\/v2\/categories?post=23819"},{"taxonomy":"post_tag","embeddable":true,"href":"https:\/\/sgvaimudar.com.br\/index.php\/wp-json\/wp\/v2\/tags?post=23819"}],"curies":[{"name":"wp","href":"https:\/\/api.w.org\/{rel}","templated":true}]}}