{"id":23794,"date":"2025-04-18T15:00:00","date_gmt":"2025-04-18T18:00:00","guid":{"rendered":"https:\/\/sgvaimudar.com.br\/?p=23794"},"modified":"2025-04-18T10:22:42","modified_gmt":"2025-04-18T13:22:42","slug":"durante-operacao-contra-pesca-predatoria-inea-apreende-400-kg-de-pescados-e-doa-para-comunidades-de-niteroi","status":"publish","type":"post","link":"https:\/\/sgvaimudar.com.br\/index.php\/2025\/04\/18\/durante-operacao-contra-pesca-predatoria-inea-apreende-400-kg-de-pescados-e-doa-para-comunidades-de-niteroi\/","title":{"rendered":"Durante opera\u00e7\u00e3o contra pesca predat\u00f3ria, Inea apreende 400 kg de pescados e doa para comunidades de Niter\u00f3i"},"content":{"rendered":"\n<p><em>Uma raia viola brasileira (Pseudobatos horkelii) &#8211; esp\u00e9cie amea\u00e7ada de extin\u00e7\u00e3o &#8211; tamb\u00e9m foi apreendida durante a a\u00e7\u00e3o<\/em><\/p>\n\n\n\n<p>Quase meia tonelada de pescados, entre os quais, uma raia viola brasileira (Pseudobatos horkelii) &#8211; esp\u00e9cie amea\u00e7ada de extin\u00e7\u00e3o &#8211; foi apreendida na Reserva Extrativista Marinha de Itaipu (Resex Itaipu), em Niter\u00f3i, durante uma opera\u00e7\u00e3o deflagrada na ter\u00e7a-feira (15\/4) pelo Instituto Estadual do Ambiente (Inea), com o objetivo de combater a pesca predat\u00f3ria. <\/p>\n\n\n\n<p>A a\u00e7\u00e3o foi deflagrada ap\u00f3s a equipe da Resex Itaipu constatar, durante um monitoramento terrestre, que duas embarca\u00e7\u00f5es praticavam a pesca predat\u00f3ria na Praia de Itacoatiara, em \u00e1rea da unidade de conserva\u00e7\u00e3o, o que \u00e9 proibido de acordo com a Resolu\u00e7\u00e3o Inea n\u00aa 186\/2019.<\/p>\n\n\n\n<p>Os barcos utilizavam uma rede com 400 metros de comprimento para cercar um trecho do mar, capturando todo tipo de peixe, inclusive esp\u00e9cies amea\u00e7adas de extin\u00e7\u00e3o. Os peixes capturados seriam comercializados, uma vez que h\u00e1 um expressivo aumento de consumo de pescados na Sexta-Feira Santa. A a\u00e7\u00e3o contou com o apoio da Pol\u00edcia Federal.<\/p>\n\n\n\n<p>&#8211; \u00a0A atua\u00e7\u00e3o firme do Estado no combate \u00e0 pesca predat\u00f3ria \u00e9 fundamental para proteger nosso meio ambiente e preservar esp\u00e9cies amea\u00e7adas. Conseguimos transformar uma a\u00e7\u00e3o de fiscaliza\u00e7\u00e3o em solidariedade, com a doa\u00e7\u00e3o dos pescados a fam\u00edlias de Niter\u00f3i. Essas fam\u00edlias ter\u00e3o uma Semana Santa com a mesa cheia de alimentos. Vamos seguir fortalecendo a fiscaliza\u00e7\u00e3o e garantindo que nossas riquezas naturais sejam respeitadas e preservadas para as futuras gera\u00e7\u00f5es- declarou o governador Cl\u00e1udio Castro.<\/p>\n\n\n\n<p>Com apoio da Pol\u00edcia Federal, os t\u00e9cnicos da pasta ambiental percorreram a praia e conseguiram alcan\u00e7ar uma das embarca\u00e7\u00f5es onde flagraram o delito. O outro barco conseguiu escapar. O propriet\u00e1rio da embarca\u00e7\u00e3o foi detido e conduzido para a Delegacia da Pol\u00edcia Federal de Niter\u00f3i onde prestou esclarecimentos e foi liberado ap\u00f3s pagamento de fian\u00e7a. <\/p>\n\n\n\n<p>Ele foi autuado pelo Inea por praticar a pesca predat\u00f3ria, conforme preconiza a Lei Estadual 3.467\/2000. A multa pode chegar a R$ 100 mil, com acr\u00e9scimo de R$ 10,00 por quilo do produto da pescaria.<\/p>\n\n\n\n<p><strong>Peixes foram doados para comunidades de Niter\u00f3i<\/strong><br>Os pescados foram prontamente avaliados por um m\u00e9dico veterin\u00e1rio da equipe. Em seguida, metade foi doada para a comunidade do Prevent\u00f3rio, em Niter\u00f3i, e a outra metade foi destinada \u00e0 comunidade do Rato Molhado, em Itaipu, beneficiando um total de cerca de \u00a0cem pessoas.<\/p>\n\n\n\n<p>&#8211; \u00a0Com a intensifica\u00e7\u00e3o das nossas fiscaliza\u00e7\u00f5es, por terra e por mar, conseguimos flagrar o delito, apreender os pescados e autuar o infrator ambiental. O apoio de parceiros tem sido fundamental para ajudar na otimiza\u00e7\u00e3o das nossas opera\u00e7\u00f5es. O trabalho de fiscaliza\u00e7\u00e3o ambiental das nossas equipes \u00e9 cont\u00ednuo e permanente \u2013 destacou o secret\u00e1rio de Estado do Ambiente e Sustentabilidade, Bernardo Rossi.<\/p>\n\n\n\n<p>As opera\u00e7\u00f5es prosseguir\u00e3o durante os feriados da Semana Santa, Tiradentes e S\u00e3o Jorge com o objetivo de combater crimes ambientais e visando o ordenamento da visita\u00e7\u00e3o.<\/p>\n\n\n\n<p><em>Foto: Inea<\/em><\/p>\n\n\n\n<p><strong><em>Fa\u00e7a sua den\u00fancia pelo nosso WhatsApp: (21) <\/em><\/strong><strong><em>99744 5345<\/em><\/strong><strong><em><\/em><\/strong><\/p>\n\n\n\n<p><strong><em>S\u00e3o Gon\u00e7alo vai mudar: Not\u00edcias de S\u00e3o Gon\u00e7alo e toda regi\u00e3o.<\/em><\/strong><\/p>\n\n\n\n<figure class=\"wp-block-image size-large\"><img decoding=\"async\" width=\"1024\" height=\"46\" src=\"https:\/\/sgvaimudar.com.br\/wp-content\/uploads\/2023\/08\/Anuncie-Aqui-Sao-Goncalo-vai-mudar-1024x46.png\" alt=\"\" class=\"wp-image-2740\" srcset=\"https:\/\/sgvaimudar.com.br\/wp-content\/uploads\/2023\/08\/Anuncie-Aqui-Sao-Goncalo-vai-mudar-1024x46.png 1024w, https:\/\/sgvaimudar.com.br\/wp-content\/uploads\/2023\/08\/Anuncie-Aqui-Sao-Goncalo-vai-mudar-300x13.png 300w, https:\/\/sgvaimudar.com.br\/wp-content\/uploads\/2023\/08\/Anuncie-Aqui-Sao-Goncalo-vai-mudar-768x35.png 768w, https:\/\/sgvaimudar.com.br\/wp-content\/uploads\/2023\/08\/Anuncie-Aqui-Sao-Goncalo-vai-mudar-1536x69.png 1536w, https:\/\/sgvaimudar.com.br\/wp-content\/uploads\/2023\/08\/Anuncie-Aqui-Sao-Goncalo-vai-mudar.png 2002w\" sizes=\"(max-width: 1024px) 100vw, 1024px\" \/><\/figure>\n","protected":false},"excerpt":{"rendered":"<p>Uma raia viola brasileira (Pseudobatos horkelii) &#8211; esp\u00e9cie amea\u00e7ada de extin\u00e7\u00e3o &#8211; tamb\u00e9m foi apreendida durante a a\u00e7\u00e3o Quase meia&hellip;<\/p>\n","protected":false},"author":5,"featured_media":23795,"comment_status":"open","ping_status":"open","sticky":false,"template":"","format":"standard","meta":{"fifu_image_url":"","fifu_image_alt":"","footnotes":""},"categories":[32],"tags":[39,41,47],"class_list":["post-23794","post","type-post","status-publish","format-standard","has-post-thumbnail","hentry","category-casos-de-policia","tag-ataque","tag-conflito","tag-rj"],"_links":{"self":[{"href":"https:\/\/sgvaimudar.com.br\/index.php\/wp-json\/wp\/v2\/posts\/23794","targetHints":{"allow":["GET"]}}],"collection":[{"href":"https:\/\/sgvaimudar.com.br\/index.php\/wp-json\/wp\/v2\/posts"}],"about":[{"href":"https:\/\/sgvaimudar.com.br\/index.php\/wp-json\/wp\/v2\/types\/post"}],"author":[{"embeddable":true,"href":"https:\/\/sgvaimudar.com.br\/index.php\/wp-json\/wp\/v2\/users\/5"}],"replies":[{"embeddable":true,"href":"https:\/\/sgvaimudar.com.br\/index.php\/wp-json\/wp\/v2\/comments?post=23794"}],"version-history":[{"count":1,"href":"https:\/\/sgvaimudar.com.br\/index.php\/wp-json\/wp\/v2\/posts\/23794\/revisions"}],"predecessor-version":[{"id":23796,"href":"https:\/\/sgvaimudar.com.br\/index.php\/wp-json\/wp\/v2\/posts\/23794\/revisions\/23796"}],"wp:featuredmedia":[{"embeddable":true,"href":"https:\/\/sgvaimudar.com.br\/index.php\/wp-json\/wp\/v2\/media\/23795"}],"wp:attachment":[{"href":"https:\/\/sgvaimudar.com.br\/index.php\/wp-json\/wp\/v2\/media?parent=23794"}],"wp:term":[{"taxonomy":"category","embeddable":true,"href":"https:\/\/sgvaimudar.com.br\/index.php\/wp-json\/wp\/v2\/categories?post=23794"},{"taxonomy":"post_tag","embeddable":true,"href":"https:\/\/sgvaimudar.com.br\/index.php\/wp-json\/wp\/v2\/tags?post=23794"}],"curies":[{"name":"wp","href":"https:\/\/api.w.org\/{rel}","templated":true}]}}