{"id":23787,"date":"2025-04-18T13:00:00","date_gmt":"2025-04-18T16:00:00","guid":{"rendered":"https:\/\/sgvaimudar.com.br\/?p=23787"},"modified":"2025-04-18T10:06:39","modified_gmt":"2025-04-18T13:06:39","slug":"sg-previ-prorroga-inscricoes-para-eleicao-dos-conselhos","status":"publish","type":"post","link":"https:\/\/sgvaimudar.com.br\/index.php\/2025\/04\/18\/sg-previ-prorroga-inscricoes-para-eleicao-dos-conselhos\/","title":{"rendered":"SG-Previ prorroga inscri\u00e7\u00f5es para elei\u00e7\u00e3o dos Conselhos"},"content":{"rendered":"\n<p><em>Novos membros atuar\u00e3o no bi\u00eanio 2025-2027<\/em><\/p>\n\n\n\n<p>O Instituto de Previd\u00eancia dos Servidores Municipais de S\u00e3o Gon\u00e7alo (SG-Previ) prorrogou o prazo de inscri\u00e7\u00f5es para o processo eleitoral que definir\u00e1 os novos membros dos Conselhos de Administra\u00e7\u00e3o (Consad) e Fiscal (Confis) para o bi\u00eanio 2025-2027. Agora, os servidores t\u00eam at\u00e9 o dia 30 de abril para se candidatar.<\/p>\n\n\n\n<p>Coordenada pela Comiss\u00e3o Especial Eleitoral, a elei\u00e7\u00e3o segue o que determinam as Leis municipais e visa garantir um processo transparente e em conformidade com a legisla\u00e7\u00e3o vigente. O edital completo est\u00e1 dispon\u00edvel no Di\u00e1rio Oficial Eletr\u00f4nico do Munic\u00edpio e detalha todas as etapas do pleito.<\/p>\n\n\n\n<figure class=\"wp-block-image size-large\"><img fetchpriority=\"high\" decoding=\"async\" width=\"1024\" height=\"1024\" src=\"https:\/\/sgvaimudar.com.br\/wp-content\/uploads\/2025\/04\/unnamed-6-8-1024x1024.jpg\" alt=\"\" class=\"wp-image-23788\" srcset=\"https:\/\/sgvaimudar.com.br\/wp-content\/uploads\/2025\/04\/unnamed-6-8-1024x1024.jpg 1024w, https:\/\/sgvaimudar.com.br\/wp-content\/uploads\/2025\/04\/unnamed-6-8-300x300.jpg 300w, https:\/\/sgvaimudar.com.br\/wp-content\/uploads\/2025\/04\/unnamed-6-8-150x150.jpg 150w, https:\/\/sgvaimudar.com.br\/wp-content\/uploads\/2025\/04\/unnamed-6-8-768x768.jpg 768w, https:\/\/sgvaimudar.com.br\/wp-content\/uploads\/2025\/04\/unnamed-6-8.jpg 1200w\" sizes=\"(max-width: 1024px) 100vw, 1024px\" \/><\/figure>\n\n\n\n<p>Ser\u00e3o eleitos quatro membros para o Consad, sendo tr\u00eas representantes dos servidores ativos e um dos aposentados e pensionistas. Para o Confis, ser\u00e3o escolhidos dois representantes, sendo um de cada grupo.<\/p>\n\n\n\n<p>As elei\u00e7\u00f5es ocorrer\u00e3o de forma totalmente remota, por meio de uma plataforma online desenvolvida pela Secretaria de Administra\u00e7\u00e3o (Semad), com o apoio da equipe de Tecnologia da Informa\u00e7\u00e3o da Prefeitura de S\u00e3o Gon\u00e7alo. No entanto, a Comiss\u00e3o Especial Eleitoral poder\u00e1 alterar a modalidade, caso necess\u00e1rio.<\/p>\n\n\n\n<p>Para se inscrever, os candidatos devem comparecer \u00e0 sede do SG-Previ, localizada na Rua Coronel Serrado, 1000 \u2013 sala 814 \u2013 Z\u00e9 Garoto. \u00c9 necess\u00e1rio apresentar RG, CPF, comprovante de resid\u00eancia, fotografia 3\u00d74, certid\u00f5es negativas de antecedentes criminais, entre outros documentos exigidos pelo edital.<\/p>\n\n\n\n<p>As inscri\u00e7\u00f5es est\u00e3o abertas a servidores ativos, aposentados e pensionistas, sendo vedada a inscri\u00e7\u00e3o simult\u00e2nea para os dois conselhos. Cada candidato dever\u00e1 escolher um nome de campanha e um n\u00famero de dois d\u00edgitos, que ser\u00e1 utilizado na urna eletr\u00f4nica no momento da vota\u00e7\u00e3o.<\/p>\n\n\n\n<p>A data da vota\u00e7\u00e3o ser\u00e1 divulgada em breve, e o processo contar\u00e1 com a participa\u00e7\u00e3o de representantes sorteados dos conselhos para acompanhar a apura\u00e7\u00e3o dos votos, refor\u00e7ando o compromisso com a lisura e a transpar\u00eancia do processo.<\/p>\n\n\n\n<p>Outras informa\u00e7\u00f5es e atualiza\u00e7\u00f5es ser\u00e3o publicadas no Di\u00e1rio Oficial Eletr\u00f4nico do Munic\u00edpio. Todo o processo ser\u00e1 registrado no Processo Administrativo Eleitoral, dispon\u00edvel para consulta p\u00fablica.<\/p>\n\n\n\n<p><strong><em>S\u00e3o Gon\u00e7alo vai mudar: Not\u00edcias de S\u00e3o Gon\u00e7alo e toda regi\u00e3o.<\/em><\/strong><\/p>\n\n\n\n<figure class=\"wp-block-image size-large\"><img decoding=\"async\" width=\"1024\" height=\"252\" src=\"https:\/\/sgvaimudar.com.br\/wp-content\/uploads\/2025\/03\/Anuncie-Aqui-Sao-Goncalo-vai-mudar-1024x252.jpg\" alt=\"\" class=\"wp-image-22693\" srcset=\"https:\/\/sgvaimudar.com.br\/wp-content\/uploads\/2025\/03\/Anuncie-Aqui-Sao-Goncalo-vai-mudar-1024x252.jpg 1024w, https:\/\/sgvaimudar.com.br\/wp-content\/uploads\/2025\/03\/Anuncie-Aqui-Sao-Goncalo-vai-mudar-300x74.jpg 300w, https:\/\/sgvaimudar.com.br\/wp-content\/uploads\/2025\/03\/Anuncie-Aqui-Sao-Goncalo-vai-mudar-768x189.jpg 768w, https:\/\/sgvaimudar.com.br\/wp-content\/uploads\/2025\/03\/Anuncie-Aqui-Sao-Goncalo-vai-mudar-1536x378.jpg 1536w, https:\/\/sgvaimudar.com.br\/wp-content\/uploads\/2025\/03\/Anuncie-Aqui-Sao-Goncalo-vai-mudar-2048x504.jpg 2048w\" sizes=\"(max-width: 1024px) 100vw, 1024px\" \/><\/figure>\n","protected":false},"excerpt":{"rendered":"<p>Novos membros atuar\u00e3o no bi\u00eanio 2025-2027 O Instituto de Previd\u00eancia dos Servidores Municipais de S\u00e3o Gon\u00e7alo (SG-Previ) prorrogou o prazo&hellip;<\/p>\n","protected":false},"author":5,"featured_media":9777,"comment_status":"open","ping_status":"open","sticky":false,"template":"","format":"standard","meta":{"fifu_image_url":"","fifu_image_alt":"","footnotes":""},"categories":[3],"tags":[47,75],"class_list":["post-23787","post","type-post","status-publish","format-standard","has-post-thumbnail","hentry","category-sao-goncalo","tag-rj","tag-sao-goncalo"],"_links":{"self":[{"href":"https:\/\/sgvaimudar.com.br\/index.php\/wp-json\/wp\/v2\/posts\/23787","targetHints":{"allow":["GET"]}}],"collection":[{"href":"https:\/\/sgvaimudar.com.br\/index.php\/wp-json\/wp\/v2\/posts"}],"about":[{"href":"https:\/\/sgvaimudar.com.br\/index.php\/wp-json\/wp\/v2\/types\/post"}],"author":[{"embeddable":true,"href":"https:\/\/sgvaimudar.com.br\/index.php\/wp-json\/wp\/v2\/users\/5"}],"replies":[{"embeddable":true,"href":"https:\/\/sgvaimudar.com.br\/index.php\/wp-json\/wp\/v2\/comments?post=23787"}],"version-history":[{"count":1,"href":"https:\/\/sgvaimudar.com.br\/index.php\/wp-json\/wp\/v2\/posts\/23787\/revisions"}],"predecessor-version":[{"id":23789,"href":"https:\/\/sgvaimudar.com.br\/index.php\/wp-json\/wp\/v2\/posts\/23787\/revisions\/23789"}],"wp:featuredmedia":[{"embeddable":true,"href":"https:\/\/sgvaimudar.com.br\/index.php\/wp-json\/wp\/v2\/media\/9777"}],"wp:attachment":[{"href":"https:\/\/sgvaimudar.com.br\/index.php\/wp-json\/wp\/v2\/media?parent=23787"}],"wp:term":[{"taxonomy":"category","embeddable":true,"href":"https:\/\/sgvaimudar.com.br\/index.php\/wp-json\/wp\/v2\/categories?post=23787"},{"taxonomy":"post_tag","embeddable":true,"href":"https:\/\/sgvaimudar.com.br\/index.php\/wp-json\/wp\/v2\/tags?post=23787"}],"curies":[{"name":"wp","href":"https:\/\/api.w.org\/{rel}","templated":true}]}}