{"id":23775,"date":"2025-04-18T09:44:33","date_gmt":"2025-04-18T12:44:33","guid":{"rendered":"https:\/\/sgvaimudar.com.br\/?p=23775"},"modified":"2025-04-18T09:44:33","modified_gmt":"2025-04-18T12:44:33","slug":"tres-policiais-morrem-apos-viatura-da-prf-colidir-com-carro-de-passeio-durante-perseguicao-a-motociclistas-na-zona-norte-do-rio","status":"publish","type":"post","link":"https:\/\/sgvaimudar.com.br\/index.php\/2025\/04\/18\/tres-policiais-morrem-apos-viatura-da-prf-colidir-com-carro-de-passeio-durante-perseguicao-a-motociclistas-na-zona-norte-do-rio\/","title":{"rendered":"Tr\u00eas policiais morrem ap\u00f3s viatura da PRF colidir com carro de passeio durante persegui\u00e7\u00e3o a motociclistas na Zona Norte do Rio"},"content":{"rendered":"\n<p><em>Segundo testemunhas, os dois ve\u00edculos foram arremessados e bateram em diferentes postes da via. Outro agente que ficou ferido foi encaminhado ao Hospital Get\u00falio Vargas<\/em><\/p>\n\n\n\n<p>Tr\u00eas agentes da Pol\u00edcia Rodovi\u00e1ria Federal (PRF) morreram ap\u00f3s uma viatura da corpora\u00e7\u00e3o colidir com um carro de passeio\u00a0durante uma persegui\u00e7\u00e3o a motociclistas na Avenida Brasil, altura de Vig\u00e1rio Geral, Zona Norte do Rio, na madrugada desta sexta-feira (18).<\/p>\n\n\n\n<p>Segundo testemunhas, a viatura seguia dois motociclistas sem capacete que fugiram de uma blitz e, durante a a\u00e7\u00e3o, os ve\u00edculos acessaram a pista lateral da via. Por conta das ondula\u00e7\u00f5es no asfalto,\u00a0a viatura &#8220;saltou&#8221; diversas vezes e bateu no carro de passeio.<\/p>\n\n\n\n<p>Em seguida, os dois ve\u00edculos foram arremessados para uma rua lateral, batendo em postes diferentes.<\/p>\n\n\n\n<p>Com o impacto,&nbsp;os quatro agentes que estavam na viatura foram arremessados para fora do carro.&nbsp;O sobrevivente foi encaminhado ao Hospital Get\u00falio Vargas. O estado de sa\u00fade dele n\u00e3o foi divulgado.<\/p>\n\n\n\n<p>O ve\u00edculo de passeio vinha de Parada de Lucas e tinha tr\u00eas ocupantes, mas apenas o motorista foi arremessado. Ele, a mulher e a filha de 2 anos tiveram ferimentos leves.<\/p>\n\n\n\n<p>&#8220;A gente s\u00f3 viu uma moto vindo muito r\u00e1pido, com um cara sem capacete. Nessa, a gente sentiu o impacto no nosso carro. A viatura bateu atr\u00e1s do nosso carro. A gente s\u00f3 viu uma persegui\u00e7\u00e3o, que foi a moto passando muito r\u00e1pido, o cara sem capacete nenhum, e o impacto atr\u00e1s do carro&#8221;, falou a empres\u00e1ria Maria Jos\u00e9 dos Santos, que estava no carro de passeio.<\/p>\n\n\n\n<p>Equipes do Corpo de Bombeiros, da Pol\u00edcia Militar e da Pol\u00edcia Civil foram acionadas e estiveram no local.<\/p>\n\n\n\n<p>Os motociclistas que eram perseguidos pela viatura fugiram.<\/p>\n\n\n\n<p>A per\u00edcia foi acionada. O caso foi registrado na 38\u00aa DP (Br\u00e1s de Pina). Os agentes buscam imagens de c\u00e2meras de seguran\u00e7a da regi\u00e3o e realizam dilig\u00eancias para apurar os fatos.<\/p>\n\n\n\n<p><em>Fonte G1<\/em><\/p>\n\n\n\n<p><em>#saogoncalovaimudar<\/em><\/p>\n\n\n\n<figure class=\"wp-block-image size-large\"><img fetchpriority=\"high\" decoding=\"async\" width=\"1024\" height=\"252\" src=\"https:\/\/sgvaimudar.com.br\/wp-content\/uploads\/2025\/03\/Anuncie-Aqui-Sao-Goncalo-vai-mudar-1024x252.jpg\" alt=\"\" class=\"wp-image-22693\" srcset=\"https:\/\/sgvaimudar.com.br\/wp-content\/uploads\/2025\/03\/Anuncie-Aqui-Sao-Goncalo-vai-mudar-1024x252.jpg 1024w, https:\/\/sgvaimudar.com.br\/wp-content\/uploads\/2025\/03\/Anuncie-Aqui-Sao-Goncalo-vai-mudar-300x74.jpg 300w, https:\/\/sgvaimudar.com.br\/wp-content\/uploads\/2025\/03\/Anuncie-Aqui-Sao-Goncalo-vai-mudar-768x189.jpg 768w, https:\/\/sgvaimudar.com.br\/wp-content\/uploads\/2025\/03\/Anuncie-Aqui-Sao-Goncalo-vai-mudar-1536x378.jpg 1536w, https:\/\/sgvaimudar.com.br\/wp-content\/uploads\/2025\/03\/Anuncie-Aqui-Sao-Goncalo-vai-mudar-2048x504.jpg 2048w\" sizes=\"(max-width: 1024px) 100vw, 1024px\" \/><\/figure>\n","protected":false},"excerpt":{"rendered":"<p>Segundo testemunhas, os dois ve\u00edculos foram arremessados e bateram em diferentes postes da via. Outro agente que ficou ferido foi&hellip;<\/p>\n","protected":false},"author":5,"featured_media":23776,"comment_status":"open","ping_status":"open","sticky":false,"template":"","format":"standard","meta":{"fifu_image_url":"","fifu_image_alt":"","footnotes":""},"categories":[32],"tags":[39,41,40,47],"class_list":["post-23775","post","type-post","status-publish","format-standard","has-post-thumbnail","hentry","category-casos-de-policia","tag-ataque","tag-conflito","tag-guerra","tag-rj"],"_links":{"self":[{"href":"https:\/\/sgvaimudar.com.br\/index.php\/wp-json\/wp\/v2\/posts\/23775","targetHints":{"allow":["GET"]}}],"collection":[{"href":"https:\/\/sgvaimudar.com.br\/index.php\/wp-json\/wp\/v2\/posts"}],"about":[{"href":"https:\/\/sgvaimudar.com.br\/index.php\/wp-json\/wp\/v2\/types\/post"}],"author":[{"embeddable":true,"href":"https:\/\/sgvaimudar.com.br\/index.php\/wp-json\/wp\/v2\/users\/5"}],"replies":[{"embeddable":true,"href":"https:\/\/sgvaimudar.com.br\/index.php\/wp-json\/wp\/v2\/comments?post=23775"}],"version-history":[{"count":1,"href":"https:\/\/sgvaimudar.com.br\/index.php\/wp-json\/wp\/v2\/posts\/23775\/revisions"}],"predecessor-version":[{"id":23777,"href":"https:\/\/sgvaimudar.com.br\/index.php\/wp-json\/wp\/v2\/posts\/23775\/revisions\/23777"}],"wp:featuredmedia":[{"embeddable":true,"href":"https:\/\/sgvaimudar.com.br\/index.php\/wp-json\/wp\/v2\/media\/23776"}],"wp:attachment":[{"href":"https:\/\/sgvaimudar.com.br\/index.php\/wp-json\/wp\/v2\/media?parent=23775"}],"wp:term":[{"taxonomy":"category","embeddable":true,"href":"https:\/\/sgvaimudar.com.br\/index.php\/wp-json\/wp\/v2\/categories?post=23775"},{"taxonomy":"post_tag","embeddable":true,"href":"https:\/\/sgvaimudar.com.br\/index.php\/wp-json\/wp\/v2\/tags?post=23775"}],"curies":[{"name":"wp","href":"https:\/\/api.w.org\/{rel}","templated":true}]}}