{"id":23768,"date":"2025-04-18T09:27:13","date_gmt":"2025-04-18T12:27:13","guid":{"rendered":"https:\/\/sgvaimudar.com.br\/?p=23768"},"modified":"2025-04-18T09:27:14","modified_gmt":"2025-04-18T12:27:14","slug":"projeto-mover-cultural-leva-arte-e-lazer-para-todas-as-idades-em-sao-goncalo","status":"publish","type":"post","link":"https:\/\/sgvaimudar.com.br\/index.php\/2025\/04\/18\/projeto-mover-cultural-leva-arte-e-lazer-para-todas-as-idades-em-sao-goncalo\/","title":{"rendered":"Projeto Mover Cultural leva arte e lazer para todas as idades em S\u00e3o Gon\u00e7alo"},"content":{"rendered":"\n<p><em>Iniciativa gratuita promove oficinas art\u00edsticas e socioculturais<\/em><\/p>\n\n\n\n<p>A cidade de S\u00e3o Gon\u00e7alo ganhou um importante refor\u00e7o cultural com a chegada do Projeto Mover Cultural. A iniciativa tem como objetivo oferecer arte, lazer e entretenimento para crian\u00e7as, jovens, adultos e idosos do bairro Jardim Catarina e regi\u00f5es pr\u00f3ximas, por meio de oficinas art\u00edsticas e eventos socioculturais totalmente gratuitos.<\/p>\n\n\n\n<p>O projeto \u00e9 uma a\u00e7\u00e3o cultural que integra a Pol\u00edtica Nacional Aldir Blanc (PNAB), com apoio do Minist\u00e9rio da Cultura e da Secretaria de Turismo e Cultura da Prefeitura de S\u00e3o Gon\u00e7alo.<\/p>\n\n\n\n<figure class=\"wp-block-image size-full\"><img fetchpriority=\"high\" decoding=\"async\" width=\"1024\" height=\"626\" src=\"https:\/\/sgvaimudar.com.br\/wp-content\/uploads\/2025\/04\/unnamed-4-12.jpg\" alt=\"\" class=\"wp-image-23770\" srcset=\"https:\/\/sgvaimudar.com.br\/wp-content\/uploads\/2025\/04\/unnamed-4-12.jpg 1024w, https:\/\/sgvaimudar.com.br\/wp-content\/uploads\/2025\/04\/unnamed-4-12-300x183.jpg 300w, https:\/\/sgvaimudar.com.br\/wp-content\/uploads\/2025\/04\/unnamed-4-12-768x470.jpg 768w\" sizes=\"(max-width: 1024px) 100vw, 1024px\" \/><\/figure>\n\n\n\n<p>O projeto tem dura\u00e7\u00e3o de cinco meses, de mar\u00e7o a julho, e pretende atender diretamente cerca de 300 pessoas. As atividades acontecem na Lona Cultural L\u00eddia Maria da Silva, a&nbsp;<em>Lona do Jardim Catarina<\/em>, um dos espa\u00e7os culturais mais importantes da cidade.<\/p>\n\n\n\n<p>As oficinas oferecidas s\u00e3o Economia Criativa, Artes Circenses, Capoeira e Dan\u00e7a. Uma das mais populares entre as crian\u00e7as \u00e9 a de Circo, realizada \u00e0s quartas-feiras, das 9h \u00e0s 11h e das 14h \u00e0s 16h. Voltada para crian\u00e7as a partir de 6 anos, a oficina \u00e9 uma oportunidade \u00fanica de aprendizado e divers\u00e3o.<\/p>\n\n\n\n<p>As pr\u00e1ticas circenses desenvolvem habilidades como equil\u00edbrio, for\u00e7a, agilidade e coordena\u00e7\u00e3o. As crian\u00e7as aprendem t\u00e9cnicas de acrobacias a\u00e9reas (saltos e rolamentos no ar), acrobacias de solo (estrelas e cambalhotas), malabares (lan\u00e7amento de bolas e objetos), equil\u00edbrio (com perna-de-pau e monociclo), e acrobacias coletivas (pir\u00e2mides humanas e paradas de ombros).<\/p>\n\n\n\n<p>\u201cEssas aulas v\u00e3o muito al\u00e9m de ensinar sobre pr\u00e1ticas circenses. Nosso objetivo \u00e9 mostrar que eles s\u00e3o capazes, que eles conseguem e podem fazer qualquer coisa. Alguns t\u00eam dificuldades, e aqui a gente promove o desenvolvimento socioemocional e educacional\u201d, afirma Patrick, o M\u00e1gico, respons\u00e1vel pelas aulas de circo.<\/p>\n\n\n\n<p>As demais oficinas tamb\u00e9m oferecem propostas voltadas ao desenvolvimento criativo e ao fortalecimento da autoestima dos participantes. As aulas s\u00e3o divididas por faixa et\u00e1ria: Capoeira e Circo para crian\u00e7as a partir de 6 anos; Dan\u00e7a e Economia Criativa para jovens e adultos. A oficina de Dan\u00e7a ocorre \u00e0s segundas e quartas, das 7h30 \u00e0s 8h10 e 8h10 \u00e0s 8h50; Capoeira \u00e0s segundas e sextas, das 17h \u00e0s 18h e 18h \u00e0s 19h; e Economia Criativa, \u00e0s ter\u00e7as e quintas, com turmas das 14h \u00e0s 14h40, 14h40 \u00e0s 15h20 e 15h20 \u00e0s 16h.<\/p>\n\n\n\n<p>Para se inscrever, basta comparecer \u00e0 Lona do Jardim Catarina (Avenida Albino Imparato), de segunda a sexta-feira, das 9h \u00e0s 17h, ou entrar em contato pelo WhatsApp: (21) 96601-9673.<\/p>\n\n\n\n<p>\u201cAcho esse tipo de projeto muito importante. Meus filhos sentiam muita falta de atividades assim. Poder ver meus filhos envolvidos com atividades culturais tem sido muito especial\u201d, disse Christiane Reis da Silva, 44 anos, moradora do bairro e m\u00e3e de uma das alunas.<\/p>\n\n\n\n<p><em>Foto: Luiz Carvalho<\/em><\/p>\n\n\n\n<p><strong><em>S\u00e3o Gon\u00e7alo vai mudar: Not\u00edcias de S\u00e3o Gon\u00e7alo e toda regi\u00e3o.<\/em><\/strong><\/p>\n\n\n\n<figure class=\"wp-block-image size-large\"><img decoding=\"async\" width=\"1024\" height=\"46\" src=\"https:\/\/sgvaimudar.com.br\/wp-content\/uploads\/2023\/08\/Anuncie-Aqui-Sao-Goncalo-vai-mudar-1024x46.png\" alt=\"\" class=\"wp-image-2740\" srcset=\"https:\/\/sgvaimudar.com.br\/wp-content\/uploads\/2023\/08\/Anuncie-Aqui-Sao-Goncalo-vai-mudar-1024x46.png 1024w, https:\/\/sgvaimudar.com.br\/wp-content\/uploads\/2023\/08\/Anuncie-Aqui-Sao-Goncalo-vai-mudar-300x13.png 300w, https:\/\/sgvaimudar.com.br\/wp-content\/uploads\/2023\/08\/Anuncie-Aqui-Sao-Goncalo-vai-mudar-768x35.png 768w, https:\/\/sgvaimudar.com.br\/wp-content\/uploads\/2023\/08\/Anuncie-Aqui-Sao-Goncalo-vai-mudar-1536x69.png 1536w, https:\/\/sgvaimudar.com.br\/wp-content\/uploads\/2023\/08\/Anuncie-Aqui-Sao-Goncalo-vai-mudar.png 2002w\" sizes=\"(max-width: 1024px) 100vw, 1024px\" \/><\/figure>\n","protected":false},"excerpt":{"rendered":"<p>Iniciativa gratuita promove oficinas art\u00edsticas e socioculturais A cidade de S\u00e3o Gon\u00e7alo ganhou um importante refor\u00e7o cultural com a chegada&hellip;<\/p>\n","protected":false},"author":5,"featured_media":23769,"comment_status":"open","ping_status":"open","sticky":false,"template":"","format":"standard","meta":{"fifu_image_url":"","fifu_image_alt":"","footnotes":""},"categories":[6],"tags":[47,75],"class_list":["post-23768","post","type-post","status-publish","format-standard","has-post-thumbnail","hentry","category-entretenimento","tag-rj","tag-sao-goncalo"],"_links":{"self":[{"href":"https:\/\/sgvaimudar.com.br\/index.php\/wp-json\/wp\/v2\/posts\/23768","targetHints":{"allow":["GET"]}}],"collection":[{"href":"https:\/\/sgvaimudar.com.br\/index.php\/wp-json\/wp\/v2\/posts"}],"about":[{"href":"https:\/\/sgvaimudar.com.br\/index.php\/wp-json\/wp\/v2\/types\/post"}],"author":[{"embeddable":true,"href":"https:\/\/sgvaimudar.com.br\/index.php\/wp-json\/wp\/v2\/users\/5"}],"replies":[{"embeddable":true,"href":"https:\/\/sgvaimudar.com.br\/index.php\/wp-json\/wp\/v2\/comments?post=23768"}],"version-history":[{"count":1,"href":"https:\/\/sgvaimudar.com.br\/index.php\/wp-json\/wp\/v2\/posts\/23768\/revisions"}],"predecessor-version":[{"id":23771,"href":"https:\/\/sgvaimudar.com.br\/index.php\/wp-json\/wp\/v2\/posts\/23768\/revisions\/23771"}],"wp:featuredmedia":[{"embeddable":true,"href":"https:\/\/sgvaimudar.com.br\/index.php\/wp-json\/wp\/v2\/media\/23769"}],"wp:attachment":[{"href":"https:\/\/sgvaimudar.com.br\/index.php\/wp-json\/wp\/v2\/media?parent=23768"}],"wp:term":[{"taxonomy":"category","embeddable":true,"href":"https:\/\/sgvaimudar.com.br\/index.php\/wp-json\/wp\/v2\/categories?post=23768"},{"taxonomy":"post_tag","embeddable":true,"href":"https:\/\/sgvaimudar.com.br\/index.php\/wp-json\/wp\/v2\/tags?post=23768"}],"curies":[{"name":"wp","href":"https:\/\/api.w.org\/{rel}","templated":true}]}}