{"id":23711,"date":"2025-04-17T09:59:00","date_gmt":"2025-04-17T12:59:00","guid":{"rendered":"https:\/\/sgvaimudar.com.br\/?p=23711"},"modified":"2025-04-17T09:01:36","modified_gmt":"2025-04-17T12:01:36","slug":"alivio-no-bolso-apos-reducao-das-tarifas-barcas-batem-recorde-de-passageiros-em-quatro-linhas","status":"publish","type":"post","link":"https:\/\/sgvaimudar.com.br\/index.php\/2025\/04\/17\/alivio-no-bolso-apos-reducao-das-tarifas-barcas-batem-recorde-de-passageiros-em-quatro-linhas\/","title":{"rendered":"Al\u00edvio no bolso: Ap\u00f3s redu\u00e7\u00e3o das tarifas, barcas batem recorde de passageiros em quatro linhas"},"content":{"rendered":"\n<p><em>Mais de 52 mil pessoas foram transportadas na \u00faltima ter\u00e7a-feira (15\/04), 14% a mais do que a m\u00e9dia de 2024<\/em><\/p>\n\n\n\n<p>O transporte aquavi\u00e1rio do Rio de Janeiro bateu recorde de passageiros transportados desde a entrada do cons\u00f3rcio Barcas Rio, em 12 de fevereiro, com maior controle do Governo do Estado sobre os servi\u00e7os. Nesta ter\u00e7a-feira (15), foram transportadas 52.707 pessoas nas linhas de Charitas, Arariboia, Cocot\u00e1 e Paquet\u00e1. A m\u00e9dia di\u00e1ria, em 2024, foi de 46.252 passageiros, representando um aumento de 14%.<\/p>\n\n\n\n<p>&#8211; \u00a0A redu\u00e7\u00e3o das tarifas, um m\u00eas depois da troca de operador, mostra que o transporte aquavi\u00e1rio \u00e9 vi\u00e1vel quando bem administrado. Estamos trabalhando para, em breve, incluir outras melhorias no servi\u00e7o, para proporcionar ainda mais conforto aos passageiros. Mas a mudan\u00e7a j\u00e1 come\u00e7ou. O fundamental \u00e9 que a redu\u00e7\u00e3o da passagem est\u00e1 aliviando o peso do transporte no bolso do trabalhador &#8211; afirmou o governador Cl\u00e1udio Castro.<br><br>Em mar\u00e7o, a Secretaria de Estado de Transporte e Mobilidade Urbana (Setram) anunciou a redu\u00e7\u00e3o da tarifa da linha Charitas \u2013 Pra\u00e7a XV, de R$ 21 para R$ 7,70, por meio de um conv\u00eanio com a Prefeitura de Niter\u00f3i; e dos trechos Arariboia \u2013 Pra\u00e7a XV, Cocot\u00e1 \u2013 Pra\u00e7a XV e Paquet\u00e1 \u2013 Pra\u00e7a XV, de R$ 7,70 para R$ 4,70, que representou o passo inicial do Governo do Estado em busca da defini\u00e7\u00e3o de uma tarifa p\u00fablica de transportes mais justa e acess\u00edvel para a popula\u00e7\u00e3o.<\/p>\n\n\n\n<p>&#8211; &nbsp;O Estado j\u00e1 come\u00e7ou a mudar a realidade dos usu\u00e1rios. O novo recorde prova que a redu\u00e7\u00e3o das tarifas foi positiva e atraiu mais passageiros para o sistema. Com a nova fase do transporte, onde o Estado tem maior controle sobre a opera\u00e7\u00e3o, podemos definir medidas que tragam mais qualidade aos deslocamentos e beneficiem os milhares de passageiros que fazem a travessia pela Ba\u00eda de Guanabara todos os dias. N\u00e3o vamos parar de buscar melhorias para quem depende das barcas \u2013 disse o secret\u00e1rio de Transporte e Mobilidade Urbana, Washington Reis.<\/p>\n\n\n\n<p>A linha Charitas tamb\u00e9m registrou o seu maior fluxo, com 7.187 pessoas. No ano passado, a movimenta\u00e7\u00e3o di\u00e1ria era de 3.500 pessoas. O aumento ultrapassa 105%.<\/p>\n\n\n\n<p>Para quem pagava a tarifa cheia na linha Charitas, a economia \u00e9 de mais de R$ 580 por m\u00eas, considerando 22 viagens (ida e volta) no per\u00edodo. Nas demais linhas, a redu\u00e7\u00e3o representou uma economia de R$ 132 por m\u00eas, o equivalente a quase 9% do sal\u00e1rio m\u00ednimo.<\/p>\n\n\n\n<p><strong><em>S\u00e3o Gon\u00e7alo vai mudar: Not\u00edcias de S\u00e3o Gon\u00e7alo e toda regi\u00e3o.<\/em><\/strong><\/p>\n\n\n\n<figure class=\"wp-block-image size-large\"><img fetchpriority=\"high\" decoding=\"async\" width=\"1024\" height=\"252\" src=\"https:\/\/sgvaimudar.com.br\/wp-content\/uploads\/2025\/03\/Anuncie-Aqui-Sao-Goncalo-vai-mudar-1024x252.jpg\" alt=\"\" class=\"wp-image-22693\" srcset=\"https:\/\/sgvaimudar.com.br\/wp-content\/uploads\/2025\/03\/Anuncie-Aqui-Sao-Goncalo-vai-mudar-1024x252.jpg 1024w, https:\/\/sgvaimudar.com.br\/wp-content\/uploads\/2025\/03\/Anuncie-Aqui-Sao-Goncalo-vai-mudar-300x74.jpg 300w, https:\/\/sgvaimudar.com.br\/wp-content\/uploads\/2025\/03\/Anuncie-Aqui-Sao-Goncalo-vai-mudar-768x189.jpg 768w, https:\/\/sgvaimudar.com.br\/wp-content\/uploads\/2025\/03\/Anuncie-Aqui-Sao-Goncalo-vai-mudar-1536x378.jpg 1536w, https:\/\/sgvaimudar.com.br\/wp-content\/uploads\/2025\/03\/Anuncie-Aqui-Sao-Goncalo-vai-mudar-2048x504.jpg 2048w\" sizes=\"(max-width: 1024px) 100vw, 1024px\" \/><\/figure>\n","protected":false},"excerpt":{"rendered":"<p>Mais de 52 mil pessoas foram transportadas na \u00faltima ter\u00e7a-feira (15\/04), 14% a mais do que a m\u00e9dia de 2024&hellip;<\/p>\n","protected":false},"author":5,"featured_media":23712,"comment_status":"open","ping_status":"open","sticky":false,"template":"","format":"standard","meta":{"fifu_image_url":"","fifu_image_alt":"","footnotes":""},"categories":[36],"tags":[47,75],"class_list":["post-23711","post","type-post","status-publish","format-standard","has-post-thumbnail","hentry","category-bem-estar","tag-rj","tag-sao-goncalo"],"_links":{"self":[{"href":"https:\/\/sgvaimudar.com.br\/index.php\/wp-json\/wp\/v2\/posts\/23711","targetHints":{"allow":["GET"]}}],"collection":[{"href":"https:\/\/sgvaimudar.com.br\/index.php\/wp-json\/wp\/v2\/posts"}],"about":[{"href":"https:\/\/sgvaimudar.com.br\/index.php\/wp-json\/wp\/v2\/types\/post"}],"author":[{"embeddable":true,"href":"https:\/\/sgvaimudar.com.br\/index.php\/wp-json\/wp\/v2\/users\/5"}],"replies":[{"embeddable":true,"href":"https:\/\/sgvaimudar.com.br\/index.php\/wp-json\/wp\/v2\/comments?post=23711"}],"version-history":[{"count":1,"href":"https:\/\/sgvaimudar.com.br\/index.php\/wp-json\/wp\/v2\/posts\/23711\/revisions"}],"predecessor-version":[{"id":23713,"href":"https:\/\/sgvaimudar.com.br\/index.php\/wp-json\/wp\/v2\/posts\/23711\/revisions\/23713"}],"wp:featuredmedia":[{"embeddable":true,"href":"https:\/\/sgvaimudar.com.br\/index.php\/wp-json\/wp\/v2\/media\/23712"}],"wp:attachment":[{"href":"https:\/\/sgvaimudar.com.br\/index.php\/wp-json\/wp\/v2\/media?parent=23711"}],"wp:term":[{"taxonomy":"category","embeddable":true,"href":"https:\/\/sgvaimudar.com.br\/index.php\/wp-json\/wp\/v2\/categories?post=23711"},{"taxonomy":"post_tag","embeddable":true,"href":"https:\/\/sgvaimudar.com.br\/index.php\/wp-json\/wp\/v2\/tags?post=23711"}],"curies":[{"name":"wp","href":"https:\/\/api.w.org\/{rel}","templated":true}]}}