{"id":23671,"date":"2025-04-16T14:00:00","date_gmt":"2025-04-16T17:00:00","guid":{"rendered":"https:\/\/sgvaimudar.com.br\/?p=23671"},"modified":"2025-04-16T08:49:42","modified_gmt":"2025-04-16T11:49:42","slug":"profissionais-do-hospital-conde-modesto-leal-divulgaram-trabalhos-em-congresso-internacional","status":"publish","type":"post","link":"https:\/\/sgvaimudar.com.br\/index.php\/2025\/04\/16\/profissionais-do-hospital-conde-modesto-leal-divulgaram-trabalhos-em-congresso-internacional\/","title":{"rendered":"Profissionais do Hospital Conde Modesto Leal divulgaram trabalhos em congresso internacional"},"content":{"rendered":"\n<p><em>Estudos sobre seguran\u00e7a do paciente foram aprovados em evento realizado na UERJ, destacando o cuidado oferecido na unidade<br><\/em><br>A Prefeitura de Maric\u00e1, por meio da Secretaria de Sa\u00fade, marcou presen\u00e7a no IV Congresso Internacional da Rede Brasileira de Enfermagem e Seguran\u00e7a do Paciente (REBRAENSP), realizado recentemente na Universidade do Estado do Rio de Janeiro (UERJ).\u00a0<\/p>\n\n\n\n<p>A iniciativa contou com a divulga\u00e7\u00e3o de quatro trabalhos elaborados por profissionais do Hospital Municipal Conde Modesto Leal, principal unidade de Urg\u00eancia e Emerg\u00eancia da cidade, que foram aprovados e publicados na categoria \u201cRelato de Experi\u00eancia\u201d.<\/p>\n\n\n\n<p>O evento reuniu especialistas de todo o pa\u00eds e do exterior para discutir boas pr\u00e1ticas assistenciais no Sistema \u00danico de Sa\u00fade (SUS), com foco na seguran\u00e7a do paciente, sustentabilidade e inova\u00e7\u00e3o. <\/p>\n\n\n\n<p>Com os estudos cient\u00edficos realizados pelos profissionais de Maric\u00e1, \u00e9 destacada a assist\u00eancia qualificada e baseada em boas pr\u00e1ticas oferecida aos usu\u00e1rios no Hospital Conde Modesto Leal, buscando fortalecer um cuidado humanizado e que disponibilize \u00e0 popula\u00e7\u00e3o um atendimento seguro.<\/p>\n\n\n\n<p>Para representar os trabalhos da Sa\u00fade de Maric\u00e1 aprovados no congresso, participaram: a coordenadora de enfermagem do Hospital Conde Modesto Leal, Simone Del Rosse, a coordenadora de cl\u00ednica m\u00e9dica, Lilian Shio, a supervisora de Qualidade da unidade, Camila Oliveira, al\u00e9m dos m\u00e9dicos Gabriel Cimada, &nbsp;Julia Beatriz de Oliveira e Paula Nideck. Os relatos apresentaram diferentes eixos tem\u00e1ticos, refletindo a diversidade de a\u00e7\u00f5es e a expertise t\u00e9cnica aplicada no hospital.<\/p>\n\n\n\n<p>O secret\u00e1rio de Sa\u00fade, Marcelo Velho, garantiu que a gest\u00e3o est\u00e1 comprometida em fortalecer os cuidados oferecidos e os trabalhos apresentados refor\u00e7am essa dedica\u00e7\u00e3o.<\/p>\n\n\n\n<p>\u201cEstamos investindo continuamente em qualificar o cuidado oferecido \u00e0 popula\u00e7\u00e3o nas unidades de sa\u00fade do munic\u00edpio e os trabalhos cient\u00edficos atestam as a\u00e7\u00f5es desenvolvidas. Com a participa\u00e7\u00e3o no Congresso Internacional da Rede Brasileira de Enfermagem e Seguran\u00e7a do Paciente, refor\u00e7amos o compromisso dos profissionais do Hospital Conde Modesto Leal com boas pr\u00e1ticas e iniciativas que tornam os atendimentos ainda melhores\u201d, afirmou.<\/p>\n\n\n\n<p>A diretora de enfermagem do Hospital Municipal Conde Modesto Leal, Nelcimar Gomes, expressou sua alegria pela participa\u00e7\u00e3o dos profissionais no congresso, destacando que os trabalhos divulgados evidenciam melhorias na assist\u00eancia e na seguran\u00e7a do paciente.<\/p>\n\n\n\n<p>\u201cVer a aprova\u00e7\u00e3o e o reconhecimento dos trabalhos de nossas equipes em um evento t\u00e3o importante confirma que estamos no caminho certo, focando na excel\u00eancia, humaniza\u00e7\u00e3o e seguran\u00e7a na assist\u00eancia. Parabenizo a dedica\u00e7\u00e3o e o compromisso de cada um, representando a busca pela evolu\u00e7\u00e3o cont\u00ednua da sa\u00fade p\u00fablica em Maric\u00e1. Seguiremos firmes com o compromisso de construir boas pr\u00e1ticas que elevem cada vez mais a qualidade dos servi\u00e7os prestados\u201d, refor\u00e7ou.<\/p>\n\n\n\n<p><strong>Estudos ressaltam o cuidado com seguran\u00e7a e efici\u00eancia<br><\/strong><br>O primeiro trabalho divulgado no evento, intitulado \u201cPromo\u00e7\u00e3o da Seguran\u00e7a em Cuidados Paliativos: Relato de Experi\u00eancia na Ado\u00e7\u00e3o da Hipoderm\u00f3clise\u201d, destacou a implementa\u00e7\u00e3o da t\u00e9cnica de administra\u00e7\u00e3o subcut\u00e2nea de medicamentos em pacientes paliativos como alternativa menos invasiva e mais segura que os m\u00e9todos tradicionais. O estudo evidenciou o impacto positivo da hipoderm\u00f3clise na redu\u00e7\u00e3o de infec\u00e7\u00f5es e desconforto, a partir da estrutura\u00e7\u00e3o de protocolos, capacita\u00e7\u00e3o de 67 profissionais e assist\u00eancia a 82 pacientes.<\/p>\n\n\n\n<p>J\u00e1 o segundo trabalho, nomeado \u201cImplementa\u00e7\u00e3o de Estrat\u00e9gias de Seguran\u00e7a de Pacientes da Sa\u00fade Mental em um Hospital Geral\u201d, abordou os desafios da interna\u00e7\u00e3o psiqui\u00e1trica. A equipe relatou a aplica\u00e7\u00e3o de medidas como substitui\u00e7\u00e3o de objetos potencialmente perigosos, presen\u00e7a cont\u00ednua de profissionais e ajustes estruturais nos leitos de sa\u00fade mental do Hospital Conde Modesto Leal. Essas estrat\u00e9gias reduziram os epis\u00f3dios de agressividade e auto agress\u00e3o, demonstrando que interven\u00e7\u00f5es simples e direcionadas podem gerar impactos significativos.<\/p>\n\n\n\n<p>A terceira produ\u00e7\u00e3o, \u201cTerm\u00f4metro Infravermelho: Detec\u00e7\u00e3o de Febre e Impactos na Seguran\u00e7a do Paciente Ap\u00f3s Pandemia de COVID-19\u201d, discutiu a confiabilidade dos dispositivos infravermelhos em ambientes hospitalares. A partir de um caso cl\u00ednico, o relato demonstrou como a imprecis\u00e3o na aferi\u00e7\u00e3o da temperatura corporal pode atrasar o diagn\u00f3stico de condi\u00e7\u00f5es graves. O estudo destacou o papel da tecnologia adequada na preven\u00e7\u00e3o de riscos e na tomada de decis\u00f5es cl\u00ednicas seguras.<\/p>\n\n\n\n<p>Para concluir o conjunto de trabalhos publicados, o estudo \u201cEstrutura\u00e7\u00e3o de uma Comiss\u00e3o de Cuidados Paliativos: Um Relato de Experi\u00eancia\u201d narrou a cria\u00e7\u00e3o e os impactos da Comiss\u00e3o de Cuidados Paliativos (CCPali) no hospital. Em apenas um ano, a comiss\u00e3o realizou 488 pareceres, 70 confer\u00eancias familiares e elaborou 44 relat\u00f3rios de alta para cuidados domiciliares. A iniciativa mostrou como a organiza\u00e7\u00e3o de fluxos, capacita\u00e7\u00e3o da equipe e atua\u00e7\u00e3o interdisciplinar s\u00e3o fundamentais para oferecer uma assist\u00eancia digna, respeitosa e centrada no paciente.<\/p>\n\n\n\n<p><strong><em>S\u00e3o Gon\u00e7alo vai mudar: Not\u00edcias de S\u00e3o Gon\u00e7alo e toda regi\u00e3o.<\/em><\/strong><\/p>\n\n\n\n<figure class=\"wp-block-image size-large\"><img fetchpriority=\"high\" decoding=\"async\" width=\"1024\" height=\"252\" src=\"https:\/\/sgvaimudar.com.br\/wp-content\/uploads\/2023\/10\/Anuncie-Aqui-Sao-Goncalo-vai-mudar-2-1024x252.jpg\" alt=\"\" class=\"wp-image-3625\" srcset=\"https:\/\/sgvaimudar.com.br\/wp-content\/uploads\/2023\/10\/Anuncie-Aqui-Sao-Goncalo-vai-mudar-2-1024x252.jpg 1024w, https:\/\/sgvaimudar.com.br\/wp-content\/uploads\/2023\/10\/Anuncie-Aqui-Sao-Goncalo-vai-mudar-2-300x74.jpg 300w, https:\/\/sgvaimudar.com.br\/wp-content\/uploads\/2023\/10\/Anuncie-Aqui-Sao-Goncalo-vai-mudar-2-768x189.jpg 768w, https:\/\/sgvaimudar.com.br\/wp-content\/uploads\/2023\/10\/Anuncie-Aqui-Sao-Goncalo-vai-mudar-2-1536x378.jpg 1536w, https:\/\/sgvaimudar.com.br\/wp-content\/uploads\/2023\/10\/Anuncie-Aqui-Sao-Goncalo-vai-mudar-2-2048x504.jpg 2048w\" sizes=\"(max-width: 1024px) 100vw, 1024px\" \/><\/figure>\n","protected":false},"excerpt":{"rendered":"<p>Estudos sobre seguran\u00e7a do paciente foram aprovados em evento realizado na UERJ, destacando o cuidado oferecido na unidadeA Prefeitura de&hellip;<\/p>\n","protected":false},"author":5,"featured_media":23672,"comment_status":"open","ping_status":"open","sticky":false,"template":"","format":"standard","meta":{"fifu_image_url":"","fifu_image_alt":"","footnotes":""},"categories":[7],"tags":[47],"class_list":["post-23671","post","type-post","status-publish","format-standard","has-post-thumbnail","hentry","category-saude","tag-rj"],"_links":{"self":[{"href":"https:\/\/sgvaimudar.com.br\/index.php\/wp-json\/wp\/v2\/posts\/23671","targetHints":{"allow":["GET"]}}],"collection":[{"href":"https:\/\/sgvaimudar.com.br\/index.php\/wp-json\/wp\/v2\/posts"}],"about":[{"href":"https:\/\/sgvaimudar.com.br\/index.php\/wp-json\/wp\/v2\/types\/post"}],"author":[{"embeddable":true,"href":"https:\/\/sgvaimudar.com.br\/index.php\/wp-json\/wp\/v2\/users\/5"}],"replies":[{"embeddable":true,"href":"https:\/\/sgvaimudar.com.br\/index.php\/wp-json\/wp\/v2\/comments?post=23671"}],"version-history":[{"count":1,"href":"https:\/\/sgvaimudar.com.br\/index.php\/wp-json\/wp\/v2\/posts\/23671\/revisions"}],"predecessor-version":[{"id":23673,"href":"https:\/\/sgvaimudar.com.br\/index.php\/wp-json\/wp\/v2\/posts\/23671\/revisions\/23673"}],"wp:featuredmedia":[{"embeddable":true,"href":"https:\/\/sgvaimudar.com.br\/index.php\/wp-json\/wp\/v2\/media\/23672"}],"wp:attachment":[{"href":"https:\/\/sgvaimudar.com.br\/index.php\/wp-json\/wp\/v2\/media?parent=23671"}],"wp:term":[{"taxonomy":"category","embeddable":true,"href":"https:\/\/sgvaimudar.com.br\/index.php\/wp-json\/wp\/v2\/categories?post=23671"},{"taxonomy":"post_tag","embeddable":true,"href":"https:\/\/sgvaimudar.com.br\/index.php\/wp-json\/wp\/v2\/tags?post=23671"}],"curies":[{"name":"wp","href":"https:\/\/api.w.org\/{rel}","templated":true}]}}