{"id":23668,"date":"2025-04-16T13:00:00","date_gmt":"2025-04-16T16:00:00","guid":{"rendered":"https:\/\/sgvaimudar.com.br\/?p=23668"},"modified":"2025-04-16T08:45:28","modified_gmt":"2025-04-16T11:45:28","slug":"camara-do-rio-aprova-uso-de-armas-de-fogo-pela-guarda-municipal","status":"publish","type":"post","link":"https:\/\/sgvaimudar.com.br\/index.php\/2025\/04\/16\/camara-do-rio-aprova-uso-de-armas-de-fogo-pela-guarda-municipal\/","title":{"rendered":"C\u00e2mara do Rio aprova uso de armas de fogo pela Guarda Municipal"},"content":{"rendered":"\n<p>Com vota\u00e7\u00e3o expressiva, vereadores modificam a Lei Org\u00e2nica e abrem caminho para armamento da corpora\u00e7\u00e3o<\/p>\n\n\n\n<p>A C\u00e2mara Municipal do Rio aprovou, na tarde desta ter\u00e7a-feira (15), em segunda discuss\u00e3o, a proposta de emenda \u00e0 Lei Org\u00e2nica Municipal (Pelom 23-A\/2018), que autoriza o uso de armas de fogo por agentes da Guarda Municipal. O projeto, que j\u00e1 havia sido aprovado em primeira vota\u00e7\u00e3o no \u00faltimo dia 1\u00ba de abril, recebeu 43 votos favor\u00e1veis e 7 contr\u00e1rios nesta etapa decisiva.<\/p>\n\n\n\n<p>Com a aprova\u00e7\u00e3o, a emenda n\u00e3o precisa da san\u00e7\u00e3o do prefeito Eduardo Paes (PSD). A medida modifica a Lei Org\u00e2nica do Munic\u00edpio, a principal norma que rege a administra\u00e7\u00e3o p\u00fablica da capital fluminense.<\/p>\n\n\n\n<p>Apesar da mudan\u00e7a, a libera\u00e7\u00e3o do armamento n\u00e3o ser\u00e1 imediata. Um Projeto de Lei Complementar ainda precisa ser votado para definir as regras de uso das armas pela Guarda. Este ponto ainda gera diverg\u00eancia entre os parlamentares. A previs\u00e3o \u00e9 de que\u00a0essa regulamenta\u00e7\u00e3o seja aprovada at\u00e9 o final de junho.<\/p>\n\n\n\n<p>O texto aprovado tem como base uma proposta original do Executivo e contou com coautoria de todas as comiss\u00f5es permanentes da C\u00e2mara. O substitutivo apresentado pelo vereador Dr. Gilberto (Solidariedade) determina que os guardas municipais passem por treinamento espec\u00edfico e possam utilizar armamentos n\u00e3o letais, com o objetivo de conter agress\u00f5es de forma proporcional.<\/p>\n\n\n\n<p>A nova reda\u00e7\u00e3o prev\u00ea que a Guarda Municipal atue com armamento em a\u00e7\u00f5es de seguran\u00e7a p\u00fablica, incluindo policiamento ostensivo, preventivo e comunit\u00e1rio \u2014 sempre respeitando as atribui\u00e7\u00f5es legais dos demais \u00f3rg\u00e3os de seguran\u00e7a, como as pol\u00edcias Civil e Militar.<\/p>\n\n\n\n<p>Na primeira vota\u00e7\u00e3o, os votos contr\u00e1rios foram concentrados entre os vereadores do PT e do Psol. Rosa Fernandes (PSD) foi a \u00fanica parlamentar a se abster entre os 51 vereadores presentes naquela sess\u00e3o.<\/p>\n\n\n\n<p><strong><em>Fa\u00e7a sua den\u00fancia pelo nosso WhatsApp: (21) <\/em><\/strong><strong><em>99744 5345<\/em><\/strong><strong><em><\/em><\/strong><\/p>\n\n\n\n<p><strong><em>S\u00e3o Gon\u00e7alo vai mudar: Not\u00edcias de S\u00e3o Gon\u00e7alo e toda regi\u00e3o.<\/em><\/strong><\/p>\n\n\n\n<figure class=\"wp-block-image size-large\"><img fetchpriority=\"high\" decoding=\"async\" width=\"1024\" height=\"252\" src=\"https:\/\/sgvaimudar.com.br\/wp-content\/uploads\/2025\/03\/Anuncie-Aqui-Sao-Goncalo-vai-mudar-1024x252.jpg\" alt=\"\" class=\"wp-image-22693\" srcset=\"https:\/\/sgvaimudar.com.br\/wp-content\/uploads\/2025\/03\/Anuncie-Aqui-Sao-Goncalo-vai-mudar-1024x252.jpg 1024w, https:\/\/sgvaimudar.com.br\/wp-content\/uploads\/2025\/03\/Anuncie-Aqui-Sao-Goncalo-vai-mudar-300x74.jpg 300w, https:\/\/sgvaimudar.com.br\/wp-content\/uploads\/2025\/03\/Anuncie-Aqui-Sao-Goncalo-vai-mudar-768x189.jpg 768w, https:\/\/sgvaimudar.com.br\/wp-content\/uploads\/2025\/03\/Anuncie-Aqui-Sao-Goncalo-vai-mudar-1536x378.jpg 1536w, https:\/\/sgvaimudar.com.br\/wp-content\/uploads\/2025\/03\/Anuncie-Aqui-Sao-Goncalo-vai-mudar-2048x504.jpg 2048w\" sizes=\"(max-width: 1024px) 100vw, 1024px\" \/><\/figure>\n","protected":false},"excerpt":{"rendered":"<p>Com vota\u00e7\u00e3o expressiva, vereadores modificam a Lei Org\u00e2nica e abrem caminho para armamento da corpora\u00e7\u00e3o A C\u00e2mara Municipal do Rio&hellip;<\/p>\n","protected":false},"author":5,"featured_media":23669,"comment_status":"open","ping_status":"open","sticky":false,"template":"","format":"standard","meta":{"fifu_image_url":"","fifu_image_alt":"","footnotes":""},"categories":[32],"tags":[39,41,40,47],"class_list":["post-23668","post","type-post","status-publish","format-standard","has-post-thumbnail","hentry","category-casos-de-policia","tag-ataque","tag-conflito","tag-guerra","tag-rj"],"_links":{"self":[{"href":"https:\/\/sgvaimudar.com.br\/index.php\/wp-json\/wp\/v2\/posts\/23668","targetHints":{"allow":["GET"]}}],"collection":[{"href":"https:\/\/sgvaimudar.com.br\/index.php\/wp-json\/wp\/v2\/posts"}],"about":[{"href":"https:\/\/sgvaimudar.com.br\/index.php\/wp-json\/wp\/v2\/types\/post"}],"author":[{"embeddable":true,"href":"https:\/\/sgvaimudar.com.br\/index.php\/wp-json\/wp\/v2\/users\/5"}],"replies":[{"embeddable":true,"href":"https:\/\/sgvaimudar.com.br\/index.php\/wp-json\/wp\/v2\/comments?post=23668"}],"version-history":[{"count":1,"href":"https:\/\/sgvaimudar.com.br\/index.php\/wp-json\/wp\/v2\/posts\/23668\/revisions"}],"predecessor-version":[{"id":23670,"href":"https:\/\/sgvaimudar.com.br\/index.php\/wp-json\/wp\/v2\/posts\/23668\/revisions\/23670"}],"wp:featuredmedia":[{"embeddable":true,"href":"https:\/\/sgvaimudar.com.br\/index.php\/wp-json\/wp\/v2\/media\/23669"}],"wp:attachment":[{"href":"https:\/\/sgvaimudar.com.br\/index.php\/wp-json\/wp\/v2\/media?parent=23668"}],"wp:term":[{"taxonomy":"category","embeddable":true,"href":"https:\/\/sgvaimudar.com.br\/index.php\/wp-json\/wp\/v2\/categories?post=23668"},{"taxonomy":"post_tag","embeddable":true,"href":"https:\/\/sgvaimudar.com.br\/index.php\/wp-json\/wp\/v2\/tags?post=23668"}],"curies":[{"name":"wp","href":"https:\/\/api.w.org\/{rel}","templated":true}]}}