{"id":23629,"date":"2025-04-15T19:00:00","date_gmt":"2025-04-15T22:00:00","guid":{"rendered":"https:\/\/sgvaimudar.com.br\/?p=23629"},"modified":"2025-04-15T10:47:05","modified_gmt":"2025-04-15T13:47:05","slug":"prefeitura-de-marica-promove-aula-com-tematica-da-pascoa-para-participantes-da-equoterapia","status":"publish","type":"post","link":"https:\/\/sgvaimudar.com.br\/index.php\/2025\/04\/15\/prefeitura-de-marica-promove-aula-com-tematica-da-pascoa-para-participantes-da-equoterapia\/","title":{"rendered":"Prefeitura de Maric\u00e1 promove aula com tem\u00e1tica da P\u00e1scoa para participantes da equoterapia"},"content":{"rendered":"\n<p><em>A\u00e7\u00e3o promovida pela Secretaria da Pessoa com Defici\u00eancia e Inclus\u00e3o uniu terapia, afeto e divers\u00e3o em uma celebra\u00e7\u00e3o especial para crian\u00e7as assistidas pelo projeto<\/em><\/p>\n\n\n\n<p>A Prefeitura de Maric\u00e1, por meio da Secretaria da Pessoa com Defici\u00eancia e Inclus\u00e3o, promoveu nesta semana uma emocionante aula tem\u00e1tica de P\u00e1scoa durante a atividade de equoterapia para assistidos do projeto. Com o objetivo de unir divers\u00e3o, sensibilidade e fortalecimento de v\u00ednculos, a a\u00e7\u00e3o especial levou momentos de alegria e encantamento \u00e0s crian\u00e7as e aos adolescentes.<\/p>\n\n\n\n<p>O ambiente foi decorado com coelhinhos, ovos coloridos e enfeites l\u00fadicos, criando uma atmosfera acolhedora e festiva. Al\u00e9m do trabalho terap\u00eautico com os cavalos \u2014 que estimula o desenvolvimento f\u00edsico, emocional e cognitivo \u2014 os participantes puderam interagir em din\u00e2micas alusivas \u00e0 P\u00e1scoa, com direito a ca\u00e7a aos ovos.<\/p>\n\n\n\n<p>Uma das fisioterapeutas do projeto, Ra\u00edssa Ferreira, destacou a import\u00e2ncia de a\u00e7\u00f5es como essa. \u201cCada detalhe foi pensado com carinho para promover uma experi\u00eancia inclusiva, afetiva e divertida\u201d, disse. J\u00e1 a psic\u00f3loga Gleice Santos ressaltou os tipos de solos trabalhados (internos e externos) e suas fun\u00e7\u00f5es. \u201cNessa atividade, estimulamos o desenvolvimento da coordena\u00e7\u00e3o motora, o est\u00edmulo dos sentidos e o equil\u00edbrio\u201d, explicou a fisioterapeuta.<\/p>\n\n\n\n<p>Davi Souza, de 6 anos, um dos alunos atendidos pelo programa, se mostrou animado com a atividade e com seu cavalo preferido. \u201cAdoro as aulas com o Top! Ele \u00e9 meu amigo e eu fico feliz quando venho aqui\u201d, comemorou, com um sorriso no rosto.<\/p>\n\n\n\n<p>M\u00e3e do menino, Denise Souza Silva, moradora do bairro Flamengo, ficou emocionada ao falar sobre os avan\u00e7os do filho desde o in\u00edcio do tratamento. \u201cA terapia ajudou e mudou a vida do meu filho. Ele est\u00e1 mais confiante, com mais equil\u00edbrio, e a alegria dele nas aulas \u00e9 vis\u00edvel. Sou muito grata por esse projeto\u201d, disse.<\/p>\n\n\n\n<p><strong>\u00a0Sobre o programa<\/strong><br>O programa, que atende 63 pessoas entre 3 e 21 anos, utiliza o cavalo como agente terap\u00eautico, proporcionando benef\u00edcios f\u00edsicos, emocionais e sociais. Realizado em parceria com o Centro de Treinamento Horse Center, o atendimento acontece de segunda a sexta-feira, das 8h \u00e0s 17h, no Espraiado, com acompanhamento especializado e quatro cavalos treinados para a terapia. Gratuito, o tratamento tem dura\u00e7\u00e3o de dois anos para cada participante, garantindo um acompanhamento cont\u00ednuo e personalizado.<\/p>\n\n\n\n<p>Destinado a indiv\u00edduos com especifica\u00e7\u00f5es f\u00edsicas, motoras, sensoriais e cognitivas, o programa visa melhorar a mobilidade, a progress\u00e3o motora e o equil\u00edbrio, al\u00e9m de promover o bem-estar psicol\u00f3gico, o fortalecimento da autoestima e momentos de lazer, atrav\u00e9s de uma abordagem interdisciplinar utilizando atividades l\u00fadicas e os est\u00edmulos sens\u00f3rio-motores oriundos do movimento terap\u00eautico do cavalo.<\/p>\n\n\n\n<p>A metodologia \u00e9 conduzida por uma equipe multidisciplinar, composta por fisioterapeutas, fonoaudi\u00f3logo e psic\u00f3logos. O assistente social atua junto \u00e0 fam\u00edlia no processo de acolhimento, escuta, fortalecimento de v\u00ednculos e encaminhamento para a rede de servi\u00e7os socioassistenciais, garantindo que cada participante receba o acompanhamento adequado \u00e0s suas necessidades.<\/p>\n\n\n\n<p>Pessoas com defici\u00eancia ou necessidades especiais com os seguintes diagn\u00f3sticos podem ser atendidas: patologias ortop\u00e9dicas (como altera\u00e7\u00f5es posturais), malforma\u00e7\u00f5es cong\u00eanitas, espondilite anquilosante, artrose, s\u00edndromes neurol\u00f3gicas, patologias neuromusculares (como autismo, s\u00edndrome de Down, s\u00edndrome de West, s\u00edndrome de Rett, poliomielite e encefalopatia cr\u00f4nica da inf\u00e2ncia), defici\u00eancia visual e auditiva, al\u00e9m de patologias cardiovasculares, respirat\u00f3rias, dist\u00farbios de aprendizagem, comportamentais, altera\u00e7\u00f5es no desenvolvimento motor e hiperatividade.<\/p>\n\n\n\n<p><em>Foto: Katito Carvalho<\/em><\/p>\n\n\n\n<p><strong><em>#S\u00c3OGON\u00c7ALOVAIMUDAR<\/em><\/strong><\/p>\n\n\n\n<figure class=\"wp-block-image size-large\"><img fetchpriority=\"high\" decoding=\"async\" width=\"1024\" height=\"252\" src=\"https:\/\/sgvaimudar.com.br\/wp-content\/uploads\/2025\/03\/Anuncie-Aqui-Sao-Goncalo-vai-mudar-1024x252.jpg\" alt=\"\" class=\"wp-image-22693\" srcset=\"https:\/\/sgvaimudar.com.br\/wp-content\/uploads\/2025\/03\/Anuncie-Aqui-Sao-Goncalo-vai-mudar-1024x252.jpg 1024w, https:\/\/sgvaimudar.com.br\/wp-content\/uploads\/2025\/03\/Anuncie-Aqui-Sao-Goncalo-vai-mudar-300x74.jpg 300w, https:\/\/sgvaimudar.com.br\/wp-content\/uploads\/2025\/03\/Anuncie-Aqui-Sao-Goncalo-vai-mudar-768x189.jpg 768w, https:\/\/sgvaimudar.com.br\/wp-content\/uploads\/2025\/03\/Anuncie-Aqui-Sao-Goncalo-vai-mudar-1536x378.jpg 1536w, https:\/\/sgvaimudar.com.br\/wp-content\/uploads\/2025\/03\/Anuncie-Aqui-Sao-Goncalo-vai-mudar-2048x504.jpg 2048w\" sizes=\"(max-width: 1024px) 100vw, 1024px\" \/><\/figure>\n","protected":false},"excerpt":{"rendered":"<p>A\u00e7\u00e3o promovida pela Secretaria da Pessoa com Defici\u00eancia e Inclus\u00e3o uniu terapia, afeto e divers\u00e3o em uma celebra\u00e7\u00e3o especial para&hellip;<\/p>\n","protected":false},"author":5,"featured_media":23630,"comment_status":"open","ping_status":"open","sticky":false,"template":"","format":"standard","meta":{"fifu_image_url":"","fifu_image_alt":"","footnotes":""},"categories":[7],"tags":[47],"class_list":["post-23629","post","type-post","status-publish","format-standard","has-post-thumbnail","hentry","category-saude","tag-rj"],"_links":{"self":[{"href":"https:\/\/sgvaimudar.com.br\/index.php\/wp-json\/wp\/v2\/posts\/23629","targetHints":{"allow":["GET"]}}],"collection":[{"href":"https:\/\/sgvaimudar.com.br\/index.php\/wp-json\/wp\/v2\/posts"}],"about":[{"href":"https:\/\/sgvaimudar.com.br\/index.php\/wp-json\/wp\/v2\/types\/post"}],"author":[{"embeddable":true,"href":"https:\/\/sgvaimudar.com.br\/index.php\/wp-json\/wp\/v2\/users\/5"}],"replies":[{"embeddable":true,"href":"https:\/\/sgvaimudar.com.br\/index.php\/wp-json\/wp\/v2\/comments?post=23629"}],"version-history":[{"count":2,"href":"https:\/\/sgvaimudar.com.br\/index.php\/wp-json\/wp\/v2\/posts\/23629\/revisions"}],"predecessor-version":[{"id":23633,"href":"https:\/\/sgvaimudar.com.br\/index.php\/wp-json\/wp\/v2\/posts\/23629\/revisions\/23633"}],"wp:featuredmedia":[{"embeddable":true,"href":"https:\/\/sgvaimudar.com.br\/index.php\/wp-json\/wp\/v2\/media\/23630"}],"wp:attachment":[{"href":"https:\/\/sgvaimudar.com.br\/index.php\/wp-json\/wp\/v2\/media?parent=23629"}],"wp:term":[{"taxonomy":"category","embeddable":true,"href":"https:\/\/sgvaimudar.com.br\/index.php\/wp-json\/wp\/v2\/categories?post=23629"},{"taxonomy":"post_tag","embeddable":true,"href":"https:\/\/sgvaimudar.com.br\/index.php\/wp-json\/wp\/v2\/tags?post=23629"}],"curies":[{"name":"wp","href":"https:\/\/api.w.org\/{rel}","templated":true}]}}