{"id":23626,"date":"2025-04-15T17:00:00","date_gmt":"2025-04-15T20:00:00","guid":{"rendered":"https:\/\/sgvaimudar.com.br\/?p=23626"},"modified":"2025-04-15T10:38:44","modified_gmt":"2025-04-15T13:38:44","slug":"niteroi-inicia-acao-para-vacinar-alunos-da-rede-municipal-de-ensino","status":"publish","type":"post","link":"https:\/\/sgvaimudar.com.br\/index.php\/2025\/04\/15\/niteroi-inicia-acao-para-vacinar-alunos-da-rede-municipal-de-ensino\/","title":{"rendered":"Niter\u00f3i inicia a\u00e7\u00e3o para vacinar alunos da rede municipal de ensino"},"content":{"rendered":"\n<p><em>A a\u00e7\u00e3o segue as orienta\u00e7\u00f5es do Minist\u00e9rio da Sa\u00fade em campanha nacional lan\u00e7ada na semana passada<\/em><\/p>\n\n\n\n<p>O munic\u00edpio de Niter\u00f3i iniciou, nesta segunda-feira (14), uma a\u00e7\u00e3o nas escolas para ampliar e atualizar a vacina\u00e7\u00e3o dos mais de 30 mil alunos matriculados na rede municipal de ensino, em uma parceria entre a\u00a0Secretaria Municipal de Sa\u00fade e a Secretaria Municipal de Educa\u00e7\u00e3o. <\/p>\n\n\n\n<p>A equipe da Policl\u00ednica Regional de Piratininga esteve pela manh\u00e3 na Unidade Municipal de Educa\u00e7\u00e3o Infantil (UMEI) Nina Rita para orientar a dire\u00e7\u00e3o e os professores sobre a vacina\u00e7\u00e3o contra a gripe, o sarampo,&nbsp;caxumba&nbsp;e rub\u00e9ola, entre outras doen\u00e7as. Nesse primeiro dia, os profissionais de sa\u00fade levaram informa\u00e7\u00e3o sobre a vacina\u00e7\u00e3o na escola e entregaram o termo de autoriza\u00e7\u00e3o para os pais. Ap\u00f3s avaliar a carteira de vacina\u00e7\u00e3o do aluno, a Policl\u00ednica vai separar as vacinas e agendar a data para que os pais ou respons\u00e1veis estejam presentes na escola para acompanhar a vacina\u00e7\u00e3o das crian\u00e7as.<\/p>\n\n\n\n<p>\u201cA escola tem um papel fundamental no desenvolvimento integral das crian\u00e7as, e isso inclui tamb\u00e9m o cuidado com a sa\u00fade. Por isso, essa integra\u00e7\u00e3o entre a Educa\u00e7\u00e3o e a Sa\u00fade \u00e9 fundamental para garantir o desenvolvimento saud\u00e1vel das crian\u00e7as, potencializando o aprendizado na escola. Al\u00e9m de proteger os estudantes, essa iniciativa \u00e9 mais um passo em dire\u00e7\u00e3o \u00e0 conscientiza\u00e7\u00e3o da import\u00e2ncia da vacina\u201d, afirmou o secret\u00e1rio de Educa\u00e7\u00e3o, Bira Marques.<\/p>\n\n\n\n<p>A imuniza\u00e7\u00e3o segue tamb\u00e9m dispon\u00edvel em todas as unidades b\u00e1sicas de sa\u00fade, policl\u00ednicas e unidades do Programa M\u00e9dico de Fam\u00edlia do munic\u00edpio de segunda a sexta-feira, das 8h \u00e0s 17h. Para se vacinar, os adultos devem apresentar documento de identidade. J\u00e1 menores de idade precisam levar CPF e carteira de vacina\u00e7\u00e3o.<\/p>\n\n\n\n<p>\u201cSeguindo as recomenda\u00e7\u00f5es do Minist\u00e9rio da Sa\u00fade, iniciamos essa a\u00e7\u00e3o nas escolas da rede municipal para ampliarmos a cobertura vacinal das crian\u00e7as de Niter\u00f3i. \u00c9 importante que todos os cidad\u00e3os procurem a unidade de sa\u00fade mais pr\u00f3xima de sua casa para manter a carteira de vacina\u00e7\u00e3o atualizada\u201d, disse a secret\u00e1ria de Sa\u00fade de Niter\u00f3i, Ilza Fellows.<\/p>\n\n\n\n<p>Os pais que n\u00e3o autorizarem que a vacina\u00e7\u00e3o seja feita dentro da escola poder\u00e3o buscar o posto de sa\u00fade mais pr\u00f3ximo para imunizar os filhos com as vacinas necess\u00e1rias do calend\u00e1rio vacinal. Os professores tamb\u00e9m ser\u00e3o avaliados para atualizarem as vacinas.<\/p>\n\n\n\n<p>\u201cA a\u00e7\u00e3o \u00e9 tamb\u00e9m de promo\u00e7\u00e3o \u00e0 sa\u00fade e de preven\u00e7\u00e3o de doen\u00e7as, como a dengue, entre outras. \u00c9 muito importante tamb\u00e9m vacinar os profissionais das escolas. A gente avalia, porque \u00e9 necess\u00e1rio fazer um bloqueio na escola de uma maneira geral, das crian\u00e7as e dos profissionais, para ter seguran\u00e7a do ambiente que as crian\u00e7as encontram\u201d, explicou a diretora da Policl\u00ednica Regional de Piratininga, Raquel Ribeiro.<\/p>\n\n\n\n<p>Para a diretora da UMEI Nina Rita, Gisele Coelho, a parceria entre a Educa\u00e7\u00e3o e a Sa\u00fade vem funcionando muito bem em a\u00e7\u00f5es preventivas.<\/p>\n\n\n\n<p>\u201cA gente foca em a\u00e7\u00f5es intersetoriais e percebemos como \u00e9 importante a equipe da sa\u00fade vir at\u00e9 aqui na escola, estando presente para conversar com os nossos professores. A gente vai incentivar tamb\u00e9m as fam\u00edlias para que essa vacina\u00e7\u00e3o esteja sempre em dia. Os professores tamb\u00e9m ir\u00e3o se vacinar. \u00c9 um programa fundamental e essencial para a sa\u00fade das crian\u00e7as\u201d, destacou.<\/p>\n\n\n\n<p><strong>Sarampo<\/strong>&nbsp;\u2013 Al\u00e9m da a\u00e7\u00e3o de vacina\u00e7\u00e3o na rede municipal de educa\u00e7\u00e3o, a Secretaria Municipal de Sa\u00fade tamb\u00e9m ampliar\u00e1 a vacina\u00e7\u00e3o contra o sarampo para os hospitais p\u00fablicos de Niter\u00f3i, oferecendo tamb\u00e9m imuniza\u00e7\u00e3o e o cuidado preventivo para os profissionais de sa\u00fade que atuam no munic\u00edpio. Niter\u00f3i est\u00e1 promovendo uma campanha para a popula\u00e7\u00e3o que ainda n\u00e3o tenha sido vacinada contra a doen\u00e7a. O imunizante tr\u00edplice viral, que tamb\u00e9m protege contra a caxumba e a rub\u00e9ola, est\u00e1 sendo aplicado em todas as unidades b\u00e1sicas de sa\u00fade, policl\u00ednicas e unidades do Programa M\u00e9dico de Fam\u00edlia.<br><strong><br>Dia D<\/strong><br>A campanha de vacina\u00e7\u00e3o vai at\u00e9 o dia 30 de maio e ir\u00e1 ampliar seu p\u00fablico-alvo ao longo das semanas de acordo com o recebimento de novas remessas dos imunizantes por parte do Minist\u00e9rio da Sa\u00fade repassados ao munic\u00edpio atrav\u00e9s da Secretaria de Estado de Sa\u00fade. Est\u00e1 previsto tamb\u00e9m para o pr\u00f3ximo dia 10 de maio (s\u00e1bado) um Dia D de vacina\u00e7\u00e3o contra o sarampo.<\/p>\n\n\n\n<p><strong>Sobre o sarampo<\/strong><\/p>\n\n\n\n<p>O sarampo \u00e9 uma doen\u00e7a viral altamente contagiosa, transmitida por got\u00edculas expelidas ao tossir, espirrar ou falar. Os principais sintomas incluem febre alta, tosse seca, coriza, conjuntivite, manchas brancas na mucosa da boca e manchas vermelhas que se espalham pelo corpo. A vacina\u00e7\u00e3o continua sendo a forma mais eficaz de preven\u00e7\u00e3o.<\/p>\n\n\n\n<p><strong><em>S\u00e3o Gon\u00e7alo vai mudar: Not\u00edcias de S\u00e3o Gon\u00e7alo e toda regi\u00e3o.<\/em><\/strong><\/p>\n\n\n\n<figure class=\"wp-block-image size-large\"><img fetchpriority=\"high\" decoding=\"async\" width=\"1024\" height=\"252\" src=\"https:\/\/sgvaimudar.com.br\/wp-content\/uploads\/2025\/03\/Anuncie-Aqui-Sao-Goncalo-vai-mudar-1024x252.jpg\" alt=\"\" class=\"wp-image-22693\" srcset=\"https:\/\/sgvaimudar.com.br\/wp-content\/uploads\/2025\/03\/Anuncie-Aqui-Sao-Goncalo-vai-mudar-1024x252.jpg 1024w, https:\/\/sgvaimudar.com.br\/wp-content\/uploads\/2025\/03\/Anuncie-Aqui-Sao-Goncalo-vai-mudar-300x74.jpg 300w, https:\/\/sgvaimudar.com.br\/wp-content\/uploads\/2025\/03\/Anuncie-Aqui-Sao-Goncalo-vai-mudar-768x189.jpg 768w, https:\/\/sgvaimudar.com.br\/wp-content\/uploads\/2025\/03\/Anuncie-Aqui-Sao-Goncalo-vai-mudar-1536x378.jpg 1536w, https:\/\/sgvaimudar.com.br\/wp-content\/uploads\/2025\/03\/Anuncie-Aqui-Sao-Goncalo-vai-mudar-2048x504.jpg 2048w\" sizes=\"(max-width: 1024px) 100vw, 1024px\" \/><\/figure>\n","protected":false},"excerpt":{"rendered":"<p>A a\u00e7\u00e3o segue as orienta\u00e7\u00f5es do Minist\u00e9rio da Sa\u00fade em campanha nacional lan\u00e7ada na semana passada O munic\u00edpio de Niter\u00f3i&hellip;<\/p>\n","protected":false},"author":5,"featured_media":23627,"comment_status":"open","ping_status":"open","sticky":false,"template":"","format":"standard","meta":{"fifu_image_url":"","fifu_image_alt":"","footnotes":""},"categories":[7],"tags":[47],"class_list":["post-23626","post","type-post","status-publish","format-standard","has-post-thumbnail","hentry","category-saude","tag-rj"],"_links":{"self":[{"href":"https:\/\/sgvaimudar.com.br\/index.php\/wp-json\/wp\/v2\/posts\/23626","targetHints":{"allow":["GET"]}}],"collection":[{"href":"https:\/\/sgvaimudar.com.br\/index.php\/wp-json\/wp\/v2\/posts"}],"about":[{"href":"https:\/\/sgvaimudar.com.br\/index.php\/wp-json\/wp\/v2\/types\/post"}],"author":[{"embeddable":true,"href":"https:\/\/sgvaimudar.com.br\/index.php\/wp-json\/wp\/v2\/users\/5"}],"replies":[{"embeddable":true,"href":"https:\/\/sgvaimudar.com.br\/index.php\/wp-json\/wp\/v2\/comments?post=23626"}],"version-history":[{"count":1,"href":"https:\/\/sgvaimudar.com.br\/index.php\/wp-json\/wp\/v2\/posts\/23626\/revisions"}],"predecessor-version":[{"id":23628,"href":"https:\/\/sgvaimudar.com.br\/index.php\/wp-json\/wp\/v2\/posts\/23626\/revisions\/23628"}],"wp:featuredmedia":[{"embeddable":true,"href":"https:\/\/sgvaimudar.com.br\/index.php\/wp-json\/wp\/v2\/media\/23627"}],"wp:attachment":[{"href":"https:\/\/sgvaimudar.com.br\/index.php\/wp-json\/wp\/v2\/media?parent=23626"}],"wp:term":[{"taxonomy":"category","embeddable":true,"href":"https:\/\/sgvaimudar.com.br\/index.php\/wp-json\/wp\/v2\/categories?post=23626"},{"taxonomy":"post_tag","embeddable":true,"href":"https:\/\/sgvaimudar.com.br\/index.php\/wp-json\/wp\/v2\/tags?post=23626"}],"curies":[{"name":"wp","href":"https:\/\/api.w.org\/{rel}","templated":true}]}}