{"id":23622,"date":"2025-04-15T15:00:00","date_gmt":"2025-04-15T18:00:00","guid":{"rendered":"https:\/\/sgvaimudar.com.br\/?p=23622"},"modified":"2025-04-15T10:29:34","modified_gmt":"2025-04-15T13:29:34","slug":"ame-de-itambi-reabre-apos-obras-e-reforca-atendimento-de-emergencia-24h-em-itaborai","status":"publish","type":"post","link":"https:\/\/sgvaimudar.com.br\/index.php\/2025\/04\/15\/ame-de-itambi-reabre-apos-obras-e-reforca-atendimento-de-emergencia-24h-em-itaborai\/","title":{"rendered":"AME de Itambi reabre ap\u00f3s obras e refor\u00e7a atendimento de emerg\u00eancia 24h em Itabora\u00ed"},"content":{"rendered":"\n<p>A Prefeitura de Itabora\u00ed, por meio da Secretaria Municipal de Sa\u00fade (Semsa), reabriu o Atendimento M\u00e9dico de Emerg\u00eancia (AME) de Itambi, ap\u00f3s cerca de tr\u00eas meses de obras de manuten\u00e7\u00e3o estrutural. A unidade, que funciona 24 horas por dia, voltou a operar com melhorias significativas para garantir mais conforto, seguran\u00e7a e efici\u00eancia no atendimento \u00e0 popula\u00e7\u00e3o.<\/p>\n\n\n\n<p>No \u00faltimo trimestre, o AME recebeu interven\u00e7\u00f5es completas na reconstru\u00e7\u00e3o do telhado, na parte el\u00e9trica, com instala\u00e7\u00e3o de novas lumin\u00e1rias, troca de ar-condicionado, renova\u00e7\u00e3o da sinaliza\u00e7\u00e3o interna e gr\u00e1fica, e a chegada de novas macas, longarinas e cadeiras de rodas.<\/p>\n\n\n\n<p>Uma das novidades foi a cria\u00e7\u00e3o de uma nova sala de observa\u00e7\u00e3o dedicada ao atendimento pedi\u00e1trico, refor\u00e7ando o cuidado com as crian\u00e7as da regi\u00e3o. O AME de Itambi oferece atendimento com cl\u00ednico-geral, pediatra e dentista, al\u00e9m de contar com equipes completas de enfermagem, t\u00e9cnicos de enfermagem, maqueiros e profissionais de apoio.<\/p>\n\n\n\n<p>A secret\u00e1ria municipal de Sa\u00fade, Analice Rangel, ressaltou a felicidade em acompanhar a reabertura desta unidade fundamental para o funcionamento efetivo da rede de emerg\u00eancia do munic\u00edpio.<\/p>\n\n\n\n<p>\u201cA reabertura do AME de Itambi \u00e9 uma grande conquista para a sa\u00fade de Itabora\u00ed. Trabalhamos intensamente para garantir que a unidade voltasse a funcionar com mais estrutura, conforto e seguran\u00e7a para pacientes e profissionais\u201d, afirmou a secret\u00e1ria.<\/p>\n\n\n\n<p>A unidade atende n\u00e3o apenas os moradores de Itambi, mas tamb\u00e9m pessoas de bairros vizinhos como Porto das Caixas, Visconde, Bairro Amaral, Gebara, Apollo, Marambaia, Aldeia da Prata e outras localidades.<\/p>\n\n\n\n<p>A diretora da unidade, Rog\u00e9ria Barreto, destacou que o acolhimento \u00e9 parte fundamental do trabalho.<\/p>\n\n\n\n<p>&#8220;Estamos muito felizes em reabrir o AME de Itambi com uma estrutura ainda melhor, pensando sempre no acolhimento da popula\u00e7\u00e3o. Nosso objetivo \u00e9 oferecer um atendimento humanizado e com conforto para todos que nos procuram\u201d, declarou a diretora.<\/p>\n\n\n\n<p>Os moradores da regi\u00e3o aprovaram a reestrutura\u00e7\u00e3o da unidade, que passa a funcionar com mais conforto e seguran\u00e7a. \u00c9 o caso da Margarida Souza, de 63 anos, que expressou felicidade ao ver de perto a reforma e organiza\u00e7\u00e3o do espa\u00e7o.<\/p>\n\n\n\n<p>\u201cEu estou muito feliz em ver o AME todo reformado e mais organizado. Sempre que preciso, \u00e9 aqui que venho, e agora est\u00e1 ainda melhor. Agrade\u00e7o muito \u00e0 gest\u00e3o por olhar com carinho para a nossa sa\u00fade\u201d, finalizou a aposentada.<\/p>\n\n\n\n<p>Com a reabertura do AME, a Prefeitura de Itabora\u00ed d\u00e1 mais um passo no progresso do atendimento de urg\u00eancia e emerg\u00eancia, garantindo \u00e0 popula\u00e7\u00e3o acesso r\u00e1pido e humanizado aos servi\u00e7os de sa\u00fade.<\/p>\n\n\n\n<p><strong><em>S\u00e3o Gon\u00e7alo vai mudar: Not\u00edcias de S\u00e3o Gon\u00e7alo e toda regi\u00e3o.<\/em><\/strong><\/p>\n\n\n\n<figure class=\"wp-block-image size-large\"><img fetchpriority=\"high\" decoding=\"async\" width=\"1024\" height=\"252\" src=\"https:\/\/sgvaimudar.com.br\/wp-content\/uploads\/2025\/03\/Anuncie-Aqui-Sao-Goncalo-vai-mudar-1024x252.jpg\" alt=\"\" class=\"wp-image-22693\" srcset=\"https:\/\/sgvaimudar.com.br\/wp-content\/uploads\/2025\/03\/Anuncie-Aqui-Sao-Goncalo-vai-mudar-1024x252.jpg 1024w, https:\/\/sgvaimudar.com.br\/wp-content\/uploads\/2025\/03\/Anuncie-Aqui-Sao-Goncalo-vai-mudar-300x74.jpg 300w, https:\/\/sgvaimudar.com.br\/wp-content\/uploads\/2025\/03\/Anuncie-Aqui-Sao-Goncalo-vai-mudar-768x189.jpg 768w, https:\/\/sgvaimudar.com.br\/wp-content\/uploads\/2025\/03\/Anuncie-Aqui-Sao-Goncalo-vai-mudar-1536x378.jpg 1536w, https:\/\/sgvaimudar.com.br\/wp-content\/uploads\/2025\/03\/Anuncie-Aqui-Sao-Goncalo-vai-mudar-2048x504.jpg 2048w\" sizes=\"(max-width: 1024px) 100vw, 1024px\" \/><\/figure>\n","protected":false},"excerpt":{"rendered":"<p>A Prefeitura de Itabora\u00ed, por meio da Secretaria Municipal de Sa\u00fade (Semsa), reabriu o Atendimento M\u00e9dico de Emerg\u00eancia (AME) de&hellip;<\/p>\n","protected":false},"author":5,"featured_media":23623,"comment_status":"open","ping_status":"open","sticky":false,"template":"","format":"standard","meta":{"fifu_image_url":"","fifu_image_alt":"","footnotes":""},"categories":[7],"tags":[47],"class_list":["post-23622","post","type-post","status-publish","format-standard","has-post-thumbnail","hentry","category-saude","tag-rj"],"_links":{"self":[{"href":"https:\/\/sgvaimudar.com.br\/index.php\/wp-json\/wp\/v2\/posts\/23622","targetHints":{"allow":["GET"]}}],"collection":[{"href":"https:\/\/sgvaimudar.com.br\/index.php\/wp-json\/wp\/v2\/posts"}],"about":[{"href":"https:\/\/sgvaimudar.com.br\/index.php\/wp-json\/wp\/v2\/types\/post"}],"author":[{"embeddable":true,"href":"https:\/\/sgvaimudar.com.br\/index.php\/wp-json\/wp\/v2\/users\/5"}],"replies":[{"embeddable":true,"href":"https:\/\/sgvaimudar.com.br\/index.php\/wp-json\/wp\/v2\/comments?post=23622"}],"version-history":[{"count":1,"href":"https:\/\/sgvaimudar.com.br\/index.php\/wp-json\/wp\/v2\/posts\/23622\/revisions"}],"predecessor-version":[{"id":23624,"href":"https:\/\/sgvaimudar.com.br\/index.php\/wp-json\/wp\/v2\/posts\/23622\/revisions\/23624"}],"wp:featuredmedia":[{"embeddable":true,"href":"https:\/\/sgvaimudar.com.br\/index.php\/wp-json\/wp\/v2\/media\/23623"}],"wp:attachment":[{"href":"https:\/\/sgvaimudar.com.br\/index.php\/wp-json\/wp\/v2\/media?parent=23622"}],"wp:term":[{"taxonomy":"category","embeddable":true,"href":"https:\/\/sgvaimudar.com.br\/index.php\/wp-json\/wp\/v2\/categories?post=23622"},{"taxonomy":"post_tag","embeddable":true,"href":"https:\/\/sgvaimudar.com.br\/index.php\/wp-json\/wp\/v2\/tags?post=23622"}],"curies":[{"name":"wp","href":"https:\/\/api.w.org\/{rel}","templated":true}]}}