{"id":23619,"date":"2025-04-15T13:59:00","date_gmt":"2025-04-15T16:59:00","guid":{"rendered":"https:\/\/sgvaimudar.com.br\/?p=23619"},"modified":"2025-04-15T10:23:53","modified_gmt":"2025-04-15T13:23:53","slug":"policia-desarticula-mega-organizacao-criminosa-que-praticava-crimes-de-odio-contra-criancas-e-adolescentes-na-internet","status":"publish","type":"post","link":"https:\/\/sgvaimudar.com.br\/index.php\/2025\/04\/15\/policia-desarticula-mega-organizacao-criminosa-que-praticava-crimes-de-odio-contra-criancas-e-adolescentes-na-internet\/","title":{"rendered":"Pol\u00edcia desarticula mega organiza\u00e7\u00e3o criminosa que praticava crimes de \u00f3dio contra crian\u00e7as e adolescentes na internet"},"content":{"rendered":"\n<p><em>A\u00e7\u00e3o acontece em outros sete estados e conta com o apoio da secretaria Nacional de Seguran\u00e7a P\u00fablica<\/em><\/p>\n\n\n\n<p>Policiais civis da Delegacia da Crian\u00e7a e do Adolescente V\u00edtima (DCAV) realizam, nesta ter\u00e7a-feira (15\/04), a &#8220;Opera\u00e7\u00e3o Adolesc\u00eancia Segura&#8221;. O objetivo \u00e9 desarticular uma das maiores organiza\u00e7\u00f5es criminosas do pa\u00eds voltadas \u00e0 pr\u00e1tica de crimes cibern\u00e9ticos contra crian\u00e7as e adolescentes. At\u00e9 o momento, dois suspeitos foram presos e tr\u00eas apreendidos.<\/p>\n\n\n\n<p>&#8211;&nbsp; A Pol\u00edcia Civil atua com intelig\u00eancia e tecnologia para combater os crimes no ambiente virtual, que \u00e9 uma das maiores preocupa\u00e7\u00f5es dos pais e respons\u00e1veis de crian\u00e7as e adolescentes. Al\u00e9m de opera\u00e7\u00f5es como a de hoje, tamb\u00e9m precisamos estar atentos a tudo que os nossos jovens consomem na internet \u2013 destaca o governador Cl\u00e1udio Castro.&nbsp;<\/p>\n\n\n\n<p>Entre os crimes apurados, est\u00e3o tentativa de homic\u00eddio, induzimento e instiga\u00e7\u00e3o ao suic\u00eddio, armazenamento e divulga\u00e7\u00e3o de pornografia infantil, maus-tratos a animais, apologia ao nazismo e crimes de \u00f3dio em geral.&nbsp;<\/p>\n\n\n\n<p>As dilig\u00eancias ocorrem tamb\u00e9m em S\u00e3o Paulo, Santa Catarina, Paran\u00e1, Mato Grosso do Sul, Minas Gerais, Goi\u00e1s e Rio Grande do Sul e conta com o apoio da CyberLab da Secretaria Nacional de Seguran\u00e7a P\u00fablica. S\u00e3o cumpridos mandados de pris\u00e3o tempor\u00e1ria e de busca e apreens\u00e3o, al\u00e9m de interna\u00e7\u00e3o provis\u00f3ria de adolescentes infratores.&nbsp;<\/p>\n\n\n\n<p>&#8211;\u00a0 Esta opera\u00e7\u00e3o \u00e9 resultado de uma investiga\u00e7\u00e3o profunda que mostrou o envolvimento de pessoas de diversos estados do pa\u00eds na pr\u00e1tica dos crimes. A Pol\u00edcia Civil emprega toda a tecnologia e as ferramentas de intelig\u00eancia poss\u00edveis para enfrentar os grupos criminosos \u2013 ressaltou o secret\u00e1rio de Pol\u00edcia Civil, Felipe Curi.\u00a0<\/p>\n\n\n\n<p>As investiga\u00e7\u00f5es foram iniciadas em fevereiro, quando um morador de rua, em Jacarepagu\u00e1, foi atacado e teve 70% do seu corpo queimado por um adolescente que atirou coquet\u00e9is molotov, enquanto um homem filmava e transmitia em tempo real em uma plataforma on-line.&nbsp;<\/p>\n\n\n\n<p>A &#8220;Opera\u00e7\u00e3o Adolesc\u00eancia Segura&#8221; representa um marco significativo no combate \u00e0 criminalidade digital no Brasil e reafirma o compromisso da Pol\u00edcia Civil com a prote\u00e7\u00e3o dos direitos fundamentais da inf\u00e2ncia e da juventude, conforme prev\u00ea o Estatuto da Crian\u00e7a e do Adolescente (ECA). As investiga\u00e7\u00f5es seguem em curso para identificar os demais integrantes da organiza\u00e7\u00e3o criminosa.<\/p>\n\n\n\n<p><strong><em>Fa\u00e7a sua den\u00fancia pelo nosso WhatsApp: (21) <\/em><\/strong><strong><em>99744 5345<\/em><\/strong><strong><em><\/em><\/strong><\/p>\n\n\n\n<p><strong><em>S\u00e3o Gon\u00e7alo vai mudar: Not\u00edcias de S\u00e3o Gon\u00e7alo e toda regi\u00e3o.<\/em><\/strong><\/p>\n\n\n\n<figure class=\"wp-block-image size-large\"><img fetchpriority=\"high\" decoding=\"async\" width=\"1024\" height=\"252\" src=\"https:\/\/sgvaimudar.com.br\/wp-content\/uploads\/2025\/03\/Anuncie-Aqui-Sao-Goncalo-vai-mudar-1024x252.jpg\" alt=\"\" class=\"wp-image-22693\" srcset=\"https:\/\/sgvaimudar.com.br\/wp-content\/uploads\/2025\/03\/Anuncie-Aqui-Sao-Goncalo-vai-mudar-1024x252.jpg 1024w, https:\/\/sgvaimudar.com.br\/wp-content\/uploads\/2025\/03\/Anuncie-Aqui-Sao-Goncalo-vai-mudar-300x74.jpg 300w, https:\/\/sgvaimudar.com.br\/wp-content\/uploads\/2025\/03\/Anuncie-Aqui-Sao-Goncalo-vai-mudar-768x189.jpg 768w, https:\/\/sgvaimudar.com.br\/wp-content\/uploads\/2025\/03\/Anuncie-Aqui-Sao-Goncalo-vai-mudar-1536x378.jpg 1536w, https:\/\/sgvaimudar.com.br\/wp-content\/uploads\/2025\/03\/Anuncie-Aqui-Sao-Goncalo-vai-mudar-2048x504.jpg 2048w\" sizes=\"(max-width: 1024px) 100vw, 1024px\" \/><\/figure>\n","protected":false},"excerpt":{"rendered":"<p>A\u00e7\u00e3o acontece em outros sete estados e conta com o apoio da secretaria Nacional de Seguran\u00e7a P\u00fablica Policiais civis da&hellip;<\/p>\n","protected":false},"author":5,"featured_media":23620,"comment_status":"open","ping_status":"open","sticky":false,"template":"","format":"standard","meta":{"fifu_image_url":"","fifu_image_alt":"","footnotes":""},"categories":[32],"tags":[39,41,40],"class_list":["post-23619","post","type-post","status-publish","format-standard","has-post-thumbnail","hentry","category-casos-de-policia","tag-ataque","tag-conflito","tag-guerra"],"_links":{"self":[{"href":"https:\/\/sgvaimudar.com.br\/index.php\/wp-json\/wp\/v2\/posts\/23619","targetHints":{"allow":["GET"]}}],"collection":[{"href":"https:\/\/sgvaimudar.com.br\/index.php\/wp-json\/wp\/v2\/posts"}],"about":[{"href":"https:\/\/sgvaimudar.com.br\/index.php\/wp-json\/wp\/v2\/types\/post"}],"author":[{"embeddable":true,"href":"https:\/\/sgvaimudar.com.br\/index.php\/wp-json\/wp\/v2\/users\/5"}],"replies":[{"embeddable":true,"href":"https:\/\/sgvaimudar.com.br\/index.php\/wp-json\/wp\/v2\/comments?post=23619"}],"version-history":[{"count":1,"href":"https:\/\/sgvaimudar.com.br\/index.php\/wp-json\/wp\/v2\/posts\/23619\/revisions"}],"predecessor-version":[{"id":23621,"href":"https:\/\/sgvaimudar.com.br\/index.php\/wp-json\/wp\/v2\/posts\/23619\/revisions\/23621"}],"wp:featuredmedia":[{"embeddable":true,"href":"https:\/\/sgvaimudar.com.br\/index.php\/wp-json\/wp\/v2\/media\/23620"}],"wp:attachment":[{"href":"https:\/\/sgvaimudar.com.br\/index.php\/wp-json\/wp\/v2\/media?parent=23619"}],"wp:term":[{"taxonomy":"category","embeddable":true,"href":"https:\/\/sgvaimudar.com.br\/index.php\/wp-json\/wp\/v2\/categories?post=23619"},{"taxonomy":"post_tag","embeddable":true,"href":"https:\/\/sgvaimudar.com.br\/index.php\/wp-json\/wp\/v2\/tags?post=23619"}],"curies":[{"name":"wp","href":"https:\/\/api.w.org\/{rel}","templated":true}]}}