{"id":23596,"date":"2025-04-15T11:00:00","date_gmt":"2025-04-15T14:00:00","guid":{"rendered":"https:\/\/sgvaimudar.com.br\/?p=23596"},"modified":"2025-04-15T09:12:03","modified_gmt":"2025-04-15T12:12:03","slug":"secretaria-divulga-calendario-para-vistoria-de-veiculos-de-transporte-escolar","status":"publish","type":"post","link":"https:\/\/sgvaimudar.com.br\/index.php\/2025\/04\/15\/secretaria-divulga-calendario-para-vistoria-de-veiculos-de-transporte-escolar\/","title":{"rendered":"Secretaria divulga calend\u00e1rio para vistoria de ve\u00edculos de transporte escolar\u00a0"},"content":{"rendered":"\n<p><em>Credenciamento ter\u00e1 in\u00edcio nesta segunda-feira e seguir\u00e1 at\u00e9 16 de maio<\/em><\/p>\n\n\n\n<p>A Secretaria de Transportes da Prefeitura de S\u00e3o Gon\u00e7alo divulgou o calend\u00e1rio de credenciamento e vistorias para ve\u00edculos que operam o servi\u00e7o de transporte escolar no munic\u00edpio, no exerc\u00edcio de 2025. O credenciamento ter\u00e1 in\u00edcio nesta segunda-feira (14) e seguir\u00e1 at\u00e9 o dia 16 de maio.<\/p>\n\n\n\n<p>Para realizar o credenciamento, os processos dever\u00e3o ser entregues no protocolo geral, que fica no Shopping Partage, localizado na Avenida Presidente Kennedy, 425 \u2013 Centro. A documenta\u00e7\u00e3o para estabelecimentos de ensino, empresas e aut\u00f4nomos pode ser consultada no seguinte endere\u00e7o:&nbsp;<a href=\"https:\/\/click.cse360.com.br\/Click\/AddCampaignEmailClick\/29c3e8b3-cfdf-42a7-2468-08dd66128bc9\/https%253a%252f%252fdo.pmsg.rj.gov.br%252fdiario%252f2025_04_11.pdf\/ac66966e-2b55-4484-fb2c-08dc491eed5f\/jornalistaws@gmail.com\/False\" rel=\"noreferrer noopener\" target=\"_blank\">https:\/\/do.pmsg.rj.gov.br\/diario\/2025_04_11.pdf<\/a>.<\/p>\n\n\n\n<p>O calend\u00e1rio de vistoria para os ve\u00edculos de transporte escolar vai de 19 de maio a 27 de junho. Os aut\u00f4nomos, as escolas e as empresas n\u00e3o poder\u00e3o apresentar d\u00e9bitos de vistorias anteriores.<\/p>\n\n\n\n<p>A vistoria do ve\u00edculo citado em processo ser\u00e1 realizada na Rua Jo\u00e3o Damasceno, 135, Porto Velho, S\u00e3o Gon\u00e7alo, no per\u00edodo de, 14 de abril de 2025 a 30 de maio de 2025, mediante agendamento pr\u00e9vio.<\/p>\n\n\n\n<p>Na vistoria ser\u00e3o exigidos o selo e o lacre do Inmetro no tac\u00f3grafo atual, de acordo com a tabela de vistoria do \u00f3rg\u00e3o. Somente ser\u00e3o vistoriados os ve\u00edculos que apresentarem toda documenta\u00e7\u00e3o.<\/p>\n\n\n\n<p>Os autorizat\u00e1rios dos ve\u00edculos n\u00e3o aprovados na vistoria prevista no calend\u00e1rio ser\u00e3o notificados com prazo de 15 (quinze) dias para sanarem a(s) pend\u00eancia(s).<\/p>\n\n\n\n<p>Diante da impossibilidade de regulariza\u00e7\u00e3o da exig\u00eancia descrita na notifica\u00e7\u00e3o, o autorizat\u00e1rio dever\u00e1 apresentar, antes do t\u00e9rmino do prazo estabelecido no caput, justificativa e requerimento para prorroga\u00e7\u00e3o do mesmo. Em caso de deferimento da justificativa referida no par\u00e1grafo anterior, o prazo poder\u00e1 ser prorrogado, uma \u00fanica vez por mais 15 (quinze) dias. A n\u00e3o observ\u00e2ncia ao disposto nesta Resolu\u00e7\u00e3o sujeitar\u00e1 o autorizat\u00e1rio \u00e0s san\u00e7\u00f5es previstas no Decreto n. 009\/2024.<\/p>\n\n\n\n<p><strong><em>S\u00e3o Gon\u00e7alo vai mudar: Not\u00edcias de S\u00e3o Gon\u00e7alo e toda regi\u00e3o.<\/em><\/strong><\/p>\n\n\n\n<figure class=\"wp-block-image size-large\"><img fetchpriority=\"high\" decoding=\"async\" width=\"1024\" height=\"252\" src=\"https:\/\/sgvaimudar.com.br\/wp-content\/uploads\/2025\/03\/Anuncie-Aqui-Sao-Goncalo-vai-mudar-1024x252.jpg\" alt=\"\" class=\"wp-image-22693\" srcset=\"https:\/\/sgvaimudar.com.br\/wp-content\/uploads\/2025\/03\/Anuncie-Aqui-Sao-Goncalo-vai-mudar-1024x252.jpg 1024w, https:\/\/sgvaimudar.com.br\/wp-content\/uploads\/2025\/03\/Anuncie-Aqui-Sao-Goncalo-vai-mudar-300x74.jpg 300w, https:\/\/sgvaimudar.com.br\/wp-content\/uploads\/2025\/03\/Anuncie-Aqui-Sao-Goncalo-vai-mudar-768x189.jpg 768w, https:\/\/sgvaimudar.com.br\/wp-content\/uploads\/2025\/03\/Anuncie-Aqui-Sao-Goncalo-vai-mudar-1536x378.jpg 1536w, https:\/\/sgvaimudar.com.br\/wp-content\/uploads\/2025\/03\/Anuncie-Aqui-Sao-Goncalo-vai-mudar-2048x504.jpg 2048w\" sizes=\"(max-width: 1024px) 100vw, 1024px\" \/><\/figure>\n","protected":false},"excerpt":{"rendered":"<p>Credenciamento ter\u00e1 in\u00edcio nesta segunda-feira e seguir\u00e1 at\u00e9 16 de maio A Secretaria de Transportes da Prefeitura de S\u00e3o Gon\u00e7alo&hellip;<\/p>\n","protected":false},"author":5,"featured_media":23597,"comment_status":"open","ping_status":"open","sticky":false,"template":"","format":"standard","meta":{"fifu_image_url":"","fifu_image_alt":"","footnotes":""},"categories":[3],"tags":[47,75],"class_list":["post-23596","post","type-post","status-publish","format-standard","has-post-thumbnail","hentry","category-sao-goncalo","tag-rj","tag-sao-goncalo"],"_links":{"self":[{"href":"https:\/\/sgvaimudar.com.br\/index.php\/wp-json\/wp\/v2\/posts\/23596","targetHints":{"allow":["GET"]}}],"collection":[{"href":"https:\/\/sgvaimudar.com.br\/index.php\/wp-json\/wp\/v2\/posts"}],"about":[{"href":"https:\/\/sgvaimudar.com.br\/index.php\/wp-json\/wp\/v2\/types\/post"}],"author":[{"embeddable":true,"href":"https:\/\/sgvaimudar.com.br\/index.php\/wp-json\/wp\/v2\/users\/5"}],"replies":[{"embeddable":true,"href":"https:\/\/sgvaimudar.com.br\/index.php\/wp-json\/wp\/v2\/comments?post=23596"}],"version-history":[{"count":1,"href":"https:\/\/sgvaimudar.com.br\/index.php\/wp-json\/wp\/v2\/posts\/23596\/revisions"}],"predecessor-version":[{"id":23598,"href":"https:\/\/sgvaimudar.com.br\/index.php\/wp-json\/wp\/v2\/posts\/23596\/revisions\/23598"}],"wp:featuredmedia":[{"embeddable":true,"href":"https:\/\/sgvaimudar.com.br\/index.php\/wp-json\/wp\/v2\/media\/23597"}],"wp:attachment":[{"href":"https:\/\/sgvaimudar.com.br\/index.php\/wp-json\/wp\/v2\/media?parent=23596"}],"wp:term":[{"taxonomy":"category","embeddable":true,"href":"https:\/\/sgvaimudar.com.br\/index.php\/wp-json\/wp\/v2\/categories?post=23596"},{"taxonomy":"post_tag","embeddable":true,"href":"https:\/\/sgvaimudar.com.br\/index.php\/wp-json\/wp\/v2\/tags?post=23596"}],"curies":[{"name":"wp","href":"https:\/\/api.w.org\/{rel}","templated":true}]}}