{"id":23584,"date":"2025-04-15T10:00:00","date_gmt":"2025-04-15T13:00:00","guid":{"rendered":"https:\/\/sgvaimudar.com.br\/?p=23584"},"modified":"2025-04-15T08:26:54","modified_gmt":"2025-04-15T11:26:54","slug":"defesa-civil-inicia-a-segunda-turma-de-voluntarios-de-2025","status":"publish","type":"post","link":"https:\/\/sgvaimudar.com.br\/index.php\/2025\/04\/15\/defesa-civil-inicia-a-segunda-turma-de-voluntarios-de-2025\/","title":{"rendered":"Defesa Civil inicia a segunda turma de volunt\u00e1rios de 2025"},"content":{"rendered":"\n<p><em>Mais de 20 alunos ter\u00e3o aulas te\u00f3ricas e pr\u00e1ticas<\/em><\/p>\n\n\n\n<p>A Defesa Civil do munic\u00edpio de S\u00e3o Gon\u00e7alo deu in\u00edcio nesta segunda-feira (14) \u00e0s aulas da segunda turma de volunt\u00e1rios de 2025. A aula inaugural do Curso de Volunt\u00e1rios aconteceu \u00e0s 10h, na Uniasselvi, no Partage Shopping e os alunos conheceram sobre as legisla\u00e7\u00f5es e responsabilidades da Defesa Civil.<\/p>\n\n\n\n<p>A aula foi ministrada pelo subsecret\u00e1rio da Defesa Civil, major Felipe Assump\u00e7\u00e3o, que refor\u00e7ou a import\u00e2ncia do curso.<\/p>\n\n\n\n<p>\u201cTenho uma satisfa\u00e7\u00e3o enorme em ver mais uma turma se formando. Quanto mais pessoas entenderem o que a Defesa Civil faz, a cidade vai ficar mais segura. O nosso trabalho \u00e9 intermin\u00e1vel e sabemos da import\u00e2ncia de contarmos com um ombro amigo, os volunt\u00e1rios fazem toda a diferen\u00e7a\u201d, disse.<\/p>\n\n\n\n<p>O curso prop\u00f5e debates sobre temas como no\u00e7\u00f5es b\u00e1sicas de Defesa Civil e voluntariado, comunica\u00e7\u00e3o de emerg\u00eancia, abrigos tempor\u00e1rios, produtos perigosos, combate a princ\u00edpios de inc\u00eandio, orienta\u00e7\u00f5es sobre primeiros socorros, import\u00e2ncia da higieniza\u00e7\u00e3o das resid\u00eancias ap\u00f3s chuvas, dentre outros.<\/p>\n\n\n\n<p>Para encerrar o curso, os futuros volunt\u00e1rios v\u00e3o participar de atividades pr\u00e1ticas na \u00c1rea de Prote\u00e7\u00e3o Ambiental (APA) do Engenho Pequeno.<\/p>\n\n\n\n<p>A aluna Damiana Rosa, de 64 anos, afirmou estar empolgada para receber os ensinamentos do curso.<\/p>\n\n\n\n<p>\u201cMeu interesse pelo curso \u00e9 por querer colaborar com os moradores da \u00e1rea onde moro, no Boa\u00e7u. Me senti na obriga\u00e7\u00e3o, com essa oportunidade, de aprender sobre as tarefas da Defesa Civil. Eu sou manicure e vou a diversos domic\u00edlios, sei as dificuldades que os bairros da cidade enfrentam e quero me sentir \u00fatil para ajudar no que for necess\u00e1rio\u201d, declarou.<\/p>\n\n\n\n<p>No final do curso, os volunt\u00e1rios ganham um certificado. Cabe refor\u00e7ar que os volunt\u00e1rios saem formados, mas n\u00e3o possuem a capacita\u00e7\u00e3o para salvar e resgatar pessoas como bombeiros ou agentes da Defesa Civil. O volunt\u00e1rio tem um tratamento direcionado, apoiando abrigos, organizando mantimentos e catalogando pessoas que precisarem de ajuda.<\/p>\n\n\n\n<p><em>Fotos: Luiz Carvalho<\/em><\/p>\n\n\n\n<p><strong><em>S\u00e3o Gon\u00e7alo vai mudar: Not\u00edcias de S\u00e3o Gon\u00e7alo e toda regi\u00e3o.<\/em><\/strong><\/p>\n\n\n\n<figure class=\"wp-block-image size-large\"><img fetchpriority=\"high\" decoding=\"async\" width=\"1024\" height=\"252\" src=\"https:\/\/sgvaimudar.com.br\/wp-content\/uploads\/2025\/03\/Anuncie-Aqui-Sao-Goncalo-vai-mudar-1024x252.jpg\" alt=\"\" class=\"wp-image-22693\" srcset=\"https:\/\/sgvaimudar.com.br\/wp-content\/uploads\/2025\/03\/Anuncie-Aqui-Sao-Goncalo-vai-mudar-1024x252.jpg 1024w, https:\/\/sgvaimudar.com.br\/wp-content\/uploads\/2025\/03\/Anuncie-Aqui-Sao-Goncalo-vai-mudar-300x74.jpg 300w, https:\/\/sgvaimudar.com.br\/wp-content\/uploads\/2025\/03\/Anuncie-Aqui-Sao-Goncalo-vai-mudar-768x189.jpg 768w, https:\/\/sgvaimudar.com.br\/wp-content\/uploads\/2025\/03\/Anuncie-Aqui-Sao-Goncalo-vai-mudar-1536x378.jpg 1536w, https:\/\/sgvaimudar.com.br\/wp-content\/uploads\/2025\/03\/Anuncie-Aqui-Sao-Goncalo-vai-mudar-2048x504.jpg 2048w\" sizes=\"(max-width: 1024px) 100vw, 1024px\" \/><\/figure>\n","protected":false},"excerpt":{"rendered":"<p>Mais de 20 alunos ter\u00e3o aulas te\u00f3ricas e pr\u00e1ticas A Defesa Civil do munic\u00edpio de S\u00e3o Gon\u00e7alo deu in\u00edcio nesta&hellip;<\/p>\n","protected":false},"author":5,"featured_media":23585,"comment_status":"open","ping_status":"open","sticky":false,"template":"","format":"standard","meta":{"fifu_image_url":"","fifu_image_alt":"","footnotes":""},"categories":[3],"tags":[47,75],"class_list":["post-23584","post","type-post","status-publish","format-standard","has-post-thumbnail","hentry","category-sao-goncalo","tag-rj","tag-sao-goncalo"],"_links":{"self":[{"href":"https:\/\/sgvaimudar.com.br\/index.php\/wp-json\/wp\/v2\/posts\/23584","targetHints":{"allow":["GET"]}}],"collection":[{"href":"https:\/\/sgvaimudar.com.br\/index.php\/wp-json\/wp\/v2\/posts"}],"about":[{"href":"https:\/\/sgvaimudar.com.br\/index.php\/wp-json\/wp\/v2\/types\/post"}],"author":[{"embeddable":true,"href":"https:\/\/sgvaimudar.com.br\/index.php\/wp-json\/wp\/v2\/users\/5"}],"replies":[{"embeddable":true,"href":"https:\/\/sgvaimudar.com.br\/index.php\/wp-json\/wp\/v2\/comments?post=23584"}],"version-history":[{"count":1,"href":"https:\/\/sgvaimudar.com.br\/index.php\/wp-json\/wp\/v2\/posts\/23584\/revisions"}],"predecessor-version":[{"id":23586,"href":"https:\/\/sgvaimudar.com.br\/index.php\/wp-json\/wp\/v2\/posts\/23584\/revisions\/23586"}],"wp:featuredmedia":[{"embeddable":true,"href":"https:\/\/sgvaimudar.com.br\/index.php\/wp-json\/wp\/v2\/media\/23585"}],"wp:attachment":[{"href":"https:\/\/sgvaimudar.com.br\/index.php\/wp-json\/wp\/v2\/media?parent=23584"}],"wp:term":[{"taxonomy":"category","embeddable":true,"href":"https:\/\/sgvaimudar.com.br\/index.php\/wp-json\/wp\/v2\/categories?post=23584"},{"taxonomy":"post_tag","embeddable":true,"href":"https:\/\/sgvaimudar.com.br\/index.php\/wp-json\/wp\/v2\/tags?post=23584"}],"curies":[{"name":"wp","href":"https:\/\/api.w.org\/{rel}","templated":true}]}}