{"id":23466,"date":"2025-04-12T11:00:00","date_gmt":"2025-04-12T14:00:00","guid":{"rendered":"https:\/\/sgvaimudar.com.br\/?p=23466"},"modified":"2025-04-12T06:43:39","modified_gmt":"2025-04-12T09:43:39","slug":"policia-prende-lider-de-faccao-que-gerencia-roubos-de-carga-e-veiculos-em-belford-roxo","status":"publish","type":"post","link":"https:\/\/sgvaimudar.com.br\/index.php\/2025\/04\/12\/policia-prende-lider-de-faccao-que-gerencia-roubos-de-carga-e-veiculos-em-belford-roxo\/","title":{"rendered":"Pol\u00edcia prende l\u00edder de fac\u00e7\u00e3o que gerencia roubos de carga e ve\u00edculos em Belford Roxo"},"content":{"rendered":"\n<p><em>Ronaldo Gon\u00e7alves de Jesus, o Paulista, de 51 anos, \u00e9 apontado como um dos chefes do crime organizado no Complexo de Santa Teresa<\/em><\/p>\n\n\n\n<p>Os policiais civis da Delegacia de Roubos e Furtos de Cargas (DRFC) prenderam uma das lideran\u00e7as da fac\u00e7\u00e3o criminosa que atua no Complexo de Favelas de Santa Teresa, em Belford Roxo. O criminoso, preso, nesta sexta-feira (11\/04), \u00e9 apontado pelas investiga\u00e7\u00f5es como respons\u00e1vel pela divis\u00e3o dos lucros obtidos com os crimes e pela destina\u00e7\u00e3o dos produtos de cargas roubadas.<\/p>\n\n\n\n<p>Segundo os agentes, ele foi localizado no bairro Jardim Esplanada, em Nova Igua\u00e7u, na Baixada Fluminense, ap\u00f3s trabalho de intelig\u00eancia. Al\u00e9m de respons\u00e1vel pela reparti\u00e7\u00e3o dos lucros provenientes dos assaltos, o preso era homem de confian\u00e7a do antigo l\u00edder do tr\u00e1fico na regi\u00e3o, morto em confronto com a pol\u00edcia no ano passado.<\/p>\n\n\n\n<p>Contra ele, havia um mandado de pris\u00e3o expedido pelo crime de tr\u00e1fico de drogas. Al\u00e9m disso, ele possui 19 anota\u00e7\u00f5es criminais apenas roubo e responde ainda por processos relacionados ao tr\u00e1fico de drogas no estado de Santa Catarina.<br><br>A a\u00e7\u00e3o faz parte da segunda fase da \u201cOpera\u00e7\u00e3o Torniquete\u201d, que tem como objetivo reprimir roubo, furto e recepta\u00e7\u00e3o de cargas e de ve\u00edculos, delitos que financiam as atividades das fac\u00e7\u00f5es criminosas, suas disputas territoriais e ainda garantem pagamentos a familiares de faccionados, estejam eles detidos ou em liberdade. Desde setembro, j\u00e1 s\u00e3o mais de 480 presos, al\u00e9m de ve\u00edculos e cargas\u00a0recuperados, avaliados em cerca de R$ 35 milh\u00f5es. As a\u00e7\u00f5es incluem ainda o bloqueio de mais de R$ 70 milh\u00f5es em bens e valores.<\/p>\n\n\n\n<p><strong><em>Fa\u00e7a sua den\u00fancia pelo nosso WhatsApp: (21) <\/em><\/strong><strong><em>99744 5345<\/em><\/strong><strong><em><\/em><\/strong><\/p>\n\n\n\n<p><strong><em>S\u00e3o Gon\u00e7alo vai mudar: Not\u00edcias de S\u00e3o Gon\u00e7alo e toda regi\u00e3o.<\/em><\/strong><\/p>\n\n\n\n<figure class=\"wp-block-image size-large\"><img fetchpriority=\"high\" decoding=\"async\" width=\"1024\" height=\"252\" src=\"https:\/\/sgvaimudar.com.br\/wp-content\/uploads\/2023\/10\/Anuncie-Aqui-Sao-Goncalo-vai-mudar-2-1024x252.jpg\" alt=\"\" class=\"wp-image-3625\" srcset=\"https:\/\/sgvaimudar.com.br\/wp-content\/uploads\/2023\/10\/Anuncie-Aqui-Sao-Goncalo-vai-mudar-2-1024x252.jpg 1024w, https:\/\/sgvaimudar.com.br\/wp-content\/uploads\/2023\/10\/Anuncie-Aqui-Sao-Goncalo-vai-mudar-2-300x74.jpg 300w, https:\/\/sgvaimudar.com.br\/wp-content\/uploads\/2023\/10\/Anuncie-Aqui-Sao-Goncalo-vai-mudar-2-768x189.jpg 768w, https:\/\/sgvaimudar.com.br\/wp-content\/uploads\/2023\/10\/Anuncie-Aqui-Sao-Goncalo-vai-mudar-2-1536x378.jpg 1536w, https:\/\/sgvaimudar.com.br\/wp-content\/uploads\/2023\/10\/Anuncie-Aqui-Sao-Goncalo-vai-mudar-2-2048x504.jpg 2048w\" sizes=\"(max-width: 1024px) 100vw, 1024px\" \/><\/figure>\n","protected":false},"excerpt":{"rendered":"<p>Ronaldo Gon\u00e7alves de Jesus, o Paulista, de 51 anos, \u00e9 apontado como um dos chefes do crime organizado no Complexo&hellip;<\/p>\n","protected":false},"author":5,"featured_media":23467,"comment_status":"open","ping_status":"open","sticky":false,"template":"","format":"standard","meta":{"fifu_image_url":"","fifu_image_alt":"","footnotes":""},"categories":[32],"tags":[47],"class_list":["post-23466","post","type-post","status-publish","format-standard","has-post-thumbnail","hentry","category-casos-de-policia","tag-rj"],"_links":{"self":[{"href":"https:\/\/sgvaimudar.com.br\/index.php\/wp-json\/wp\/v2\/posts\/23466","targetHints":{"allow":["GET"]}}],"collection":[{"href":"https:\/\/sgvaimudar.com.br\/index.php\/wp-json\/wp\/v2\/posts"}],"about":[{"href":"https:\/\/sgvaimudar.com.br\/index.php\/wp-json\/wp\/v2\/types\/post"}],"author":[{"embeddable":true,"href":"https:\/\/sgvaimudar.com.br\/index.php\/wp-json\/wp\/v2\/users\/5"}],"replies":[{"embeddable":true,"href":"https:\/\/sgvaimudar.com.br\/index.php\/wp-json\/wp\/v2\/comments?post=23466"}],"version-history":[{"count":1,"href":"https:\/\/sgvaimudar.com.br\/index.php\/wp-json\/wp\/v2\/posts\/23466\/revisions"}],"predecessor-version":[{"id":23468,"href":"https:\/\/sgvaimudar.com.br\/index.php\/wp-json\/wp\/v2\/posts\/23466\/revisions\/23468"}],"wp:featuredmedia":[{"embeddable":true,"href":"https:\/\/sgvaimudar.com.br\/index.php\/wp-json\/wp\/v2\/media\/23467"}],"wp:attachment":[{"href":"https:\/\/sgvaimudar.com.br\/index.php\/wp-json\/wp\/v2\/media?parent=23466"}],"wp:term":[{"taxonomy":"category","embeddable":true,"href":"https:\/\/sgvaimudar.com.br\/index.php\/wp-json\/wp\/v2\/categories?post=23466"},{"taxonomy":"post_tag","embeddable":true,"href":"https:\/\/sgvaimudar.com.br\/index.php\/wp-json\/wp\/v2\/tags?post=23466"}],"curies":[{"name":"wp","href":"https:\/\/api.w.org\/{rel}","templated":true}]}}