{"id":23462,"date":"2025-04-12T13:00:00","date_gmt":"2025-04-12T16:00:00","guid":{"rendered":"https:\/\/sgvaimudar.com.br\/?p=23462"},"modified":"2025-04-12T07:15:41","modified_gmt":"2025-04-12T10:15:41","slug":"prefeito-capitao-nelson-comparece-a-entrega-de-area-de-lazer-aos-moradores-de-nova-cidade","status":"publish","type":"post","link":"https:\/\/sgvaimudar.com.br\/index.php\/2025\/04\/12\/prefeito-capitao-nelson-comparece-a-entrega-de-area-de-lazer-aos-moradores-de-nova-cidade\/","title":{"rendered":"Prefeito Capit\u00e3o Nelson comparece a entrega de \u00e1rea de lazer aos moradores de Nova Cidade"},"content":{"rendered":"\n<p><em>Parquinho \u00e9 erguido junto \u00e0 Unidade Municipal de Pronto Atendimento&nbsp;&nbsp;&nbsp;<\/em><\/p>\n\n\n\n<p>Moradores de Nova Cidade ganharam uma op\u00e7\u00e3o de lazer. A Unidade Municipal de Pronto Atendimento (UMPA) de Nova Cidade entregou uma nova \u00e1rea com parquinho para o uso de toda a comunidade do entorno. O prefeito Capit\u00e3o Nelson compareceu \u00e0 entrega, que ainda contou com estudantes da Escola Municipal Visconde de Sepetiba, vizinha \u00e0 unidade.&nbsp;<\/p>\n\n\n\n<figure class=\"wp-block-image size-full\"><img fetchpriority=\"high\" decoding=\"async\" width=\"1024\" height=\"683\" src=\"https:\/\/sgvaimudar.com.br\/wp-content\/uploads\/2025\/04\/unnamed-1-12.jpg\" alt=\"\" class=\"wp-image-23464\" srcset=\"https:\/\/sgvaimudar.com.br\/wp-content\/uploads\/2025\/04\/unnamed-1-12.jpg 1024w, https:\/\/sgvaimudar.com.br\/wp-content\/uploads\/2025\/04\/unnamed-1-12-300x200.jpg 300w, https:\/\/sgvaimudar.com.br\/wp-content\/uploads\/2025\/04\/unnamed-1-12-768x512.jpg 768w\" sizes=\"(max-width: 1024px) 100vw, 1024px\" \/><\/figure>\n\n\n\n<p>\u201cEsse parquinho ser\u00e1 muito \u00fatil aqui na unidade. Tanto para as m\u00e3es que vem para os atendimentos e podem distrair as crian\u00e7as no local, para as pr\u00f3prias crian\u00e7as que est\u00e3o no atendimento pedi\u00e1trico, para os estudantes do col\u00e9gio ao lado e para todos os moradores, que poder\u00e3o usar em qualquer dia e hor\u00e1rio. Ele estar\u00e1 sempre dispon\u00edvel. \u00c9 s\u00f3 entrar para brincar\u201d, disse o prefeito.&nbsp;&nbsp;<\/p>\n\n\n\n<p>O terreno foi cercado e tem abertura para dentro da UMPA, recebeu brinquedos novos e um painel do Cidade Ilustrada, realizado pela Secretaria de Turismo e Cultura. A ideia de reaproveitar uma \u00e1rea ao lado da Umpa foi da diretora administrativa do local, Jane Kelen Rodrigues.<\/p>\n\n\n\n<p>&nbsp;&nbsp;&nbsp;&nbsp;\u201cHavia um terreno subutilizado. Pedi ao prefeito para transform\u00e1-lo em parquinho com acesso para a unidade. Ele autorizou e n\u00f3s fizemos. \u00c9 um prazer poder entregar esse espa\u00e7o para as crian\u00e7as e ainda poder oferecer um dia especial para elas com essa entrega\u201d, finalizou Jane.&nbsp;<\/p>\n\n\n\n<p><em>Foto: Fabio Guimar\u00e3es<\/em><\/p>\n\n\n\n<p><strong><em>S\u00e3o Gon\u00e7alo vai mudar: Not\u00edcias de S\u00e3o Gon\u00e7alo e toda regi\u00e3o.<\/em><\/strong><\/p>\n\n\n\n<figure class=\"wp-block-image size-large\"><img decoding=\"async\" width=\"1024\" height=\"252\" src=\"https:\/\/sgvaimudar.com.br\/wp-content\/uploads\/2025\/03\/Anuncie-Aqui-Sao-Goncalo-vai-mudar-1024x252.jpg\" alt=\"\" class=\"wp-image-22693\" srcset=\"https:\/\/sgvaimudar.com.br\/wp-content\/uploads\/2025\/03\/Anuncie-Aqui-Sao-Goncalo-vai-mudar-1024x252.jpg 1024w, https:\/\/sgvaimudar.com.br\/wp-content\/uploads\/2025\/03\/Anuncie-Aqui-Sao-Goncalo-vai-mudar-300x74.jpg 300w, https:\/\/sgvaimudar.com.br\/wp-content\/uploads\/2025\/03\/Anuncie-Aqui-Sao-Goncalo-vai-mudar-768x189.jpg 768w, https:\/\/sgvaimudar.com.br\/wp-content\/uploads\/2025\/03\/Anuncie-Aqui-Sao-Goncalo-vai-mudar-1536x378.jpg 1536w, https:\/\/sgvaimudar.com.br\/wp-content\/uploads\/2025\/03\/Anuncie-Aqui-Sao-Goncalo-vai-mudar-2048x504.jpg 2048w\" sizes=\"(max-width: 1024px) 100vw, 1024px\" \/><\/figure>\n","protected":false},"excerpt":{"rendered":"<p>Parquinho \u00e9 erguido junto \u00e0 Unidade Municipal de Pronto Atendimento&nbsp;&nbsp;&nbsp; Moradores de Nova Cidade ganharam uma op\u00e7\u00e3o de lazer. A&hellip;<\/p>\n","protected":false},"author":5,"featured_media":23463,"comment_status":"open","ping_status":"open","sticky":false,"template":"","format":"standard","meta":{"fifu_image_url":"","fifu_image_alt":"","footnotes":""},"categories":[3],"tags":[47],"class_list":["post-23462","post","type-post","status-publish","format-standard","has-post-thumbnail","hentry","category-sao-goncalo","tag-rj"],"_links":{"self":[{"href":"https:\/\/sgvaimudar.com.br\/index.php\/wp-json\/wp\/v2\/posts\/23462","targetHints":{"allow":["GET"]}}],"collection":[{"href":"https:\/\/sgvaimudar.com.br\/index.php\/wp-json\/wp\/v2\/posts"}],"about":[{"href":"https:\/\/sgvaimudar.com.br\/index.php\/wp-json\/wp\/v2\/types\/post"}],"author":[{"embeddable":true,"href":"https:\/\/sgvaimudar.com.br\/index.php\/wp-json\/wp\/v2\/users\/5"}],"replies":[{"embeddable":true,"href":"https:\/\/sgvaimudar.com.br\/index.php\/wp-json\/wp\/v2\/comments?post=23462"}],"version-history":[{"count":2,"href":"https:\/\/sgvaimudar.com.br\/index.php\/wp-json\/wp\/v2\/posts\/23462\/revisions"}],"predecessor-version":[{"id":23479,"href":"https:\/\/sgvaimudar.com.br\/index.php\/wp-json\/wp\/v2\/posts\/23462\/revisions\/23479"}],"wp:featuredmedia":[{"embeddable":true,"href":"https:\/\/sgvaimudar.com.br\/index.php\/wp-json\/wp\/v2\/media\/23463"}],"wp:attachment":[{"href":"https:\/\/sgvaimudar.com.br\/index.php\/wp-json\/wp\/v2\/media?parent=23462"}],"wp:term":[{"taxonomy":"category","embeddable":true,"href":"https:\/\/sgvaimudar.com.br\/index.php\/wp-json\/wp\/v2\/categories?post=23462"},{"taxonomy":"post_tag","embeddable":true,"href":"https:\/\/sgvaimudar.com.br\/index.php\/wp-json\/wp\/v2\/tags?post=23462"}],"curies":[{"name":"wp","href":"https:\/\/api.w.org\/{rel}","templated":true}]}}