{"id":23431,"date":"2025-04-11T17:00:00","date_gmt":"2025-04-11T20:00:00","guid":{"rendered":"https:\/\/sgvaimudar.com.br\/?p=23431"},"modified":"2025-04-11T10:17:33","modified_gmt":"2025-04-11T13:17:33","slug":"prefeitura-de-marica-promove-caca-aos-ovos-inclusiva-no-centro-de-reabilitacao","status":"publish","type":"post","link":"https:\/\/sgvaimudar.com.br\/index.php\/2025\/04\/11\/prefeitura-de-marica-promove-caca-aos-ovos-inclusiva-no-centro-de-reabilitacao\/","title":{"rendered":"Prefeitura de Maric\u00e1 promove ca\u00e7a aos ovos inclusiva no Centro de Reabilita\u00e7\u00e3o"},"content":{"rendered":"\n<p><em>Atividade da Secretaria de Pessoas com Defici\u00eancia e Inclus\u00e3o celebrou a P\u00e1scoa<\/em><\/p>\n\n\n\n<p>A Prefeitura de Maric\u00e1, por meio da Secretaria de Pessoas com Defici\u00eancia e Inclus\u00e3o, realizou uma animada e afetuosa &#8220;Ca\u00e7a aos Ovos de P\u00e1scoa&#8221; no Centro de Reabilita\u00e7\u00e3o Municipal, envolvendo crian\u00e7as, adolescentes e familiares atendidos na unidade. A atividade aconteceu em clima de festa, com direito a decora\u00e7\u00e3o tem\u00e1tica e brincadeiras l\u00fadicas.<\/p>\n\n\n\n<p>A a\u00e7\u00e3o teve como objetivo promover a integra\u00e7\u00e3o entre os atendidos, valorizar a conviv\u00eancia e estimular a socializa\u00e7\u00e3o atrav\u00e9s de uma experi\u00eancia sensorial e divertida. A equipe multidisciplinar do centro preparou pistas adaptadas \u00e0s necessidades de cada grupo, garantindo que todos pudessem participar com autonomia e alegria.<\/p>\n\n\n\n<p>\u00a0&#8220;Acreditamos na import\u00e2ncia de criar momentos como esse, que refor\u00e7am o pertencimento e mostram que a inclus\u00e3o pode \u2013 e deve \u2013 estar presente em todos os espa\u00e7os&#8221;, comentou a secret\u00e1ria de Pessoas com Defici\u00eancia e Inclus\u00e3o, Tatiana Castor.<\/p>\n\n\n\n<p><strong><em>S\u00e3o Gon\u00e7alo vai mudar: Not\u00edcias de S\u00e3o Gon\u00e7alo e toda regi\u00e3o.<\/em><\/strong><\/p>\n\n\n\n<figure class=\"wp-block-image size-large\"><img fetchpriority=\"high\" decoding=\"async\" width=\"1024\" height=\"252\" src=\"https:\/\/sgvaimudar.com.br\/wp-content\/uploads\/2025\/03\/Anuncie-Aqui-Sao-Goncalo-vai-mudar-1024x252.jpg\" alt=\"\" class=\"wp-image-22693\" srcset=\"https:\/\/sgvaimudar.com.br\/wp-content\/uploads\/2025\/03\/Anuncie-Aqui-Sao-Goncalo-vai-mudar-1024x252.jpg 1024w, https:\/\/sgvaimudar.com.br\/wp-content\/uploads\/2025\/03\/Anuncie-Aqui-Sao-Goncalo-vai-mudar-300x74.jpg 300w, https:\/\/sgvaimudar.com.br\/wp-content\/uploads\/2025\/03\/Anuncie-Aqui-Sao-Goncalo-vai-mudar-768x189.jpg 768w, https:\/\/sgvaimudar.com.br\/wp-content\/uploads\/2025\/03\/Anuncie-Aqui-Sao-Goncalo-vai-mudar-1536x378.jpg 1536w, https:\/\/sgvaimudar.com.br\/wp-content\/uploads\/2025\/03\/Anuncie-Aqui-Sao-Goncalo-vai-mudar-2048x504.jpg 2048w\" sizes=\"(max-width: 1024px) 100vw, 1024px\" \/><\/figure>\n","protected":false},"excerpt":{"rendered":"<p>Atividade da Secretaria de Pessoas com Defici\u00eancia e Inclus\u00e3o celebrou a P\u00e1scoa A Prefeitura de Maric\u00e1, por meio da Secretaria&hellip;<\/p>\n","protected":false},"author":5,"featured_media":23432,"comment_status":"open","ping_status":"open","sticky":false,"template":"","format":"standard","meta":{"fifu_image_url":"","fifu_image_alt":"","footnotes":""},"categories":[36],"tags":[47],"class_list":["post-23431","post","type-post","status-publish","format-standard","has-post-thumbnail","hentry","category-bem-estar","tag-rj"],"_links":{"self":[{"href":"https:\/\/sgvaimudar.com.br\/index.php\/wp-json\/wp\/v2\/posts\/23431","targetHints":{"allow":["GET"]}}],"collection":[{"href":"https:\/\/sgvaimudar.com.br\/index.php\/wp-json\/wp\/v2\/posts"}],"about":[{"href":"https:\/\/sgvaimudar.com.br\/index.php\/wp-json\/wp\/v2\/types\/post"}],"author":[{"embeddable":true,"href":"https:\/\/sgvaimudar.com.br\/index.php\/wp-json\/wp\/v2\/users\/5"}],"replies":[{"embeddable":true,"href":"https:\/\/sgvaimudar.com.br\/index.php\/wp-json\/wp\/v2\/comments?post=23431"}],"version-history":[{"count":1,"href":"https:\/\/sgvaimudar.com.br\/index.php\/wp-json\/wp\/v2\/posts\/23431\/revisions"}],"predecessor-version":[{"id":23433,"href":"https:\/\/sgvaimudar.com.br\/index.php\/wp-json\/wp\/v2\/posts\/23431\/revisions\/23433"}],"wp:featuredmedia":[{"embeddable":true,"href":"https:\/\/sgvaimudar.com.br\/index.php\/wp-json\/wp\/v2\/media\/23432"}],"wp:attachment":[{"href":"https:\/\/sgvaimudar.com.br\/index.php\/wp-json\/wp\/v2\/media?parent=23431"}],"wp:term":[{"taxonomy":"category","embeddable":true,"href":"https:\/\/sgvaimudar.com.br\/index.php\/wp-json\/wp\/v2\/categories?post=23431"},{"taxonomy":"post_tag","embeddable":true,"href":"https:\/\/sgvaimudar.com.br\/index.php\/wp-json\/wp\/v2\/tags?post=23431"}],"curies":[{"name":"wp","href":"https:\/\/api.w.org\/{rel}","templated":true}]}}