{"id":23421,"date":"2025-04-11T13:00:00","date_gmt":"2025-04-11T16:00:00","guid":{"rendered":"https:\/\/sgvaimudar.com.br\/?p=23421"},"modified":"2025-04-11T09:54:02","modified_gmt":"2025-04-11T12:54:02","slug":"obras-do-governo-do-estado-no-bairro-bom-retiro-em-sao-goncalo-chegam-a-50","status":"publish","type":"post","link":"https:\/\/sgvaimudar.com.br\/index.php\/2025\/04\/11\/obras-do-governo-do-estado-no-bairro-bom-retiro-em-sao-goncalo-chegam-a-50\/","title":{"rendered":"Obras do Governo do Estado no bairro Bom Retiro, em S\u00e3o Gon\u00e7alo, chegam a 50%"},"content":{"rendered":"\n<p><em>Regi\u00e3o est\u00e1 recebendo melhorias em infraestrutura<\/em><\/p>\n\n\n\n<p>As obras do Governo do Estado nos bairros do Jardim Bom Retiro, em S\u00e3o Gon\u00e7alo, chegaram a 50% das interven\u00e7\u00f5es. O projeto \u00e9 uma parceria da Secretaria das Cidades com a prefeitura de S\u00e3o Gon\u00e7alo.<\/p>\n\n\n\n<p>Segundo maior em extens\u00e3o da cidade, o bairro Bom Retiro segue recebendo servi\u00e7os de drenagem, pavimenta\u00e7\u00e3o e urbaniza\u00e7\u00e3o de mais de 64 ruas, beneficiando mais de 20 mil moradores locais. O investimento \u00e9 da ordem de\u00a0\u00a0 R$270 milh\u00f5es.<\/p>\n\n\n\n<figure class=\"wp-block-image size-full\"><img fetchpriority=\"high\" decoding=\"async\" width=\"826\" height=\"616\" src=\"https:\/\/sgvaimudar.com.br\/wp-content\/uploads\/2025\/04\/Gilmar-Pereira.morador.jpeg\" alt=\"\" class=\"wp-image-23422\" srcset=\"https:\/\/sgvaimudar.com.br\/wp-content\/uploads\/2025\/04\/Gilmar-Pereira.morador.jpeg 826w, https:\/\/sgvaimudar.com.br\/wp-content\/uploads\/2025\/04\/Gilmar-Pereira.morador-300x224.jpeg 300w, https:\/\/sgvaimudar.com.br\/wp-content\/uploads\/2025\/04\/Gilmar-Pereira.morador-768x573.jpeg 768w\" sizes=\"(max-width: 826px) 100vw, 826px\" \/><\/figure>\n\n\n\n<p>\u201cO bairro est\u00e1 recebendo melhorias, nunca vimos isso acontecer. Antes era lama pura ou poeira. Agora temos cal\u00e7ada e asfalto, t\u00e1 com cara de bairro\u201d, disse o morador Gilmar Pereira, de 62 anos.<\/p>\n\n\n\n<p><strong>Sacramento avan\u00e7a<\/strong><\/p>\n\n\n\n<p>Na localidade Sacramento, tamb\u00e9m em S\u00e3o Gon\u00e7alo, as interven\u00e7\u00f5es contemplam melhorias em drenagem, cal\u00e7amento e pavimenta\u00e7\u00e3o de 126 ruas divididas em tr\u00eas bairros: I\u00eada (34 ruas), Eliane (64 ruas) e Sacramento 28 ruas).<\/p>\n\n\n\n<p>O bairro est\u00e1 recebendo investimentos de mais de R$130 milh\u00f5es. H\u00e1 obras nas ruas Albino Jos\u00e9, Artur Napole\u00e3o, Martins Sarazat, S\u00e1 Miranda, entre outras.<\/p>\n\n\n\n<p>\u201cS\u00e3o moradores que n\u00e3o tinham acesso a servi\u00e7os b\u00e1sicos e essenciais. O governador Cl\u00e1udio Castro j\u00e1 determinou aten\u00e7\u00e3o total a essas regi\u00f5es para que a popula\u00e7\u00e3o tenha dignidade e a cidadania que merecem\u201d, disse o secret\u00e1rio de Estado das Cidades, Douglas Ruas.\u00a0<\/p>\n\n\n\n<p><em>Fotos: Divulga\u00e7\u00e3o<\/em><\/p>\n\n\n\n<p><strong><em>S\u00e3o Gon\u00e7alo vai mudar: Not\u00edcias de S\u00e3o Gon\u00e7alo e toda regi\u00e3o.<\/em><\/strong><\/p>\n\n\n\n<figure class=\"wp-block-image size-large\"><img decoding=\"async\" width=\"1024\" height=\"252\" src=\"https:\/\/sgvaimudar.com.br\/wp-content\/uploads\/2025\/03\/Anuncie-Aqui-Sao-Goncalo-vai-mudar-1024x252.jpg\" alt=\"\" class=\"wp-image-22693\" srcset=\"https:\/\/sgvaimudar.com.br\/wp-content\/uploads\/2025\/03\/Anuncie-Aqui-Sao-Goncalo-vai-mudar-1024x252.jpg 1024w, https:\/\/sgvaimudar.com.br\/wp-content\/uploads\/2025\/03\/Anuncie-Aqui-Sao-Goncalo-vai-mudar-300x74.jpg 300w, https:\/\/sgvaimudar.com.br\/wp-content\/uploads\/2025\/03\/Anuncie-Aqui-Sao-Goncalo-vai-mudar-768x189.jpg 768w, https:\/\/sgvaimudar.com.br\/wp-content\/uploads\/2025\/03\/Anuncie-Aqui-Sao-Goncalo-vai-mudar-1536x378.jpg 1536w, https:\/\/sgvaimudar.com.br\/wp-content\/uploads\/2025\/03\/Anuncie-Aqui-Sao-Goncalo-vai-mudar-2048x504.jpg 2048w\" sizes=\"(max-width: 1024px) 100vw, 1024px\" \/><\/figure>\n","protected":false},"excerpt":{"rendered":"<p>Regi\u00e3o est\u00e1 recebendo melhorias em infraestrutura As obras do Governo do Estado nos bairros do Jardim Bom Retiro, em S\u00e3o&hellip;<\/p>\n","protected":false},"author":5,"featured_media":23423,"comment_status":"open","ping_status":"open","sticky":false,"template":"","format":"standard","meta":{"fifu_image_url":"","fifu_image_alt":"","footnotes":""},"categories":[3],"tags":[47,75],"class_list":["post-23421","post","type-post","status-publish","format-standard","has-post-thumbnail","hentry","category-sao-goncalo","tag-rj","tag-sao-goncalo"],"_links":{"self":[{"href":"https:\/\/sgvaimudar.com.br\/index.php\/wp-json\/wp\/v2\/posts\/23421","targetHints":{"allow":["GET"]}}],"collection":[{"href":"https:\/\/sgvaimudar.com.br\/index.php\/wp-json\/wp\/v2\/posts"}],"about":[{"href":"https:\/\/sgvaimudar.com.br\/index.php\/wp-json\/wp\/v2\/types\/post"}],"author":[{"embeddable":true,"href":"https:\/\/sgvaimudar.com.br\/index.php\/wp-json\/wp\/v2\/users\/5"}],"replies":[{"embeddable":true,"href":"https:\/\/sgvaimudar.com.br\/index.php\/wp-json\/wp\/v2\/comments?post=23421"}],"version-history":[{"count":1,"href":"https:\/\/sgvaimudar.com.br\/index.php\/wp-json\/wp\/v2\/posts\/23421\/revisions"}],"predecessor-version":[{"id":23424,"href":"https:\/\/sgvaimudar.com.br\/index.php\/wp-json\/wp\/v2\/posts\/23421\/revisions\/23424"}],"wp:featuredmedia":[{"embeddable":true,"href":"https:\/\/sgvaimudar.com.br\/index.php\/wp-json\/wp\/v2\/media\/23423"}],"wp:attachment":[{"href":"https:\/\/sgvaimudar.com.br\/index.php\/wp-json\/wp\/v2\/media?parent=23421"}],"wp:term":[{"taxonomy":"category","embeddable":true,"href":"https:\/\/sgvaimudar.com.br\/index.php\/wp-json\/wp\/v2\/categories?post=23421"},{"taxonomy":"post_tag","embeddable":true,"href":"https:\/\/sgvaimudar.com.br\/index.php\/wp-json\/wp\/v2\/tags?post=23421"}],"curies":[{"name":"wp","href":"https:\/\/api.w.org\/{rel}","templated":true}]}}