{"id":23410,"date":"2025-04-11T12:00:00","date_gmt":"2025-04-11T15:00:00","guid":{"rendered":"https:\/\/sgvaimudar.com.br\/?p=23410"},"modified":"2025-04-11T08:53:09","modified_gmt":"2025-04-11T11:53:09","slug":"formacao-em-alta-projeto-para-mulheres-empreendedoras-inicia-14a-turma","status":"publish","type":"post","link":"https:\/\/sgvaimudar.com.br\/index.php\/2025\/04\/11\/formacao-em-alta-projeto-para-mulheres-empreendedoras-inicia-14a-turma\/","title":{"rendered":"Forma\u00e7\u00e3o em alta: Projeto para mulheres empreendedoras inicia 14\u00aa turma"},"content":{"rendered":"\n<p><em>Iniciativa da Prefeitura e Sebrae RJ capacita gon\u00e7alenses<\/em><\/p>\n\n\n\n<p>Na tarde desta quinta-feira (10), foi iniciada a 14\u00aa turma do projeto Lidera Mulher, no Partage Shopping. Na aula inaugural, as novas alunas conheceram todos os detalhes do projeto e receberam uma aula sobre Organiza\u00e7\u00e3o Financeira.<\/p>\n\n\n\n<p>O projeto Lidera Mulher \u00e9 realizado pela Secretaria de Assist\u00eancia Social da Prefeitura de S\u00e3o Gon\u00e7alo, atrav\u00e9s da Subsecretaria de Pol\u00edticas P\u00fablicas para as Mulheres, em parceria com o Sebrae RJ. A forma\u00e7\u00e3o tem como objetivo capacitar e apoiar mulheres para pr\u00e1ticas empreendedoras, atrav\u00e9s de incentivo \u00e0 qualifica\u00e7\u00e3o e ao empreendedorismo.<\/p>\n\n\n\n<figure class=\"wp-block-image size-full\"><img fetchpriority=\"high\" decoding=\"async\" width=\"1024\" height=\"683\" src=\"https:\/\/sgvaimudar.com.br\/wp-content\/uploads\/2025\/04\/unnamed-6-5.jpg\" alt=\"\" class=\"wp-image-23411\" srcset=\"https:\/\/sgvaimudar.com.br\/wp-content\/uploads\/2025\/04\/unnamed-6-5.jpg 1024w, https:\/\/sgvaimudar.com.br\/wp-content\/uploads\/2025\/04\/unnamed-6-5-300x200.jpg 300w, https:\/\/sgvaimudar.com.br\/wp-content\/uploads\/2025\/04\/unnamed-6-5-768x512.jpg 768w\" sizes=\"(max-width: 1024px) 100vw, 1024px\" \/><\/figure>\n\n\n\n<p>\u201cO empreendedorismo feminino \u00e9 uma ferramenta poderosa para a autonomia financeira e o empoderamento das mulheres, promovendo independ\u00eancia, inova\u00e7\u00e3o e impacto social. O nosso principal objetivo enquanto subsecretaria \u00e9 fortalecer essas mulheres para que elas conquistem seus espa\u00e7os\u201d, afirmou a subsecret\u00e1ria de Pol\u00edticas P\u00fablicas para as Mulheres, Ana Cristina da Silva.<\/p>\n\n\n\n<p>A capacita\u00e7\u00e3o oferece aulas de estrat\u00e9gias de vendas, uso das redes sociais como ferramenta de neg\u00f3cios, precifica\u00e7\u00e3o de produtos, formaliza\u00e7\u00e3o como Microempreendedora Individual (MEI), entre outras. As aulas acontecem \u00e0s quintas-feiras, a partir das 13h, no Espa\u00e7o Mais Conhecimento, no 2\u00ba piso do Partage Shopping.<\/p>\n\n\n\n<p>A aluna Naide Martins, de 28 anos, \u00e9 moradora do Alc\u00e2ntara e buscou o curso para aprimorar seus conhecimentos.<\/p>\n\n\n\n<p>\u201cEu soube do projeto atrav\u00e9s de uma a\u00e7\u00e3o social da subsecretaria e como eu j\u00e1 trabalho como microempreendedora, no ramo dos doces e salgados, resolvi me inscrever. A expectativa \u00e9 grande! Espero aprender bastante e aumentar as minhas vendas\u201d, declarou.<\/p>\n\n\n\n<p>Ao final do curso, as formandas ganham um diploma e t\u00eam a oportunidade de divulgar os seus trabalhos nos equipamentos da pasta, o Espa\u00e7o Lidera Mulher e a Feira da Mulher Empreendedora.&nbsp;<\/p>\n\n\n\n<p><em>Fotos: Fabio Guimar\u00e3es<\/em><\/p>\n\n\n\n<p><strong><em>S\u00e3o Gon\u00e7alo vai mudar: Not\u00edcias de S\u00e3o Gon\u00e7alo e toda regi\u00e3o.<\/em><\/strong><\/p>\n\n\n\n<figure class=\"wp-block-image size-large\"><img decoding=\"async\" width=\"1024\" height=\"252\" src=\"https:\/\/sgvaimudar.com.br\/wp-content\/uploads\/2025\/03\/Anuncie-Aqui-Sao-Goncalo-vai-mudar-1024x252.jpg\" alt=\"\" class=\"wp-image-22693\" srcset=\"https:\/\/sgvaimudar.com.br\/wp-content\/uploads\/2025\/03\/Anuncie-Aqui-Sao-Goncalo-vai-mudar-1024x252.jpg 1024w, https:\/\/sgvaimudar.com.br\/wp-content\/uploads\/2025\/03\/Anuncie-Aqui-Sao-Goncalo-vai-mudar-300x74.jpg 300w, https:\/\/sgvaimudar.com.br\/wp-content\/uploads\/2025\/03\/Anuncie-Aqui-Sao-Goncalo-vai-mudar-768x189.jpg 768w, https:\/\/sgvaimudar.com.br\/wp-content\/uploads\/2025\/03\/Anuncie-Aqui-Sao-Goncalo-vai-mudar-1536x378.jpg 1536w, https:\/\/sgvaimudar.com.br\/wp-content\/uploads\/2025\/03\/Anuncie-Aqui-Sao-Goncalo-vai-mudar-2048x504.jpg 2048w\" sizes=\"(max-width: 1024px) 100vw, 1024px\" \/><\/figure>\n","protected":false},"excerpt":{"rendered":"<p>Iniciativa da Prefeitura e Sebrae RJ capacita gon\u00e7alenses Na tarde desta quinta-feira (10), foi iniciada a 14\u00aa turma do projeto&hellip;<\/p>\n","protected":false},"author":5,"featured_media":23412,"comment_status":"open","ping_status":"open","sticky":false,"template":"","format":"standard","meta":{"fifu_image_url":"","fifu_image_alt":"","footnotes":""},"categories":[3],"tags":[47,75],"class_list":["post-23410","post","type-post","status-publish","format-standard","has-post-thumbnail","hentry","category-sao-goncalo","tag-rj","tag-sao-goncalo"],"_links":{"self":[{"href":"https:\/\/sgvaimudar.com.br\/index.php\/wp-json\/wp\/v2\/posts\/23410","targetHints":{"allow":["GET"]}}],"collection":[{"href":"https:\/\/sgvaimudar.com.br\/index.php\/wp-json\/wp\/v2\/posts"}],"about":[{"href":"https:\/\/sgvaimudar.com.br\/index.php\/wp-json\/wp\/v2\/types\/post"}],"author":[{"embeddable":true,"href":"https:\/\/sgvaimudar.com.br\/index.php\/wp-json\/wp\/v2\/users\/5"}],"replies":[{"embeddable":true,"href":"https:\/\/sgvaimudar.com.br\/index.php\/wp-json\/wp\/v2\/comments?post=23410"}],"version-history":[{"count":1,"href":"https:\/\/sgvaimudar.com.br\/index.php\/wp-json\/wp\/v2\/posts\/23410\/revisions"}],"predecessor-version":[{"id":23413,"href":"https:\/\/sgvaimudar.com.br\/index.php\/wp-json\/wp\/v2\/posts\/23410\/revisions\/23413"}],"wp:featuredmedia":[{"embeddable":true,"href":"https:\/\/sgvaimudar.com.br\/index.php\/wp-json\/wp\/v2\/media\/23412"}],"wp:attachment":[{"href":"https:\/\/sgvaimudar.com.br\/index.php\/wp-json\/wp\/v2\/media?parent=23410"}],"wp:term":[{"taxonomy":"category","embeddable":true,"href":"https:\/\/sgvaimudar.com.br\/index.php\/wp-json\/wp\/v2\/categories?post=23410"},{"taxonomy":"post_tag","embeddable":true,"href":"https:\/\/sgvaimudar.com.br\/index.php\/wp-json\/wp\/v2\/tags?post=23410"}],"curies":[{"name":"wp","href":"https:\/\/api.w.org\/{rel}","templated":true}]}}