{"id":23387,"date":"2025-04-11T07:13:21","date_gmt":"2025-04-11T10:13:21","guid":{"rendered":"https:\/\/sgvaimudar.com.br\/?p=23387"},"modified":"2025-04-11T07:13:21","modified_gmt":"2025-04-11T10:13:21","slug":"moradores-do-bairro-estrela-do-norte-recebem-pavimentacao-em-mais-um-trecho-do-muvi","status":"publish","type":"post","link":"https:\/\/sgvaimudar.com.br\/index.php\/2025\/04\/11\/moradores-do-bairro-estrela-do-norte-recebem-pavimentacao-em-mais-um-trecho-do-muvi\/","title":{"rendered":"Moradores do bairro Estrela do Norte recebem pavimenta\u00e7\u00e3o em mais um trecho do Muvi"},"content":{"rendered":"\n<p><em>Obras de drenagem e constru\u00e7\u00e3o de cal\u00e7adas j\u00e1 foi conclu\u00edda na \u00e1rea<\/em><\/p>\n\n\n\n<p>As obras do projeto Mobilidade Urbana Verde Integrada (Muvi) avan\u00e7am por todo o munic\u00edpio de S\u00e3o Gon\u00e7alo. Nesta quinta-feira (10), uma nova parte da Avenida Presidente Kennedy, no bairro Estrela do Norte, recebeu pavimenta\u00e7\u00e3o. O local faz parte do trecho 4 do corredor vi\u00e1rio, que est\u00e1 com interven\u00e7\u00f5es acontecendo tamb\u00e9m nos trechos 1, 2, 3 e 5.<\/p>\n\n\n\n<p>Em todos os trechos da obra, est\u00e3o sendo instaladas manilhas para redes de drenagem, al\u00e9m da constru\u00e7\u00e3o de cal\u00e7adas, ciclovias, meios-fios e pistas preferenciais para \u00f4nibus. <\/p>\n\n\n\n<figure class=\"wp-block-image size-full\"><img fetchpriority=\"high\" decoding=\"async\" width=\"1024\" height=\"683\" src=\"https:\/\/sgvaimudar.com.br\/wp-content\/uploads\/2025\/04\/unnamed-3-8.jpg\" alt=\"\" class=\"wp-image-23388\" srcset=\"https:\/\/sgvaimudar.com.br\/wp-content\/uploads\/2025\/04\/unnamed-3-8.jpg 1024w, https:\/\/sgvaimudar.com.br\/wp-content\/uploads\/2025\/04\/unnamed-3-8-300x200.jpg 300w, https:\/\/sgvaimudar.com.br\/wp-content\/uploads\/2025\/04\/unnamed-3-8-768x512.jpg 768w\" sizes=\"(max-width: 1024px) 100vw, 1024px\" \/><\/figure>\n\n\n\n<p>O projeto foi elaborado pela Secretaria Municipal de Gest\u00e3o Integrada e Projetos Especiais (Semgipe). O trecho que est\u00e1 sendo pavimentado j\u00e1 recebeu obras de drenagem. Quem passa pelo local j\u00e1 pode ver tamb\u00e9m a ciclovia tomando forma.<\/p>\n\n\n\n<p>O projeto do Muvi est\u00e1 sendo executado gra\u00e7as a uma parceria entre o Governo do Estado do Rio de Janeiro, atrav\u00e9s da Secretaria das Cidades, e a Prefeitura de S\u00e3o Gon\u00e7alo. Trata-se do maior projeto de mobilidade urbana j\u00e1 realizado na cidade de S\u00e3o Gon\u00e7alo, com investimento de R$ 287 milh\u00f5es.<\/p>\n\n\n\n<p>As obras da bairro Estrela do Norte seguir\u00e3o pela Avenida Presidente Kennedy em conjunto com as obras da mesma via do bairro Trindade. As duas frentes de obra se encontrar\u00e3o no meio do caminho com o andamento do projeto.<\/p>\n\n\n\n<p>O Muvi vai ligar o bairro de Neves a Guaxindiba. O corredor vi\u00e1rio ter\u00e1 18 quil\u00f4metros de extens\u00e3o e s\u00e3o previstas v\u00e1rias interven\u00e7\u00f5es urban\u00edsticas no trajeto. Em trechos do Vila Lage e do Camar\u00e3o, por exemplo, j\u00e1 \u00e9 poss\u00edvel ver os resultados do projeto, com pistas com asfalto novo para o tr\u00e1fego de ve\u00edculos, paisagismo e as ciclovias conclu\u00eddas em diversos trechos.<\/p>\n\n\n\n<p><strong><em>S\u00e3o Gon\u00e7alo vai mudar: Not\u00edcias de S\u00e3o Gon\u00e7alo e toda regi\u00e3o.<\/em><\/strong><\/p>\n\n\n\n<figure class=\"wp-block-image size-large\"><img decoding=\"async\" width=\"1024\" height=\"252\" src=\"https:\/\/sgvaimudar.com.br\/wp-content\/uploads\/2025\/03\/Anuncie-Aqui-Sao-Goncalo-vai-mudar-1024x252.jpg\" alt=\"\" class=\"wp-image-22693\" srcset=\"https:\/\/sgvaimudar.com.br\/wp-content\/uploads\/2025\/03\/Anuncie-Aqui-Sao-Goncalo-vai-mudar-1024x252.jpg 1024w, https:\/\/sgvaimudar.com.br\/wp-content\/uploads\/2025\/03\/Anuncie-Aqui-Sao-Goncalo-vai-mudar-300x74.jpg 300w, https:\/\/sgvaimudar.com.br\/wp-content\/uploads\/2025\/03\/Anuncie-Aqui-Sao-Goncalo-vai-mudar-768x189.jpg 768w, https:\/\/sgvaimudar.com.br\/wp-content\/uploads\/2025\/03\/Anuncie-Aqui-Sao-Goncalo-vai-mudar-1536x378.jpg 1536w, https:\/\/sgvaimudar.com.br\/wp-content\/uploads\/2025\/03\/Anuncie-Aqui-Sao-Goncalo-vai-mudar-2048x504.jpg 2048w\" sizes=\"(max-width: 1024px) 100vw, 1024px\" \/><\/figure>\n","protected":false},"excerpt":{"rendered":"<p>Obras de drenagem e constru\u00e7\u00e3o de cal\u00e7adas j\u00e1 foi conclu\u00edda na \u00e1rea As obras do projeto Mobilidade Urbana Verde Integrada&hellip;<\/p>\n","protected":false},"author":5,"featured_media":23389,"comment_status":"open","ping_status":"open","sticky":false,"template":"","format":"standard","meta":{"fifu_image_url":"","fifu_image_alt":"","footnotes":""},"categories":[3],"tags":[47,75],"class_list":["post-23387","post","type-post","status-publish","format-standard","has-post-thumbnail","hentry","category-sao-goncalo","tag-rj","tag-sao-goncalo"],"_links":{"self":[{"href":"https:\/\/sgvaimudar.com.br\/index.php\/wp-json\/wp\/v2\/posts\/23387","targetHints":{"allow":["GET"]}}],"collection":[{"href":"https:\/\/sgvaimudar.com.br\/index.php\/wp-json\/wp\/v2\/posts"}],"about":[{"href":"https:\/\/sgvaimudar.com.br\/index.php\/wp-json\/wp\/v2\/types\/post"}],"author":[{"embeddable":true,"href":"https:\/\/sgvaimudar.com.br\/index.php\/wp-json\/wp\/v2\/users\/5"}],"replies":[{"embeddable":true,"href":"https:\/\/sgvaimudar.com.br\/index.php\/wp-json\/wp\/v2\/comments?post=23387"}],"version-history":[{"count":1,"href":"https:\/\/sgvaimudar.com.br\/index.php\/wp-json\/wp\/v2\/posts\/23387\/revisions"}],"predecessor-version":[{"id":23390,"href":"https:\/\/sgvaimudar.com.br\/index.php\/wp-json\/wp\/v2\/posts\/23387\/revisions\/23390"}],"wp:featuredmedia":[{"embeddable":true,"href":"https:\/\/sgvaimudar.com.br\/index.php\/wp-json\/wp\/v2\/media\/23389"}],"wp:attachment":[{"href":"https:\/\/sgvaimudar.com.br\/index.php\/wp-json\/wp\/v2\/media?parent=23387"}],"wp:term":[{"taxonomy":"category","embeddable":true,"href":"https:\/\/sgvaimudar.com.br\/index.php\/wp-json\/wp\/v2\/categories?post=23387"},{"taxonomy":"post_tag","embeddable":true,"href":"https:\/\/sgvaimudar.com.br\/index.php\/wp-json\/wp\/v2\/tags?post=23387"}],"curies":[{"name":"wp","href":"https:\/\/api.w.org\/{rel}","templated":true}]}}