{"id":23379,"date":"2025-04-11T06:35:48","date_gmt":"2025-04-11T09:35:48","guid":{"rendered":"https:\/\/sgvaimudar.com.br\/?p=23379"},"modified":"2025-04-11T06:36:53","modified_gmt":"2025-04-11T09:36:53","slug":"caminhada-de-conscientizacao-do-autismo-vai-acontecer-neste-sabado-12-em-sao-goncalo","status":"publish","type":"post","link":"https:\/\/sgvaimudar.com.br\/index.php\/2025\/04\/11\/caminhada-de-conscientizacao-do-autismo-vai-acontecer-neste-sabado-12-em-sao-goncalo\/","title":{"rendered":"Caminhada de conscientiza\u00e7\u00e3o do autismo vai acontecer neste s\u00e1bado 12 em S\u00e3o Gon\u00e7alo"},"content":{"rendered":"\n<p><em>A\u00e7\u00e3o visa conscientizar sobre a import\u00e2ncia da inclus\u00e3o e acessibilidade. A concentra\u00e7\u00e3o vai acontecer pr\u00f3ximo ao INSS<\/em><\/p>\n\n\n\n<p>Em alus\u00e3o ao Dia Mundial de Conscientiza\u00e7\u00e3o do Autismo, celebrado em 2 de abril, vai acontecer a caminhada \u201cInclus\u00e3o e respeito: Os autistas t\u00eam direito!\u201d, no pr\u00f3ximo s\u00e1bado (12), a partir das 9h, no Centro.<\/p>\n\n\n\n<p>A a\u00e7\u00e3o de conscientiza\u00e7\u00e3o \u00e9 uma iniciativa do grupo TEA M\u00e3es em A\u00e7\u00e3o e da Casa At\u00edpica, em parceria com a Secretaria de Assist\u00eancia Social da Prefeitura de S\u00e3o Gon\u00e7alo, atrav\u00e9s da Subsecretaria da Pessoa com Defici\u00eancia.<\/p>\n\n\n\n<figure class=\"wp-block-image size-large\"><img fetchpriority=\"high\" decoding=\"async\" width=\"819\" height=\"1024\" src=\"https:\/\/sgvaimudar.com.br\/wp-content\/uploads\/2025\/04\/unnamed-20-819x1024.jpg\" alt=\"\" class=\"wp-image-23380\" srcset=\"https:\/\/sgvaimudar.com.br\/wp-content\/uploads\/2025\/04\/unnamed-20-819x1024.jpg 819w, https:\/\/sgvaimudar.com.br\/wp-content\/uploads\/2025\/04\/unnamed-20-240x300.jpg 240w, https:\/\/sgvaimudar.com.br\/wp-content\/uploads\/2025\/04\/unnamed-20-768x960.jpg 768w, https:\/\/sgvaimudar.com.br\/wp-content\/uploads\/2025\/04\/unnamed-20.jpg 1024w\" sizes=\"(max-width: 819px) 100vw, 819px\" \/><\/figure>\n\n\n\n<p>A concentra\u00e7\u00e3o para a caminhada vai acontecer na Rua Coronel Moreira C\u00e9sar, 169,  pr\u00f3ximo ao INSS, e seguir\u00e1 para a Pra\u00e7a Dr. Luiz Palmier, onde ter\u00e1 a Feira de Artesanato de M\u00e3es At\u00edpicas, que ficar\u00e1 dispon\u00edvel no local at\u00e9 \u00e0s 15h.<\/p>\n\n\n\n<p>O intuito da caminhada \u00e9 promover uma mobiliza\u00e7\u00e3o significativa para dar visibilidade \u00e0 causa e conscientizar as pessoas sobre a import\u00e2ncia da inclus\u00e3o e acessibilidade aos autistas.<\/p>\n\n\n\n<p><strong><em>S\u00e3o Gon\u00e7alo vai mudar: Not\u00edcias de S\u00e3o Gon\u00e7alo e toda regi\u00e3o.<\/em><\/strong><\/p>\n\n\n\n<figure class=\"wp-block-image size-large\"><img decoding=\"async\" width=\"1024\" height=\"252\" src=\"https:\/\/sgvaimudar.com.br\/wp-content\/uploads\/2025\/03\/Anuncie-Aqui-Sao-Goncalo-vai-mudar-1024x252.jpg\" alt=\"\" class=\"wp-image-22693\" srcset=\"https:\/\/sgvaimudar.com.br\/wp-content\/uploads\/2025\/03\/Anuncie-Aqui-Sao-Goncalo-vai-mudar-1024x252.jpg 1024w, https:\/\/sgvaimudar.com.br\/wp-content\/uploads\/2025\/03\/Anuncie-Aqui-Sao-Goncalo-vai-mudar-300x74.jpg 300w, https:\/\/sgvaimudar.com.br\/wp-content\/uploads\/2025\/03\/Anuncie-Aqui-Sao-Goncalo-vai-mudar-768x189.jpg 768w, https:\/\/sgvaimudar.com.br\/wp-content\/uploads\/2025\/03\/Anuncie-Aqui-Sao-Goncalo-vai-mudar-1536x378.jpg 1536w, https:\/\/sgvaimudar.com.br\/wp-content\/uploads\/2025\/03\/Anuncie-Aqui-Sao-Goncalo-vai-mudar-2048x504.jpg 2048w\" sizes=\"(max-width: 1024px) 100vw, 1024px\" \/><\/figure>\n","protected":false},"excerpt":{"rendered":"<p>A\u00e7\u00e3o visa conscientizar sobre a import\u00e2ncia da inclus\u00e3o e acessibilidade. A concentra\u00e7\u00e3o vai acontecer pr\u00f3ximo ao INSS Em alus\u00e3o ao&hellip;<\/p>\n","protected":false},"author":5,"featured_media":23381,"comment_status":"open","ping_status":"open","sticky":false,"template":"","format":"standard","meta":{"fifu_image_url":"","fifu_image_alt":"","footnotes":""},"categories":[5],"tags":[],"class_list":["post-23379","post","type-post","status-publish","format-standard","has-post-thumbnail","hentry","category-esportes"],"_links":{"self":[{"href":"https:\/\/sgvaimudar.com.br\/index.php\/wp-json\/wp\/v2\/posts\/23379","targetHints":{"allow":["GET"]}}],"collection":[{"href":"https:\/\/sgvaimudar.com.br\/index.php\/wp-json\/wp\/v2\/posts"}],"about":[{"href":"https:\/\/sgvaimudar.com.br\/index.php\/wp-json\/wp\/v2\/types\/post"}],"author":[{"embeddable":true,"href":"https:\/\/sgvaimudar.com.br\/index.php\/wp-json\/wp\/v2\/users\/5"}],"replies":[{"embeddable":true,"href":"https:\/\/sgvaimudar.com.br\/index.php\/wp-json\/wp\/v2\/comments?post=23379"}],"version-history":[{"count":2,"href":"https:\/\/sgvaimudar.com.br\/index.php\/wp-json\/wp\/v2\/posts\/23379\/revisions"}],"predecessor-version":[{"id":23383,"href":"https:\/\/sgvaimudar.com.br\/index.php\/wp-json\/wp\/v2\/posts\/23379\/revisions\/23383"}],"wp:featuredmedia":[{"embeddable":true,"href":"https:\/\/sgvaimudar.com.br\/index.php\/wp-json\/wp\/v2\/media\/23381"}],"wp:attachment":[{"href":"https:\/\/sgvaimudar.com.br\/index.php\/wp-json\/wp\/v2\/media?parent=23379"}],"wp:term":[{"taxonomy":"category","embeddable":true,"href":"https:\/\/sgvaimudar.com.br\/index.php\/wp-json\/wp\/v2\/categories?post=23379"},{"taxonomy":"post_tag","embeddable":true,"href":"https:\/\/sgvaimudar.com.br\/index.php\/wp-json\/wp\/v2\/tags?post=23379"}],"curies":[{"name":"wp","href":"https:\/\/api.w.org\/{rel}","templated":true}]}}