{"id":23376,"date":"2025-04-10T21:00:00","date_gmt":"2025-04-11T00:00:00","guid":{"rendered":"https:\/\/sgvaimudar.com.br\/?p=23376"},"modified":"2025-04-10T10:25:23","modified_gmt":"2025-04-10T13:25:23","slug":"itaborai-realiza-1a-conferencia-livre-municipal-para-etapa-da-5a-conferencia-nacional-de-saude-das-trabalhadoras-e-dos-trabalhadores","status":"publish","type":"post","link":"https:\/\/sgvaimudar.com.br\/index.php\/2025\/04\/10\/itaborai-realiza-1a-conferencia-livre-municipal-para-etapa-da-5a-conferencia-nacional-de-saude-das-trabalhadoras-e-dos-trabalhadores\/","title":{"rendered":"Itabora\u00ed realiza 1\u00aa Confer\u00eancia Livre Municipal para etapa da 5\u00aa Confer\u00eancia Nacional de Sa\u00fade das Trabalhadoras e dos Trabalhadores"},"content":{"rendered":"\n<p>A Prefeitura de Itabora\u00ed, por meio da Secretaria Municipal de Sa\u00fade (Semsa) e do Conselho Municipal de Sa\u00fade (CMS\/ITA), realizou a 1\u00aa Confer\u00eancia Livre Municipal de Itabora\u00ed para a etapa da 5\u00aa Confer\u00eancia Nacional de Sa\u00fade das Trabalhadoras e dos Trabalhadores \u2013 2025. O encontro aconteceu das 8h \u00e0s 17h, nas depend\u00eancias da Secretaria Municipal de Sa\u00fade, com abertura no plen\u00e1rio Francisco Nanci, na C\u00e2mara Municipal de Vereadores.<\/p>\n\n\n\n<p>Com o tema central \u201cSa\u00fade do Trabalhador e da Trabalhadora como Direito Humano\u201d, a confer\u00eancia foi realizada no formato de roda de conversa, em conformidade com a Resolu\u00e7\u00e3o CNS n\u00ba 744, de 14 de mar\u00e7o de 2024, e deliberada em plen\u00e1ria do CMS\/ITA no dia 26 de mar\u00e7o.<\/p>\n\n\n\n<p>A programa\u00e7\u00e3o teve in\u00edcio com o credenciamento dos participantes e caf\u00e9 da manh\u00e3, seguido da execu\u00e7\u00e3o do Hino Nacional e do Hino de Itabora\u00ed, al\u00e9m da leitura e homologa\u00e7\u00e3o do regimento e regulamento da confer\u00eancia.<\/p>\n\n\n\n<p>A programa\u00e7\u00e3o tamb\u00e9m contou com a forma\u00e7\u00e3o da mesa tem\u00e1tica, com participa\u00e7\u00e3o da Comiss\u00e3o Organizadora, da Comiss\u00e3o Executiva e dos palestrantes convidados. Os debates seguiram os seguintes eixos tem\u00e1ticos:<br>\u2022 Eixo 1: Pol\u00edtica Nacional de Sa\u00fade do Trabalhador e da Trabalhadora.<br>\u2022 Eixo 2: As novas rela\u00e7\u00f5es de trabalho e a sa\u00fade do trabalhador e da trabalhadora, com o Dr. Jos\u00e9 Ricardo de Oliveira Lessa.<br>\u2022 Eixo 3: Participa\u00e7\u00e3o popular na sa\u00fade dos trabalhadores e trabalhadoras para efetiva\u00e7\u00e3o do controle social, com o Dr. Edilson dos Santos.<\/p>\n\n\n\n<p>Os participantes foram divididos em Grupos de Trabalho para desenvolver os assuntos abordados, e, posteriormente, a confer\u00eancia foi encerrada com uma plen\u00e1ria final para apresenta\u00e7\u00e3o e homologa\u00e7\u00e3o das propostas debatidas ao longo do dia.<\/p>\n\n\n\n<p>A secret\u00e1ria municipal de Sa\u00fade, Analice Rangel, refor\u00e7a a import\u00e2ncia da escuta ativa e da constru\u00e7\u00e3o coletiva para o fortalecimento do SUS.<\/p>\n\n\n\n<p>\u201cA sa\u00fade do trabalhador \u00e9 um tema que precisa estar cada vez mais presente na nossa agenda p\u00fablica. Esta confer\u00eancia \u00e9 uma oportunidade valiosa de reunir profissionais, gestores e usu\u00e1rios para pensar pol\u00edticas que garantam dignidade, bem-estar e seguran\u00e7a no ambiente de trabalho. Queremos ouvir, debater e construir juntos\u201d, afirmou a secret\u00e1ria.<\/p>\n\n\n\n<p>Vale destacar que o evento representa um importante espa\u00e7o de di\u00e1logo e participa\u00e7\u00e3o popular, reafirmando o compromisso do munic\u00edpio com o fortalecimento do controle social e a valoriza\u00e7\u00e3o da sa\u00fade como um direito de todas e todos.<\/p>\n\n\n\n<p><strong><em>S\u00e3o Gon\u00e7alo vai mudar: Not\u00edcias de S\u00e3o Gon\u00e7alo e toda regi\u00e3o.<\/em><\/strong><\/p>\n\n\n\n<figure class=\"wp-block-image size-large\"><img decoding=\"async\" width=\"1024\" height=\"46\" src=\"https:\/\/sgvaimudar.com.br\/wp-content\/uploads\/2023\/08\/Anuncie-Aqui-Sao-Goncalo-vai-mudar-1024x46.png\" alt=\"\" class=\"wp-image-2740\" srcset=\"https:\/\/sgvaimudar.com.br\/wp-content\/uploads\/2023\/08\/Anuncie-Aqui-Sao-Goncalo-vai-mudar-1024x46.png 1024w, https:\/\/sgvaimudar.com.br\/wp-content\/uploads\/2023\/08\/Anuncie-Aqui-Sao-Goncalo-vai-mudar-300x13.png 300w, https:\/\/sgvaimudar.com.br\/wp-content\/uploads\/2023\/08\/Anuncie-Aqui-Sao-Goncalo-vai-mudar-768x35.png 768w, https:\/\/sgvaimudar.com.br\/wp-content\/uploads\/2023\/08\/Anuncie-Aqui-Sao-Goncalo-vai-mudar-1536x69.png 1536w, https:\/\/sgvaimudar.com.br\/wp-content\/uploads\/2023\/08\/Anuncie-Aqui-Sao-Goncalo-vai-mudar.png 2002w\" sizes=\"(max-width: 1024px) 100vw, 1024px\" \/><\/figure>\n","protected":false},"excerpt":{"rendered":"<p>A Prefeitura de Itabora\u00ed, por meio da Secretaria Municipal de Sa\u00fade (Semsa) e do Conselho Municipal de Sa\u00fade (CMS\/ITA), realizou&hellip;<\/p>\n","protected":false},"author":5,"featured_media":23377,"comment_status":"open","ping_status":"open","sticky":false,"template":"","format":"standard","meta":{"fifu_image_url":"","fifu_image_alt":"","footnotes":""},"categories":[7],"tags":[47],"class_list":["post-23376","post","type-post","status-publish","format-standard","has-post-thumbnail","hentry","category-saude","tag-rj"],"_links":{"self":[{"href":"https:\/\/sgvaimudar.com.br\/index.php\/wp-json\/wp\/v2\/posts\/23376","targetHints":{"allow":["GET"]}}],"collection":[{"href":"https:\/\/sgvaimudar.com.br\/index.php\/wp-json\/wp\/v2\/posts"}],"about":[{"href":"https:\/\/sgvaimudar.com.br\/index.php\/wp-json\/wp\/v2\/types\/post"}],"author":[{"embeddable":true,"href":"https:\/\/sgvaimudar.com.br\/index.php\/wp-json\/wp\/v2\/users\/5"}],"replies":[{"embeddable":true,"href":"https:\/\/sgvaimudar.com.br\/index.php\/wp-json\/wp\/v2\/comments?post=23376"}],"version-history":[{"count":1,"href":"https:\/\/sgvaimudar.com.br\/index.php\/wp-json\/wp\/v2\/posts\/23376\/revisions"}],"predecessor-version":[{"id":23378,"href":"https:\/\/sgvaimudar.com.br\/index.php\/wp-json\/wp\/v2\/posts\/23376\/revisions\/23378"}],"wp:featuredmedia":[{"embeddable":true,"href":"https:\/\/sgvaimudar.com.br\/index.php\/wp-json\/wp\/v2\/media\/23377"}],"wp:attachment":[{"href":"https:\/\/sgvaimudar.com.br\/index.php\/wp-json\/wp\/v2\/media?parent=23376"}],"wp:term":[{"taxonomy":"category","embeddable":true,"href":"https:\/\/sgvaimudar.com.br\/index.php\/wp-json\/wp\/v2\/categories?post=23376"},{"taxonomy":"post_tag","embeddable":true,"href":"https:\/\/sgvaimudar.com.br\/index.php\/wp-json\/wp\/v2\/tags?post=23376"}],"curies":[{"name":"wp","href":"https:\/\/api.w.org\/{rel}","templated":true}]}}