{"id":23344,"date":"2025-04-10T10:00:00","date_gmt":"2025-04-10T13:00:00","guid":{"rendered":"https:\/\/sgvaimudar.com.br\/?p=23344"},"modified":"2025-04-10T08:35:33","modified_gmt":"2025-04-10T11:35:33","slug":"servidores-de-sao-goncalo-ganham-grupo-de-acolhimento-para-cuidadores-de-pessoas-autistas","status":"publish","type":"post","link":"https:\/\/sgvaimudar.com.br\/index.php\/2025\/04\/10\/servidores-de-sao-goncalo-ganham-grupo-de-acolhimento-para-cuidadores-de-pessoas-autistas\/","title":{"rendered":"Servidores de S\u00e3o Gon\u00e7alo ganham grupo de acolhimento para cuidadores de pessoas autistas"},"content":{"rendered":"\n<p><em>Uni\u00e3o de informa\u00e7\u00f5es e experi\u00eancias e ser\u00e1 mediado por profissionais de sa\u00fade<\/em><\/p>\n\n\n\n<p>Est\u00e3o abertas, no munic\u00edpio de S\u00e3o Gon\u00e7alo, as inscri\u00e7\u00f5es para o grupo \u201cCuidando de Quem Cuida &#8211; Funasg Azul\u201d para servidores p\u00fablicos do munic\u00edpio, ativos e inativos, e seus dependentes. A previs\u00e3o para o in\u00edcio dos encontros \u00e9 final de abril, a depender do n\u00famero de inscritos. <\/p>\n\n\n\n<p>Fornecido pela Funda\u00e7\u00e3o de Assist\u00eancia \u00e0 Sa\u00fade dos Servidores de S\u00e3o Gon\u00e7alo (Funasg), o grupo de fortalecimento se dedica a quem cuida de pessoas diagnosticadas com o Transtorno do Espectro Autista (TEA), sejam m\u00e3es, pais, av\u00f3s e av\u00f4s, dentre outros.<\/p>\n\n\n\n<p>Os encontros do grupo acontecer\u00e3o durante um ano, at\u00e9 2026, sempre das 10h \u00e0s 11h, \u00e0s sextas-feiras, na sala de fonoaudiologia da Funasg, no Centro. O objetivo do grupo \u00e9 trocar experi\u00eancias, promover o acolhimento e apoio para aqueles que cuidam de quem tanto amam, diminuir o estresse dos cuidadores, divulgar material cient\u00edfico informativo, fomentar um espa\u00e7o de escuta qualificada e instrumentalizar os cuidadores.<\/p>\n\n\n\n<p>\u201cQueremos propor o acolhimento e o apoio para quem cuida de quem ama. Os encontros do grupo ser\u00e3o gratuitos e semanais para a escuta qualificada e discuss\u00e3o de temas solicitados pelos cuidadores e percebidos como necess\u00e1rios de acordo com as demandas trazidas pelos pr\u00f3prios membros\u201d, afirmou o presidente da Funasg, Eug\u00eanio Abreu.<\/p>\n\n\n\n<p>Durante os encontros, estar\u00e1 presente uma equipe multidisciplinar, al\u00e9m da fonoaudi\u00f3loga Priscila Silveira e da assistente social C\u00e1ssia Regina, que j\u00e1 atendem na Funasg.<\/p>\n\n\n\n<figure class=\"wp-block-image size-full\"><img decoding=\"async\" src=\"https:\/\/sgvaimudar.com.br\/wp-content\/uploads\/2025\/04\/unnamed-7-6.jpg\" alt=\"\" class=\"wp-image-23347\" \/><\/figure>\n\n\n\n<p>&#8220;Esse \u00e9 o primeiro grupo focado nos cuidadores de pessoas com o TEA, que cuidam dos filhos, levam para a terapia e outros lugares todos os dias, mas n\u00e3o cuidam de si e isso gera uma estafa muito grande. Cuidar de crian\u00e7a j\u00e1 \u00e9 uma demanda grande, cuidar de uma crian\u00e7a at\u00edpica \u00e9 muita demanda maior ainda e causa uma sobrecarga. Foi a partir da\u00ed que come\u00e7amos e resolvemos fazer esse grupo. Ser\u00e1 um espa\u00e7o para uma fam\u00edlia ouvir a outra, porque s\u00f3 quem vive as mesmas situa\u00e7\u00f5es entende o outro, mediado por profissionais de sa\u00fade. Essa sobrecarga gera demandas emocionais nos cuidadores, que acabam percebendo que n\u00e3o d\u00e3o conta de outros aspectos da vida&#8221;, afirmou Priscila Silveira, fonoaudi\u00f3loga que mediar\u00e1 o grupo.<\/p>\n\n\n\n<p>Para se inscrever no grupo, basta ser um servidor com v\u00ednculo com a Funasg (ou dependente) e procurar a funda\u00e7\u00e3o pelo telefone, atrav\u00e9s dos n\u00fameros (21) 2199-6520 ou (21) 2199-6519 ou pelo Whatsapp (21) 99254-4448, de segunda a sexta-feira, das 8h \u00e0s 17h. Uma outra forma de inscrever \u00e9 ir at\u00e9 a Funasg, que fica localizada na Rua Alu\u00edsio Neiva, 808, Centro de S\u00e3o Gon\u00e7alo.&nbsp;<\/p>\n\n\n\n<p><em>Foto: Julio Diniz<\/em><\/p>\n\n\n\n<p><strong><em>S\u00e3o Gon\u00e7alo vai mudar: Not\u00edcias de S\u00e3o Gon\u00e7alo e toda regi\u00e3o.<\/em><\/strong><\/p>\n\n\n\n<figure class=\"wp-block-image size-large\"><img fetchpriority=\"high\" decoding=\"async\" width=\"1024\" height=\"252\" src=\"https:\/\/sgvaimudar.com.br\/wp-content\/uploads\/2025\/03\/Anuncie-Aqui-Sao-Goncalo-vai-mudar-1024x252.jpg\" alt=\"\" class=\"wp-image-22693\" srcset=\"https:\/\/sgvaimudar.com.br\/wp-content\/uploads\/2025\/03\/Anuncie-Aqui-Sao-Goncalo-vai-mudar-1024x252.jpg 1024w, https:\/\/sgvaimudar.com.br\/wp-content\/uploads\/2025\/03\/Anuncie-Aqui-Sao-Goncalo-vai-mudar-300x74.jpg 300w, https:\/\/sgvaimudar.com.br\/wp-content\/uploads\/2025\/03\/Anuncie-Aqui-Sao-Goncalo-vai-mudar-768x189.jpg 768w, https:\/\/sgvaimudar.com.br\/wp-content\/uploads\/2025\/03\/Anuncie-Aqui-Sao-Goncalo-vai-mudar-1536x378.jpg 1536w, https:\/\/sgvaimudar.com.br\/wp-content\/uploads\/2025\/03\/Anuncie-Aqui-Sao-Goncalo-vai-mudar-2048x504.jpg 2048w\" sizes=\"(max-width: 1024px) 100vw, 1024px\" \/><\/figure>\n","protected":false},"excerpt":{"rendered":"<p>Uni\u00e3o de informa\u00e7\u00f5es e experi\u00eancias e ser\u00e1 mediado por profissionais de sa\u00fade Est\u00e3o abertas, no munic\u00edpio de S\u00e3o Gon\u00e7alo, as&hellip;<\/p>\n","protected":false},"author":5,"featured_media":23346,"comment_status":"open","ping_status":"open","sticky":false,"template":"","format":"standard","meta":{"fifu_image_url":"","fifu_image_alt":"","footnotes":""},"categories":[7],"tags":[47,75],"class_list":["post-23344","post","type-post","status-publish","format-standard","has-post-thumbnail","hentry","category-saude","tag-rj","tag-sao-goncalo"],"_links":{"self":[{"href":"https:\/\/sgvaimudar.com.br\/index.php\/wp-json\/wp\/v2\/posts\/23344","targetHints":{"allow":["GET"]}}],"collection":[{"href":"https:\/\/sgvaimudar.com.br\/index.php\/wp-json\/wp\/v2\/posts"}],"about":[{"href":"https:\/\/sgvaimudar.com.br\/index.php\/wp-json\/wp\/v2\/types\/post"}],"author":[{"embeddable":true,"href":"https:\/\/sgvaimudar.com.br\/index.php\/wp-json\/wp\/v2\/users\/5"}],"replies":[{"embeddable":true,"href":"https:\/\/sgvaimudar.com.br\/index.php\/wp-json\/wp\/v2\/comments?post=23344"}],"version-history":[{"count":1,"href":"https:\/\/sgvaimudar.com.br\/index.php\/wp-json\/wp\/v2\/posts\/23344\/revisions"}],"predecessor-version":[{"id":23348,"href":"https:\/\/sgvaimudar.com.br\/index.php\/wp-json\/wp\/v2\/posts\/23344\/revisions\/23348"}],"wp:featuredmedia":[{"embeddable":true,"href":"https:\/\/sgvaimudar.com.br\/index.php\/wp-json\/wp\/v2\/media\/23346"}],"wp:attachment":[{"href":"https:\/\/sgvaimudar.com.br\/index.php\/wp-json\/wp\/v2\/media?parent=23344"}],"wp:term":[{"taxonomy":"category","embeddable":true,"href":"https:\/\/sgvaimudar.com.br\/index.php\/wp-json\/wp\/v2\/categories?post=23344"},{"taxonomy":"post_tag","embeddable":true,"href":"https:\/\/sgvaimudar.com.br\/index.php\/wp-json\/wp\/v2\/tags?post=23344"}],"curies":[{"name":"wp","href":"https:\/\/api.w.org\/{rel}","templated":true}]}}