{"id":23338,"date":"2025-04-10T09:00:00","date_gmt":"2025-04-10T12:00:00","guid":{"rendered":"https:\/\/sgvaimudar.com.br\/?p=23338"},"modified":"2025-04-10T08:00:02","modified_gmt":"2025-04-10T11:00:02","slug":"educacao-faz-evento-na-semana-do-livro-infantil","status":"publish","type":"post","link":"https:\/\/sgvaimudar.com.br\/index.php\/2025\/04\/10\/educacao-faz-evento-na-semana-do-livro-infantil\/","title":{"rendered":"Educa\u00e7\u00e3o faz evento na Semana do Livro Infantil"},"content":{"rendered":"\n<p><em>Alunos participam de conta\u00e7\u00e3o de hist\u00f3ria e piquenique liter\u00e1rio<\/em><\/p>\n\n\n\n<p><\/p>\n\n\n\n<p>A Secretaria de Educa\u00e7\u00e3o da Prefeitura de S\u00e3o Gon\u00e7alo, em comemora\u00e7\u00e3o \u00e0 Semana do Livro Infantil, que acontece em homenagem ao escritor Monteiro Lobato, recebeu, nesta quarta-feira (9), os alunos do 4\u00ba ano da Escola Municipal Padre Cipriano Douma na Biblioteca Municipal Genebaldo Rosa, para uma conta\u00e7\u00e3o de hist\u00f3ria com a escritora Elaine Furlani e piquenique liter\u00e1rio.<\/p>\n\n\n\n<p>A obra escolhida foi \u201cVicente em uma vida diferente\u201d, de sua autoria, que aborda o tema do Transtorno do Espectro Autista (TEA) em uma linguagem voltada para o p\u00fablico infantil. No fim da apresenta\u00e7\u00e3o, os alunos foram presenteados com uma unidade do livro, com direito a aut\u00f3grafo.<\/p>\n\n\n\n<p>\u201cA ideia desse momento \u00e9 o incentivo \u00e0 leitura. \u00c9 fazer com que eles tenham o contato com o livro, com a hist\u00f3ria, que eles viagem na imagina\u00e7\u00e3o. O livro nos d\u00e1 a chance de nos expressar, uma grande fonte de inspira\u00e7\u00e3o. \u00c9 isso que eu proponho com essa leitura dramatizada, al\u00e9m de tamb\u00e9m incentivar o respeito \u00e0s diferen\u00e7as com o foco que o livro traz no autismo\u201d, afirmou a escritora.&nbsp;<\/p>\n\n\n\n<p>Ap\u00f3s a conta\u00e7\u00e3o de hist\u00f3ria, os alunos fizeram um piquenique com um lanche preparado pela Subsecretaria de Alimenta\u00e7\u00e3o Escolar, unindo a alimenta\u00e7\u00e3o saud\u00e1vel ao h\u00e1bito da leitura.<\/p>\n\n\n\n<p>\u201cEu j\u00e1 vi outras hist\u00f3rias da tia Elaine, eu acho muito legal, ela \u00e9 bem criativa. Eu aprendi hoje que a gente pode se comunicar de v\u00e1rias formas diferentes, escrevendo, por libras, pinturas e etc. O lanche estava muito bom, adorei\u201d, disse o aluno Ramon Prisco.<\/p>\n\n\n\n<p><em>Foto: Fabio Guimar\u00e3es<\/em><\/p>\n\n\n\n<p><strong><em>S\u00e3o Gon\u00e7alo vai mudar: Not\u00edcias de S\u00e3o Gon\u00e7alo e toda regi\u00e3o.<\/em><\/strong><\/p>\n\n\n\n<figure class=\"wp-block-image size-large\"><img fetchpriority=\"high\" decoding=\"async\" width=\"1024\" height=\"252\" src=\"https:\/\/sgvaimudar.com.br\/wp-content\/uploads\/2025\/03\/Anuncie-Aqui-Sao-Goncalo-vai-mudar-1024x252.jpg\" alt=\"\" class=\"wp-image-22693\" srcset=\"https:\/\/sgvaimudar.com.br\/wp-content\/uploads\/2025\/03\/Anuncie-Aqui-Sao-Goncalo-vai-mudar-1024x252.jpg 1024w, https:\/\/sgvaimudar.com.br\/wp-content\/uploads\/2025\/03\/Anuncie-Aqui-Sao-Goncalo-vai-mudar-300x74.jpg 300w, https:\/\/sgvaimudar.com.br\/wp-content\/uploads\/2025\/03\/Anuncie-Aqui-Sao-Goncalo-vai-mudar-768x189.jpg 768w, https:\/\/sgvaimudar.com.br\/wp-content\/uploads\/2025\/03\/Anuncie-Aqui-Sao-Goncalo-vai-mudar-1536x378.jpg 1536w, https:\/\/sgvaimudar.com.br\/wp-content\/uploads\/2025\/03\/Anuncie-Aqui-Sao-Goncalo-vai-mudar-2048x504.jpg 2048w\" sizes=\"(max-width: 1024px) 100vw, 1024px\" \/><\/figure>\n","protected":false},"excerpt":{"rendered":"<p>Alunos participam de conta\u00e7\u00e3o de hist\u00f3ria e piquenique liter\u00e1rio A Secretaria de Educa\u00e7\u00e3o da Prefeitura de S\u00e3o Gon\u00e7alo, em comemora\u00e7\u00e3o&hellip;<\/p>\n","protected":false},"author":5,"featured_media":23339,"comment_status":"open","ping_status":"open","sticky":false,"template":"","format":"standard","meta":{"fifu_image_url":"","fifu_image_alt":"","footnotes":""},"categories":[3],"tags":[47,75],"class_list":["post-23338","post","type-post","status-publish","format-standard","has-post-thumbnail","hentry","category-sao-goncalo","tag-rj","tag-sao-goncalo"],"_links":{"self":[{"href":"https:\/\/sgvaimudar.com.br\/index.php\/wp-json\/wp\/v2\/posts\/23338","targetHints":{"allow":["GET"]}}],"collection":[{"href":"https:\/\/sgvaimudar.com.br\/index.php\/wp-json\/wp\/v2\/posts"}],"about":[{"href":"https:\/\/sgvaimudar.com.br\/index.php\/wp-json\/wp\/v2\/types\/post"}],"author":[{"embeddable":true,"href":"https:\/\/sgvaimudar.com.br\/index.php\/wp-json\/wp\/v2\/users\/5"}],"replies":[{"embeddable":true,"href":"https:\/\/sgvaimudar.com.br\/index.php\/wp-json\/wp\/v2\/comments?post=23338"}],"version-history":[{"count":1,"href":"https:\/\/sgvaimudar.com.br\/index.php\/wp-json\/wp\/v2\/posts\/23338\/revisions"}],"predecessor-version":[{"id":23340,"href":"https:\/\/sgvaimudar.com.br\/index.php\/wp-json\/wp\/v2\/posts\/23338\/revisions\/23340"}],"wp:featuredmedia":[{"embeddable":true,"href":"https:\/\/sgvaimudar.com.br\/index.php\/wp-json\/wp\/v2\/media\/23339"}],"wp:attachment":[{"href":"https:\/\/sgvaimudar.com.br\/index.php\/wp-json\/wp\/v2\/media?parent=23338"}],"wp:term":[{"taxonomy":"category","embeddable":true,"href":"https:\/\/sgvaimudar.com.br\/index.php\/wp-json\/wp\/v2\/categories?post=23338"},{"taxonomy":"post_tag","embeddable":true,"href":"https:\/\/sgvaimudar.com.br\/index.php\/wp-json\/wp\/v2\/tags?post=23338"}],"curies":[{"name":"wp","href":"https:\/\/api.w.org\/{rel}","templated":true}]}}