{"id":23307,"date":"2025-04-09T12:00:00","date_gmt":"2025-04-09T15:00:00","guid":{"rendered":"https:\/\/sgvaimudar.com.br\/?p=23307"},"modified":"2025-04-09T09:38:46","modified_gmt":"2025-04-09T12:38:46","slug":"itaborai-realiza-x-seminario-de-avaliacao-e-forum-de-pesquisas-operacionais-do-programa-de-controle-da-tuberculose","status":"publish","type":"post","link":"https:\/\/sgvaimudar.com.br\/index.php\/2025\/04\/09\/itaborai-realiza-x-seminario-de-avaliacao-e-forum-de-pesquisas-operacionais-do-programa-de-controle-da-tuberculose\/","title":{"rendered":"Itabora\u00ed realiza X Semin\u00e1rio de Avalia\u00e7\u00e3o e F\u00f3rum de Pesquisas Operacionais do Programa de Controle da Tuberculose"},"content":{"rendered":"\n<p><em>O subprefeito de Itabora\u00ed, H\u00e9dio Mataruna, ressaltou a import\u00e2ncia do Sistema \u00danico de Sa\u00fade (SUS) no atendimento \u00e0 popula\u00e7\u00e3o<\/em><\/p>\n\n\n\n<p>A\u00a0Prefeitura de Itabora\u00ed, por meio da Secretaria Municipal de Sa\u00fade (Semsa), promoveu o X Semin\u00e1rio de Avalia\u00e7\u00e3o e F\u00f3rum de Pesquisas Operacionais do Programa de Controle da Tuberculose de Itabora\u00ed. O evento, realizado no audit\u00f3rio da Comunidade Batista de Itabora\u00ed (CBI), no Centro, reuniu profissionais da sa\u00fade, pesquisadores e representantes de institui\u00e7\u00f5es para debater estrat\u00e9gias de combate \u00e0 doen\u00e7a no munic\u00edpio.<\/p>\n\n\n\n<p>A abertura contou com a participa\u00e7\u00e3o da coordenadora do Programa de Controle da Tuberculose de Itabora\u00ed, Maria Jos\u00e9 Fernandes Pereira; da secret\u00e1ria municipal de Sa\u00fade, Analice Rangel, e de autoridades estaduais e federais, como o representante do colegiado do F\u00f3rum de Tuberculose do Estado do Rio de Janeiro, Alex Gomes, e a consultora da Organiza\u00e7\u00e3o Pan-Americana de Sa\u00fade (OPAS), Caroline Morgado.<\/p>\n\n\n\n<p>O subprefeito de Itabora\u00ed, H\u00e9dio Mataruna, elogiou os investimentos feitos na sa\u00fade municipal.<\/p>\n\n\n\n<p>\u201cTenho muito orgulho do SUS que n\u00f3s estamos construindo na gest\u00e3o atual, com um tratamento digno para as pessoas e o maior investimento na sa\u00fade na hist\u00f3ria do munic\u00edpio. Em nome do prefeito, eu gostaria de agradecer a presen\u00e7a de todos voc\u00eas aqui, com o objetivo de aprender mais para servir melhor. Todos n\u00f3s somos servidores e precisamos servir as pessoas cada vez melhor\u201d, declarou o subprefeito.<\/p>\n\n\n\n<p>Com o tema \u201cNa luta contra a tuberculose, juntos somos mais\u201d e o lema \u201cSim, n\u00f3s podemos acabar com a TB\u201d, o semin\u00e1rio abordou os avan\u00e7os e desafios no enfrentamento da tuberculose, destacando a import\u00e2ncia da preven\u00e7\u00e3o, do diagn\u00f3stico precoce e do tratamento adequado.<\/p>\n\n\n\n<p>A secret\u00e1ria municipal de Sa\u00fade, Analice Rangel, enfatizou o compromisso da gest\u00e3o com a qualifica\u00e7\u00e3o dos profissionais e a melhoria da assist\u00eancia prestada aos pacientes.<\/p>\n\n\n\n<p>\u201cTemos que dar dignidade para dar sa\u00fade. E somos privilegiados por estarmos aqui aprendendo mais e nos tornando cada vez mais respons\u00e1veis pelo enfrentamento da doen\u00e7a. Eu tenho certeza que a gest\u00e3o atual deixar\u00e1 boas marcas na hist\u00f3ria da sa\u00fade do munic\u00edpio, assim como vem deixando\u201d, afirmou a secret\u00e1ria.<\/p>\n\n\n\n<p>Durante a programa\u00e7\u00e3o, os participantes tiveram acesso a palestras sobre o cen\u00e1rio epidemiol\u00f3gico da tuberculose em Itabora\u00ed, a import\u00e2ncia da aten\u00e7\u00e3o prim\u00e1ria no cuidado da doen\u00e7a e estrat\u00e9gias para seu enfrentamento. O evento tamb\u00e9m apresentou iniciativas como o fortalecimento das a\u00e7\u00f5es de controle e a experi\u00eancia do munic\u00edpio com o aux\u00edlio alimenta\u00e7\u00e3o para pacientes acometidos pela doen\u00e7a.<\/p>\n\n\n\n<p>Maria Jos\u00e9 Fernandes Pereira, coordenadora do Programa de Controle da Tuberculose, destacou a import\u00e2ncia do engajamento de todos os profissionais na luta contra a doen\u00e7a no munic\u00edpio.<\/p>\n\n\n\n<p>\u201cN\u00f3s s\u00f3 temos que agradecer a voc\u00eas por abra\u00e7arem essa causa e permitirem que a gente siga nossa milit\u00e2ncia em oferecer o melhor para o usu\u00e1rio do SUS de Itabora\u00ed\u201d, disse a coordenadora do programa.<\/p>\n\n\n\n<p>O semin\u00e1rio foi encerrado com uma plen\u00e1ria e a premia\u00e7\u00e3o das equipes que se destacaram no controle da tuberculose em Itabora\u00ed, reafirmando o compromisso da gest\u00e3o municipal na erradica\u00e7\u00e3o da doen\u00e7a.<\/p>\n\n\n\n<p><strong><em>S\u00e3o Gon\u00e7alo vai mudar: Not\u00edcias de S\u00e3o Gon\u00e7alo e toda regi\u00e3o.<\/em><\/strong><\/p>\n\n\n\n<figure class=\"wp-block-image size-large\"><img fetchpriority=\"high\" decoding=\"async\" width=\"1024\" height=\"252\" src=\"https:\/\/sgvaimudar.com.br\/wp-content\/uploads\/2025\/03\/Anuncie-Aqui-Sao-Goncalo-vai-mudar-1024x252.jpg\" alt=\"\" class=\"wp-image-22693\" srcset=\"https:\/\/sgvaimudar.com.br\/wp-content\/uploads\/2025\/03\/Anuncie-Aqui-Sao-Goncalo-vai-mudar-1024x252.jpg 1024w, https:\/\/sgvaimudar.com.br\/wp-content\/uploads\/2025\/03\/Anuncie-Aqui-Sao-Goncalo-vai-mudar-300x74.jpg 300w, https:\/\/sgvaimudar.com.br\/wp-content\/uploads\/2025\/03\/Anuncie-Aqui-Sao-Goncalo-vai-mudar-768x189.jpg 768w, https:\/\/sgvaimudar.com.br\/wp-content\/uploads\/2025\/03\/Anuncie-Aqui-Sao-Goncalo-vai-mudar-1536x378.jpg 1536w, https:\/\/sgvaimudar.com.br\/wp-content\/uploads\/2025\/03\/Anuncie-Aqui-Sao-Goncalo-vai-mudar-2048x504.jpg 2048w\" sizes=\"(max-width: 1024px) 100vw, 1024px\" \/><\/figure>\n","protected":false},"excerpt":{"rendered":"<p>O subprefeito de Itabora\u00ed, H\u00e9dio Mataruna, ressaltou a import\u00e2ncia do Sistema \u00danico de Sa\u00fade (SUS) no atendimento \u00e0 popula\u00e7\u00e3o A\u00a0Prefeitura&hellip;<\/p>\n","protected":false},"author":5,"featured_media":23308,"comment_status":"open","ping_status":"open","sticky":false,"template":"","format":"standard","meta":{"fifu_image_url":"","fifu_image_alt":"","footnotes":""},"categories":[7],"tags":[47],"class_list":["post-23307","post","type-post","status-publish","format-standard","has-post-thumbnail","hentry","category-saude","tag-rj"],"_links":{"self":[{"href":"https:\/\/sgvaimudar.com.br\/index.php\/wp-json\/wp\/v2\/posts\/23307","targetHints":{"allow":["GET"]}}],"collection":[{"href":"https:\/\/sgvaimudar.com.br\/index.php\/wp-json\/wp\/v2\/posts"}],"about":[{"href":"https:\/\/sgvaimudar.com.br\/index.php\/wp-json\/wp\/v2\/types\/post"}],"author":[{"embeddable":true,"href":"https:\/\/sgvaimudar.com.br\/index.php\/wp-json\/wp\/v2\/users\/5"}],"replies":[{"embeddable":true,"href":"https:\/\/sgvaimudar.com.br\/index.php\/wp-json\/wp\/v2\/comments?post=23307"}],"version-history":[{"count":1,"href":"https:\/\/sgvaimudar.com.br\/index.php\/wp-json\/wp\/v2\/posts\/23307\/revisions"}],"predecessor-version":[{"id":23309,"href":"https:\/\/sgvaimudar.com.br\/index.php\/wp-json\/wp\/v2\/posts\/23307\/revisions\/23309"}],"wp:featuredmedia":[{"embeddable":true,"href":"https:\/\/sgvaimudar.com.br\/index.php\/wp-json\/wp\/v2\/media\/23308"}],"wp:attachment":[{"href":"https:\/\/sgvaimudar.com.br\/index.php\/wp-json\/wp\/v2\/media?parent=23307"}],"wp:term":[{"taxonomy":"category","embeddable":true,"href":"https:\/\/sgvaimudar.com.br\/index.php\/wp-json\/wp\/v2\/categories?post=23307"},{"taxonomy":"post_tag","embeddable":true,"href":"https:\/\/sgvaimudar.com.br\/index.php\/wp-json\/wp\/v2\/tags?post=23307"}],"curies":[{"name":"wp","href":"https:\/\/api.w.org\/{rel}","templated":true}]}}