{"id":23256,"date":"2025-04-08T14:00:00","date_gmt":"2025-04-08T17:00:00","guid":{"rendered":"https:\/\/sgvaimudar.com.br\/?p=23256"},"modified":"2025-04-08T11:22:47","modified_gmt":"2025-04-08T14:22:47","slug":"itaborai-inicia-campanha-de-vacinacao-contra-o-sarampo-nesta-segunda-feira-07-04","status":"publish","type":"post","link":"https:\/\/sgvaimudar.com.br\/index.php\/2025\/04\/08\/itaborai-inicia-campanha-de-vacinacao-contra-o-sarampo-nesta-segunda-feira-07-04\/","title":{"rendered":"Itabora\u00ed inicia Campanha de Vacina\u00e7\u00e3o contra o Sarampo nesta segunda-feira (07\/04)"},"content":{"rendered":"\n<p><em>A a\u00e7\u00e3o segue at\u00e9 o dia 30 de maio <\/em><\/p>\n\n\n\n<p>Prefeitura de Itabora\u00ed, por meio da Secretaria Municipal de Sa\u00fade (Semsa), iniciou nesta segunda-feira (07\/04) a Campanha de Vacina\u00e7\u00e3o contra o Sarampo. O trabalho tem como objetivo ampliar a cobertura vacinal e evitar a circula\u00e7\u00e3o do v\u00edrus no munic\u00edpio.<\/p>\n\n\n\n<p>O sarampo \u00e9 uma doen\u00e7a infecciosa viral, altamente contagiosa, transmitida de pessoa para pessoa por meio de got\u00edculas expelidas ao tossir, espirrar, falar ou respirar. Uma pessoa infectada pode transmitir o v\u00edrus para at\u00e9 90% das pessoas pr\u00f3ximas que n\u00e3o estejam imunes. <\/p>\n\n\n\n<figure class=\"wp-block-image size-large\"><img fetchpriority=\"high\" decoding=\"async\" width=\"1024\" height=\"768\" src=\"https:\/\/sgvaimudar.com.br\/wp-content\/uploads\/2025\/04\/Itaborai-inicia-Campanha-de-Vacinacao-contra-o-Sarampo-nesta-segunda-feira-0704-1024x768.jpeg\" alt=\"\" class=\"wp-image-23257\" srcset=\"https:\/\/sgvaimudar.com.br\/wp-content\/uploads\/2025\/04\/Itaborai-inicia-Campanha-de-Vacinacao-contra-o-Sarampo-nesta-segunda-feira-0704-1024x768.jpeg 1024w, https:\/\/sgvaimudar.com.br\/wp-content\/uploads\/2025\/04\/Itaborai-inicia-Campanha-de-Vacinacao-contra-o-Sarampo-nesta-segunda-feira-0704-300x225.jpeg 300w, https:\/\/sgvaimudar.com.br\/wp-content\/uploads\/2025\/04\/Itaborai-inicia-Campanha-de-Vacinacao-contra-o-Sarampo-nesta-segunda-feira-0704-768x576.jpeg 768w, https:\/\/sgvaimudar.com.br\/wp-content\/uploads\/2025\/04\/Itaborai-inicia-Campanha-de-Vacinacao-contra-o-Sarampo-nesta-segunda-feira-0704-1536x1152.jpeg 1536w, https:\/\/sgvaimudar.com.br\/wp-content\/uploads\/2025\/04\/Itaborai-inicia-Campanha-de-Vacinacao-contra-o-Sarampo-nesta-segunda-feira-0704.jpeg 1600w\" sizes=\"(max-width: 1024px) 100vw, 1024px\" \/><\/figure>\n\n\n\n<p>Apesar dos avan\u00e7os no controle da doen\u00e7a com a vacina\u00e7\u00e3o, o sarampo ainda representa um risco \u00e0 sa\u00fade p\u00fablica, sobretudo em \u00e1reas com baixa ades\u00e3o \u00e0 imuniza\u00e7\u00e3o.<\/p>\n\n\n\n<p>A vacina\u00e7\u00e3o \u00e9 voltada para indiv\u00edduos com 6 meses de vida a 59 anos, 11 meses e 29 dias de idade, al\u00e9m de profissionais de sa\u00fade. O esquema vacinal varia conforme a faixa et\u00e1ria: crian\u00e7as de 6 a 11 meses de vida devem receber uma dose chamada dose zero; pessoas de 1 a 29 anos devem receber duas doses; e quem tem entre 30 e 59 anos deve receber uma dose. J\u00e1 os profissionais de sa\u00fade precisam ser imunizados com duas doses, independentemente da idade.<\/p>\n\n\n\n<p>A vacina utilizada \u00e9 a tr\u00edplice viral, que protege contra sarampo, caxumba e rub\u00e9ola, e est\u00e1 dispon\u00edvel em todas as Unidades de Sa\u00fade do munic\u00edpio. Algumas unidades possuem cronograma espec\u00edfico como a do Engenho Velho, onde a vacina\u00e7\u00e3o acontece quinzenalmente \u00e0s quintas-feiras; j\u00e1 em Helian\u00f3polis, a popula\u00e7\u00e3o pode receber o imunizante todas as quartas-feiras; e em Picos, uma sexta-feira por m\u00eas.<\/p>\n\n\n\n<p>A diretora do Departamento de Imunol\u00f3gicos e Rede de Frio &#8211; SMSA\/ITA, Katiuscia Lessa, destacou a import\u00e2ncia da ades\u00e3o da popula\u00e7\u00e3o \u00e0 campanha.<\/p>\n\n\n\n<p>\u201cA vacina\u00e7\u00e3o \u00e9 a nossa principal ferramenta de prote\u00e7\u00e3o coletiva. Precisamos refor\u00e7ar o compromisso da popula\u00e7\u00e3o em manter a caderneta atualizada. Somente com altas coberturas vacinais conseguimos interromper a circula\u00e7\u00e3o do v\u00edrus e proteger nossas crian\u00e7as, jovens, adultos e profissionais de sa\u00fade\u201d, afirmou a diretora.<\/p>\n\n\n\n<p>A Prefeitura destacou que vai refor\u00e7ar todas as vacinas do Calend\u00e1rio Nacional de Imuniza\u00e7\u00e3o que est\u00e3o dispon\u00edveis de forma gratuita nas unidades de sa\u00fade.<\/p>\n\n\n\n<p><strong><em>S\u00e3o Gon\u00e7alo vai mudar: Not\u00edcias de S\u00e3o Gon\u00e7alo e toda regi\u00e3o.<\/em><\/strong><\/p>\n\n\n\n<figure class=\"wp-block-image size-large\"><img decoding=\"async\" width=\"1024\" height=\"252\" src=\"https:\/\/sgvaimudar.com.br\/wp-content\/uploads\/2025\/03\/Anuncie-Aqui-Sao-Goncalo-vai-mudar-1024x252.jpg\" alt=\"\" class=\"wp-image-22693\" srcset=\"https:\/\/sgvaimudar.com.br\/wp-content\/uploads\/2025\/03\/Anuncie-Aqui-Sao-Goncalo-vai-mudar-1024x252.jpg 1024w, https:\/\/sgvaimudar.com.br\/wp-content\/uploads\/2025\/03\/Anuncie-Aqui-Sao-Goncalo-vai-mudar-300x74.jpg 300w, https:\/\/sgvaimudar.com.br\/wp-content\/uploads\/2025\/03\/Anuncie-Aqui-Sao-Goncalo-vai-mudar-768x189.jpg 768w, https:\/\/sgvaimudar.com.br\/wp-content\/uploads\/2025\/03\/Anuncie-Aqui-Sao-Goncalo-vai-mudar-1536x378.jpg 1536w, https:\/\/sgvaimudar.com.br\/wp-content\/uploads\/2025\/03\/Anuncie-Aqui-Sao-Goncalo-vai-mudar-2048x504.jpg 2048w\" sizes=\"(max-width: 1024px) 100vw, 1024px\" \/><\/figure>\n","protected":false},"excerpt":{"rendered":"<p>A a\u00e7\u00e3o segue at\u00e9 o dia 30 de maio Prefeitura de Itabora\u00ed, por meio da Secretaria Municipal de Sa\u00fade (Semsa),&hellip;<\/p>\n","protected":false},"author":5,"featured_media":22219,"comment_status":"open","ping_status":"open","sticky":false,"template":"","format":"standard","meta":{"fifu_image_url":"","fifu_image_alt":"","footnotes":""},"categories":[7],"tags":[47],"class_list":["post-23256","post","type-post","status-publish","format-standard","has-post-thumbnail","hentry","category-saude","tag-rj"],"_links":{"self":[{"href":"https:\/\/sgvaimudar.com.br\/index.php\/wp-json\/wp\/v2\/posts\/23256","targetHints":{"allow":["GET"]}}],"collection":[{"href":"https:\/\/sgvaimudar.com.br\/index.php\/wp-json\/wp\/v2\/posts"}],"about":[{"href":"https:\/\/sgvaimudar.com.br\/index.php\/wp-json\/wp\/v2\/types\/post"}],"author":[{"embeddable":true,"href":"https:\/\/sgvaimudar.com.br\/index.php\/wp-json\/wp\/v2\/users\/5"}],"replies":[{"embeddable":true,"href":"https:\/\/sgvaimudar.com.br\/index.php\/wp-json\/wp\/v2\/comments?post=23256"}],"version-history":[{"count":1,"href":"https:\/\/sgvaimudar.com.br\/index.php\/wp-json\/wp\/v2\/posts\/23256\/revisions"}],"predecessor-version":[{"id":23258,"href":"https:\/\/sgvaimudar.com.br\/index.php\/wp-json\/wp\/v2\/posts\/23256\/revisions\/23258"}],"wp:featuredmedia":[{"embeddable":true,"href":"https:\/\/sgvaimudar.com.br\/index.php\/wp-json\/wp\/v2\/media\/22219"}],"wp:attachment":[{"href":"https:\/\/sgvaimudar.com.br\/index.php\/wp-json\/wp\/v2\/media?parent=23256"}],"wp:term":[{"taxonomy":"category","embeddable":true,"href":"https:\/\/sgvaimudar.com.br\/index.php\/wp-json\/wp\/v2\/categories?post=23256"},{"taxonomy":"post_tag","embeddable":true,"href":"https:\/\/sgvaimudar.com.br\/index.php\/wp-json\/wp\/v2\/tags?post=23256"}],"curies":[{"name":"wp","href":"https:\/\/api.w.org\/{rel}","templated":true}]}}