{"id":23230,"date":"2025-04-08T11:00:00","date_gmt":"2025-04-08T14:00:00","guid":{"rendered":"https:\/\/sgvaimudar.com.br\/?p=23230"},"modified":"2025-04-08T08:49:08","modified_gmt":"2025-04-08T11:49:08","slug":"sao-goncalo-participa-de-campanha-suas-sem-racismo","status":"publish","type":"post","link":"https:\/\/sgvaimudar.com.br\/index.php\/2025\/04\/08\/sao-goncalo-participa-de-campanha-suas-sem-racismo\/","title":{"rendered":"S\u00e3o Gon\u00e7alo participa de campanha \u201cSUAS Sem Racismo\u201d"},"content":{"rendered":"\n<p><em>A\u00e7\u00e3o orienta servidores da Assist\u00eancia Social sobre o racismo institucional<\/em><\/p>\n\n\n\n<p>A Secretaria de Assist\u00eancia Social da Prefeitura de S\u00e3o Gon\u00e7alo, atrav\u00e9s da Coordenadoria de Promo\u00e7\u00e3o da Igualdade Racial (Copirsg), participou, na tarde desta segunda-feira (7), da campanha \u201cSUAS sem racismo&#8221;. <\/p>\n\n\n\n<p>A palestra ocorreu no audit\u00f3rio do Batalh\u00e3o de Rondas Especiais e Controle de Multid\u00f5es (Recom), na Venda da Cruz, e fez parte do projeto \u201cS\u00e3o Gon\u00e7alo contra o racismo\u201d.<\/p>\n\n\n\n<figure class=\"wp-block-image size-full\"><img fetchpriority=\"high\" decoding=\"async\" width=\"1024\" height=\"683\" src=\"https:\/\/sgvaimudar.com.br\/wp-content\/uploads\/2025\/04\/unnamed-10-1.jpg\" alt=\"\" class=\"wp-image-23231\" srcset=\"https:\/\/sgvaimudar.com.br\/wp-content\/uploads\/2025\/04\/unnamed-10-1.jpg 1024w, https:\/\/sgvaimudar.com.br\/wp-content\/uploads\/2025\/04\/unnamed-10-1-300x200.jpg 300w, https:\/\/sgvaimudar.com.br\/wp-content\/uploads\/2025\/04\/unnamed-10-1-768x512.jpg 768w\" sizes=\"(max-width: 1024px) 100vw, 1024px\" \/><\/figure>\n\n\n\n<p>O Sistema \u00danico de Assist\u00eancia Social (SUAS) \u00e9 um sistema p\u00fablico que organiza os servi\u00e7os de assist\u00eancia social no Brasil e, por meio da campanha \u201cSuas sem racismo\u201d, faz refletir sobre o racismo institucional como barreira para o acesso da popula\u00e7\u00e3o negra \u00e0s pol\u00edticas de desenvolvimento social e aos direitos socioassistenciais.<\/p>\n\n\n\n<p>A subsecret\u00e1ria de Prote\u00e7\u00e3o Social B\u00e1sica, Daiana Izabel, esteve presente no evento e destacou a import\u00e2ncia da campanha. &#8220;Ficamos muito felizes com esse encontro de tamanha relev\u00e2ncia no munic\u00edpio, falar do SUAS contra o Racismo \u00e9 uma avan\u00e7o extremamente significativo. \u00c9 uma pauta necess\u00e1ria para todos os profissionais que atuam no atendimento direto aos gon\u00e7alenses. \u00c9 essencial que n\u00f3s, servidores da Assist\u00eancia Social, possamos estar conscientes quanto \u00e0 import\u00e2ncia das pol\u00edticas p\u00fablicas para a popula\u00e7\u00e3o negra\u201d, afirmou a subsecret\u00e1ria.<\/p>\n\n\n\n<p>\u201c\u00c9 muito s\u00e9rio discutirmos o racismo institucional, que dificulta o acesso de pessoas pretas em diversos espa\u00e7os. E, no ponto de vista do servi\u00e7o social, \u00e9 uma das maiores demandas. Aqui, debatemos sobre como trabalhar, concretamente, essa quest\u00e3o no tratamento com os usu\u00e1rios da Assist\u00eancia e potencializar as pol\u00edticas p\u00fablicas nas institui\u00e7\u00f5es\u201d, afirmou a palestrante Sandra Vaz, professora da escola de Servi\u00e7o Social na Universidade Federal Fluminense (UFF).<\/p>\n\n\n\n<p>O evento trouxe conscientiza\u00e7\u00e3o para os profissionais e conselheiros da Assist\u00eancia Social, para que esses tornem-se multiplicadores desta normativa do Minist\u00e9rio da Igualdade Racial, para que haja um avan\u00e7o significativo da pol\u00edtica p\u00fablica \u00e9tnico racial em S\u00e3o Gon\u00e7alo. Todos os presentes no evento receberam um certificado de participa\u00e7\u00e3o.<\/p>\n\n\n\n<p><em>Fotos: Fabio Guimar\u00e3es<\/em><\/p>\n\n\n\n<p><strong><em>S\u00e3o Gon\u00e7alo vai mudar: Not\u00edcias de S\u00e3o Gon\u00e7alo e toda regi\u00e3o.<\/em><\/strong><\/p>\n\n\n\n<figure class=\"wp-block-image size-large\"><img decoding=\"async\" width=\"1024\" height=\"252\" src=\"https:\/\/sgvaimudar.com.br\/wp-content\/uploads\/2025\/03\/Anuncie-Aqui-Sao-Goncalo-vai-mudar-1024x252.jpg\" alt=\"\" class=\"wp-image-22693\" srcset=\"https:\/\/sgvaimudar.com.br\/wp-content\/uploads\/2025\/03\/Anuncie-Aqui-Sao-Goncalo-vai-mudar-1024x252.jpg 1024w, https:\/\/sgvaimudar.com.br\/wp-content\/uploads\/2025\/03\/Anuncie-Aqui-Sao-Goncalo-vai-mudar-300x74.jpg 300w, https:\/\/sgvaimudar.com.br\/wp-content\/uploads\/2025\/03\/Anuncie-Aqui-Sao-Goncalo-vai-mudar-768x189.jpg 768w, https:\/\/sgvaimudar.com.br\/wp-content\/uploads\/2025\/03\/Anuncie-Aqui-Sao-Goncalo-vai-mudar-1536x378.jpg 1536w, https:\/\/sgvaimudar.com.br\/wp-content\/uploads\/2025\/03\/Anuncie-Aqui-Sao-Goncalo-vai-mudar-2048x504.jpg 2048w\" sizes=\"(max-width: 1024px) 100vw, 1024px\" \/><\/figure>\n","protected":false},"excerpt":{"rendered":"<p>A\u00e7\u00e3o orienta servidores da Assist\u00eancia Social sobre o racismo institucional A Secretaria de Assist\u00eancia Social da Prefeitura de S\u00e3o Gon\u00e7alo,&hellip;<\/p>\n","protected":false},"author":5,"featured_media":23232,"comment_status":"open","ping_status":"open","sticky":false,"template":"","format":"standard","meta":{"fifu_image_url":"","fifu_image_alt":"","footnotes":""},"categories":[3],"tags":[47,75],"class_list":["post-23230","post","type-post","status-publish","format-standard","has-post-thumbnail","hentry","category-sao-goncalo","tag-rj","tag-sao-goncalo"],"_links":{"self":[{"href":"https:\/\/sgvaimudar.com.br\/index.php\/wp-json\/wp\/v2\/posts\/23230","targetHints":{"allow":["GET"]}}],"collection":[{"href":"https:\/\/sgvaimudar.com.br\/index.php\/wp-json\/wp\/v2\/posts"}],"about":[{"href":"https:\/\/sgvaimudar.com.br\/index.php\/wp-json\/wp\/v2\/types\/post"}],"author":[{"embeddable":true,"href":"https:\/\/sgvaimudar.com.br\/index.php\/wp-json\/wp\/v2\/users\/5"}],"replies":[{"embeddable":true,"href":"https:\/\/sgvaimudar.com.br\/index.php\/wp-json\/wp\/v2\/comments?post=23230"}],"version-history":[{"count":1,"href":"https:\/\/sgvaimudar.com.br\/index.php\/wp-json\/wp\/v2\/posts\/23230\/revisions"}],"predecessor-version":[{"id":23233,"href":"https:\/\/sgvaimudar.com.br\/index.php\/wp-json\/wp\/v2\/posts\/23230\/revisions\/23233"}],"wp:featuredmedia":[{"embeddable":true,"href":"https:\/\/sgvaimudar.com.br\/index.php\/wp-json\/wp\/v2\/media\/23232"}],"wp:attachment":[{"href":"https:\/\/sgvaimudar.com.br\/index.php\/wp-json\/wp\/v2\/media?parent=23230"}],"wp:term":[{"taxonomy":"category","embeddable":true,"href":"https:\/\/sgvaimudar.com.br\/index.php\/wp-json\/wp\/v2\/categories?post=23230"},{"taxonomy":"post_tag","embeddable":true,"href":"https:\/\/sgvaimudar.com.br\/index.php\/wp-json\/wp\/v2\/tags?post=23230"}],"curies":[{"name":"wp","href":"https:\/\/api.w.org\/{rel}","templated":true}]}}