{"id":23224,"date":"2025-04-08T13:00:00","date_gmt":"2025-04-08T16:00:00","guid":{"rendered":"https:\/\/sgvaimudar.com.br\/?p=23224"},"modified":"2025-04-08T10:57:21","modified_gmt":"2025-04-08T13:57:21","slug":"rio-bonito-pode-ficar-sem-onibus-ate-o-final-do-mes","status":"publish","type":"post","link":"https:\/\/sgvaimudar.com.br\/index.php\/2025\/04\/08\/rio-bonito-pode-ficar-sem-onibus-ate-o-final-do-mes\/","title":{"rendered":"Rio Bonito pode ficar sem \u00f4nibus at\u00e9 o final do m\u00eas"},"content":{"rendered":"\n<p><em>Via\u00e7\u00e3o S\u00e3o Geraldo anuncia fal\u00eancia e rodovi\u00e1rios marcam assembleia<\/em><\/p>\n\n\n\n<p>A via\u00e7\u00e3o S\u00e3o Geraldo, de Rio Bonito, anunciou, oficialmente, \u00e0 Prefeitura do munic\u00edpio de Rio Bonito que vai encerrar suas atividades at\u00e9 o dia 30 de abril, deixando de operar pelo menos 27 linhas municipais. <\/p>\n\n\n\n<p>A empresa n\u00e3o revelou, contudo, como ficar\u00e1 a situa\u00e7\u00e3o de seus 58 funcion\u00e1rios e, por isso, o Sindicato dos Rodovi\u00e1rios de Niter\u00f3i a Arraial do Cabo (Sintronac) convocou assembleia para esta quarta-feira (9\/4), \u00e0s 10h, em sua sede naquele munic\u00edpio, para que os trabalhadores consigam assegurar seus direitos.<\/p>\n\n\n\n<p>A S\u00e3o Geraldo alega que entrou em colapso financeiro porque a Prefeitura de Rio Bonito n\u00e3o repassa h\u00e1 mais de tr\u00eas anos os valores referentes \u00e0 gratuidade do transporte dos estudantes da rede municipal e, desde 2023, n\u00e3o reajusta as passagens.<\/p>\n\n\n\n<p>\u201cCaso n\u00e3o seja regularizada ainda no m\u00eas de abril de 2025, a presta\u00e7\u00e3o do servi\u00e7o ser\u00e1 interrompida por for\u00e7a da impossibilidade econ\u00f4mica de sua manuten\u00e7\u00e3o\u201d, diz o comunicado da empresa \u00e0 Prefeitura, assinado pelo advogado Luciano Oliveira Arag\u00e3o.<\/p>\n\n\n\n<p>Para a diretoria do Sintronac, contudo, mesmo com a situa\u00e7\u00e3o econ\u00f4mica abalada, a empresa deve pagar os direitos dos rodovi\u00e1rios, que cumpriram suas fun\u00e7\u00f5es previstas em contrato de trabalho.<\/p>\n\n\n\n<p>\u201cOs rodovi\u00e1rios n\u00e3o t\u00eam nada a ver com os problemas entre empresa e Prefeitura. S\u00e3o trabalhadores que honraram seus compromissos, t\u00eam fam\u00edlias para sustentar e, por isso, marcamos uma assembleia para definir os pr\u00f3ximos passos para assegurar os direitos de todos\u201d, afirmou o presidente do sindicato, Rubens dos Santos Oliveira.<\/p>\n\n\n\n<p><strong><em>S\u00e3o Gon\u00e7alo vai mudar: Not\u00edcias de S\u00e3o Gon\u00e7alo e toda regi\u00e3o.<\/em><\/strong><\/p>\n\n\n\n<figure class=\"wp-block-image size-large\"><img fetchpriority=\"high\" decoding=\"async\" width=\"1024\" height=\"252\" src=\"https:\/\/sgvaimudar.com.br\/wp-content\/uploads\/2023\/10\/Anuncie-Aqui-Sao-Goncalo-vai-mudar-2-1024x252.jpg\" alt=\"\" class=\"wp-image-3625\" srcset=\"https:\/\/sgvaimudar.com.br\/wp-content\/uploads\/2023\/10\/Anuncie-Aqui-Sao-Goncalo-vai-mudar-2-1024x252.jpg 1024w, https:\/\/sgvaimudar.com.br\/wp-content\/uploads\/2023\/10\/Anuncie-Aqui-Sao-Goncalo-vai-mudar-2-300x74.jpg 300w, https:\/\/sgvaimudar.com.br\/wp-content\/uploads\/2023\/10\/Anuncie-Aqui-Sao-Goncalo-vai-mudar-2-768x189.jpg 768w, https:\/\/sgvaimudar.com.br\/wp-content\/uploads\/2023\/10\/Anuncie-Aqui-Sao-Goncalo-vai-mudar-2-1536x378.jpg 1536w, https:\/\/sgvaimudar.com.br\/wp-content\/uploads\/2023\/10\/Anuncie-Aqui-Sao-Goncalo-vai-mudar-2-2048x504.jpg 2048w\" sizes=\"(max-width: 1024px) 100vw, 1024px\" \/><\/figure>\n","protected":false},"excerpt":{"rendered":"<p>Via\u00e7\u00e3o S\u00e3o Geraldo anuncia fal\u00eancia e rodovi\u00e1rios marcam assembleia A via\u00e7\u00e3o S\u00e3o Geraldo, de Rio Bonito, anunciou, oficialmente, \u00e0 Prefeitura&hellip;<\/p>\n","protected":false},"author":5,"featured_media":23251,"comment_status":"open","ping_status":"open","sticky":false,"template":"","format":"standard","meta":{"fifu_image_url":"","fifu_image_alt":"","footnotes":""},"categories":[3],"tags":[47],"class_list":["post-23224","post","type-post","status-publish","format-standard","has-post-thumbnail","hentry","category-sao-goncalo","tag-rj"],"_links":{"self":[{"href":"https:\/\/sgvaimudar.com.br\/index.php\/wp-json\/wp\/v2\/posts\/23224","targetHints":{"allow":["GET"]}}],"collection":[{"href":"https:\/\/sgvaimudar.com.br\/index.php\/wp-json\/wp\/v2\/posts"}],"about":[{"href":"https:\/\/sgvaimudar.com.br\/index.php\/wp-json\/wp\/v2\/types\/post"}],"author":[{"embeddable":true,"href":"https:\/\/sgvaimudar.com.br\/index.php\/wp-json\/wp\/v2\/users\/5"}],"replies":[{"embeddable":true,"href":"https:\/\/sgvaimudar.com.br\/index.php\/wp-json\/wp\/v2\/comments?post=23224"}],"version-history":[{"count":1,"href":"https:\/\/sgvaimudar.com.br\/index.php\/wp-json\/wp\/v2\/posts\/23224\/revisions"}],"predecessor-version":[{"id":23252,"href":"https:\/\/sgvaimudar.com.br\/index.php\/wp-json\/wp\/v2\/posts\/23224\/revisions\/23252"}],"wp:featuredmedia":[{"embeddable":true,"href":"https:\/\/sgvaimudar.com.br\/index.php\/wp-json\/wp\/v2\/media\/23251"}],"wp:attachment":[{"href":"https:\/\/sgvaimudar.com.br\/index.php\/wp-json\/wp\/v2\/media?parent=23224"}],"wp:term":[{"taxonomy":"category","embeddable":true,"href":"https:\/\/sgvaimudar.com.br\/index.php\/wp-json\/wp\/v2\/categories?post=23224"},{"taxonomy":"post_tag","embeddable":true,"href":"https:\/\/sgvaimudar.com.br\/index.php\/wp-json\/wp\/v2\/tags?post=23224"}],"curies":[{"name":"wp","href":"https:\/\/api.w.org\/{rel}","templated":true}]}}