{"id":23196,"date":"2025-04-07T06:20:18","date_gmt":"2025-04-07T09:20:18","guid":{"rendered":"https:\/\/sgvaimudar.com.br\/?p=23196"},"modified":"2025-04-07T06:20:18","modified_gmt":"2025-04-07T09:20:18","slug":"prefeitura-enfrenta-temporais-sem-ocorrencias-graves-apos-obras-de-infraestrutura","status":"publish","type":"post","link":"https:\/\/sgvaimudar.com.br\/index.php\/2025\/04\/07\/prefeitura-enfrenta-temporais-sem-ocorrencias-graves-apos-obras-de-infraestrutura\/","title":{"rendered":"Prefeitura enfrenta temporais sem ocorr\u00eancias graves ap\u00f3s obras de infraestrutura"},"content":{"rendered":"\n<p><em>Defesa Civil e secretarias seguem de prontid\u00e3o<\/em><\/p>\n\n\n\n<p>O munic\u00edpio de S\u00e3o Gon\u00e7alo seguiu de prontid\u00e3o, neste domingo, em decorr\u00eancia das chuvas. O monitoramento foi iniciado na \u00faltima sexta-feira, mas a cidade registrou poucas ocorr\u00eancias, sem incidentes graves, e locais com\u00a0alagamentos cr\u00f4nicos que passaram por obras de infraestrutura recentemente n\u00e3o tiveram problemas. <\/p>\n\n\n\n<p>As equipes da Defesa Civil e da Secretaria de Conserva\u00e7\u00e3o da Prefeitura de S\u00e3o Gon\u00e7alo deram respostas r\u00e1pidas aos chamados, como queda de muros e de \u00e1rvores.\u00a0<\/p>\n\n\n\n<figure class=\"wp-block-image size-large\"><img fetchpriority=\"high\" decoding=\"async\" width=\"1024\" height=\"996\" src=\"https:\/\/sgvaimudar.com.br\/wp-content\/uploads\/2025\/04\/unnamed-2-5-1024x996.jpg\" alt=\"\" class=\"wp-image-23198\" srcset=\"https:\/\/sgvaimudar.com.br\/wp-content\/uploads\/2025\/04\/unnamed-2-5-1024x996.jpg 1024w, https:\/\/sgvaimudar.com.br\/wp-content\/uploads\/2025\/04\/unnamed-2-5-300x292.jpg 300w, https:\/\/sgvaimudar.com.br\/wp-content\/uploads\/2025\/04\/unnamed-2-5-768x747.jpg 768w, https:\/\/sgvaimudar.com.br\/wp-content\/uploads\/2025\/04\/unnamed-2-5.jpg 1200w\" sizes=\"(max-width: 1024px) 100vw, 1024px\" \/><\/figure>\n\n\n\n<p>Moradores de Vila Lage, Neves, Mutu\u00e1, Boa\u00e7u, Coluband\u00ea e Vista Alegre elogiaram as obras. \u201cAntes e durante a obra, a chuva alagava tudo aqui na frente e entrava na loja. Com a chuva que caiu ontem (s\u00e1bado), era para ter enchido aqui. Mas n\u00e3o aconteceu, a \u00e1gua escoou bem. Aqui sempre foi ruim com chuva. <\/p>\n\n\n\n<p>Ap\u00f3s a obra, j\u00e1 choveu o suficiente para encher e nada aconteceu\u201d, contou o comerciante William Wellington Pe\u00e7anha dos Santos, de 29 anos, nascido e criado no bairro do Mutu\u00e1 e que tem com\u00e9rcio na Avenida Paula Lemos.<\/p>\n\n\n\n<figure class=\"wp-block-image size-large\"><img decoding=\"async\" width=\"926\" height=\"1024\" src=\"https:\/\/sgvaimudar.com.br\/wp-content\/uploads\/2025\/04\/unnamed-1-5-926x1024.jpg\" alt=\"\" class=\"wp-image-23199\" srcset=\"https:\/\/sgvaimudar.com.br\/wp-content\/uploads\/2025\/04\/unnamed-1-5-926x1024.jpg 926w, https:\/\/sgvaimudar.com.br\/wp-content\/uploads\/2025\/04\/unnamed-1-5-271x300.jpg 271w, https:\/\/sgvaimudar.com.br\/wp-content\/uploads\/2025\/04\/unnamed-1-5-768x849.jpg 768w, https:\/\/sgvaimudar.com.br\/wp-content\/uploads\/2025\/04\/unnamed-1-5.jpg 1200w\" sizes=\"(max-width: 926px) 100vw, 926px\" \/><\/figure>\n\n\n\n<p>No Boa\u00e7u, a hist\u00f3ria se repete. Moradores e comerciantes eram s\u00f3 gratid\u00e3o pelas melhorias. \u201cCom qualquer chuvinha de 15 minutos, a \u00e1gua chegava acima do joelho aqui na Alfredo Bahiense. Agora, pode chover mais de duas horas direto que n\u00e3o alaga mais. Desce \u00e1gua dos morros e das ruas e nada acontece. Na rua onde moro, na In\u00e1cio Sarmento, entrava \u00e1gua nas casas. E nessas \u00faltimas chuvas, n\u00e3o entrou na casa de ningu\u00e9m e nem ficou acumulada na rua\u201d, descreveu a moradora Simone Martinusso, 43, dona de casa.\u00a0<\/p>\n\n\n\n<p>A Defesa Civil de S\u00e3o Gon\u00e7alo e a Secretaria de Conserva\u00e7\u00e3o receberam chamados devido \u00e0 chuva, a maioria de queda de muro e \u00e1rvores nos bairros Porto da Pedra, Guaxindiba, Pacheco, Eliane, Tribob\u00f3, Engenho Pequeno, Alc\u00e2ntara e V\u00e1rzea das Mo\u00e7as.\u00a0<\/p>\n\n\n\n<p>As equipes da Defesa Civil ainda estiveram nos bairros Trindade, Ipi\u00edba, Jardim Catarina e Salgueiro para vistoriar, preventivamente, os n\u00edveis dos rios que cortam os respectivos bairros. Por precau\u00e7\u00e3o, um ponto de apoio foi aberto na Trindade, no Ciep 408, mas foi desativado antes do fim da tarde de s\u00e1bado por falta de procura.\u00a0<\/p>\n\n\n\n<p>No fim da tarde de s\u00e1bado, o ponto de apoio do Salgueiro foi aberto. Dez fam\u00edlias (25 pessoas, sendo 13 adultos e 12 crian\u00e7as) passaram a noite no CRAS e foram acompanhadas por servidores da Secretaria de Assist\u00eancia Social, que levaram colch\u00f5es, \u00e1gua e kits de higiene pessoal e providenciaram alimenta\u00e7\u00e3o. Neste domingo, no in\u00edcio da tarde, as fam\u00edlias almo\u00e7aram no local e receberam kits de limpeza para retornarem para as suas resid\u00eancias.\u00a0<\/p>\n\n\n\n<p>Os bairros do Arsenal, Gradim, Tenente Jardim, Novo M\u00e9xico e Engenho Pequeno tiveram os maiores acumulados de chuva. Bols\u00f5es d&#8217;\u00e1gua foram formados em alguns pontos da cidade, sem afetar o fluxo de ve\u00edculos. As equipes da Defesa Civil e da Secretaria de Conserva\u00e7\u00e3o seguem de prontid\u00e3o. Em caso de emerg\u00eancia, entre em contato com a Defesa Civil pelo n\u00famero 199 ou (21) 98737-0807 ou o Corpo de Bombeiro (193).<\/p>\n\n\n\n<p><strong><em>S\u00e3o Gon\u00e7alo vai mudar: Not\u00edcias de S\u00e3o Gon\u00e7alo e toda regi\u00e3o.<\/em><\/strong><\/p>\n\n\n\n<figure class=\"wp-block-image size-large\"><img decoding=\"async\" width=\"1024\" height=\"252\" src=\"https:\/\/sgvaimudar.com.br\/wp-content\/uploads\/2025\/03\/Anuncie-Aqui-Sao-Goncalo-vai-mudar-1024x252.jpg\" alt=\"\" class=\"wp-image-22693\" srcset=\"https:\/\/sgvaimudar.com.br\/wp-content\/uploads\/2025\/03\/Anuncie-Aqui-Sao-Goncalo-vai-mudar-1024x252.jpg 1024w, https:\/\/sgvaimudar.com.br\/wp-content\/uploads\/2025\/03\/Anuncie-Aqui-Sao-Goncalo-vai-mudar-300x74.jpg 300w, https:\/\/sgvaimudar.com.br\/wp-content\/uploads\/2025\/03\/Anuncie-Aqui-Sao-Goncalo-vai-mudar-768x189.jpg 768w, https:\/\/sgvaimudar.com.br\/wp-content\/uploads\/2025\/03\/Anuncie-Aqui-Sao-Goncalo-vai-mudar-1536x378.jpg 1536w, https:\/\/sgvaimudar.com.br\/wp-content\/uploads\/2025\/03\/Anuncie-Aqui-Sao-Goncalo-vai-mudar-2048x504.jpg 2048w\" sizes=\"(max-width: 1024px) 100vw, 1024px\" \/><\/figure>\n","protected":false},"excerpt":{"rendered":"<p>Defesa Civil e secretarias seguem de prontid\u00e3o O munic\u00edpio de S\u00e3o Gon\u00e7alo seguiu de prontid\u00e3o, neste domingo, em decorr\u00eancia das&hellip;<\/p>\n","protected":false},"author":5,"featured_media":23197,"comment_status":"open","ping_status":"open","sticky":false,"template":"","format":"standard","meta":{"fifu_image_url":"","fifu_image_alt":"","footnotes":""},"categories":[3],"tags":[47,75],"class_list":["post-23196","post","type-post","status-publish","format-standard","has-post-thumbnail","hentry","category-sao-goncalo","tag-rj","tag-sao-goncalo"],"_links":{"self":[{"href":"https:\/\/sgvaimudar.com.br\/index.php\/wp-json\/wp\/v2\/posts\/23196","targetHints":{"allow":["GET"]}}],"collection":[{"href":"https:\/\/sgvaimudar.com.br\/index.php\/wp-json\/wp\/v2\/posts"}],"about":[{"href":"https:\/\/sgvaimudar.com.br\/index.php\/wp-json\/wp\/v2\/types\/post"}],"author":[{"embeddable":true,"href":"https:\/\/sgvaimudar.com.br\/index.php\/wp-json\/wp\/v2\/users\/5"}],"replies":[{"embeddable":true,"href":"https:\/\/sgvaimudar.com.br\/index.php\/wp-json\/wp\/v2\/comments?post=23196"}],"version-history":[{"count":1,"href":"https:\/\/sgvaimudar.com.br\/index.php\/wp-json\/wp\/v2\/posts\/23196\/revisions"}],"predecessor-version":[{"id":23200,"href":"https:\/\/sgvaimudar.com.br\/index.php\/wp-json\/wp\/v2\/posts\/23196\/revisions\/23200"}],"wp:featuredmedia":[{"embeddable":true,"href":"https:\/\/sgvaimudar.com.br\/index.php\/wp-json\/wp\/v2\/media\/23197"}],"wp:attachment":[{"href":"https:\/\/sgvaimudar.com.br\/index.php\/wp-json\/wp\/v2\/media?parent=23196"}],"wp:term":[{"taxonomy":"category","embeddable":true,"href":"https:\/\/sgvaimudar.com.br\/index.php\/wp-json\/wp\/v2\/categories?post=23196"},{"taxonomy":"post_tag","embeddable":true,"href":"https:\/\/sgvaimudar.com.br\/index.php\/wp-json\/wp\/v2\/tags?post=23196"}],"curies":[{"name":"wp","href":"https:\/\/api.w.org\/{rel}","templated":true}]}}