{"id":23124,"date":"2025-04-05T08:11:22","date_gmt":"2025-04-05T11:11:22","guid":{"rendered":"https:\/\/sgvaimudar.com.br\/?p=23124"},"modified":"2025-04-05T08:11:32","modified_gmt":"2025-04-05T11:11:32","slug":"renato-gaucho-e-apresentado-como-novo-tecnico-do-fluminense","status":"publish","type":"post","link":"https:\/\/sgvaimudar.com.br\/index.php\/2025\/04\/05\/renato-gaucho-e-apresentado-como-novo-tecnico-do-fluminense\/","title":{"rendered":"Renato Ga\u00facho \u00e9 apresentado como novo t\u00e9cnico do Fluminense"},"content":{"rendered":"\n<p><em>Treinador convoca tricolores para duelo de domingo contra o Bragantino<\/em><\/p>\n\n\n\n<p>De volta ao comando do Fluminense ap\u00f3s hiato de 11 anos, o t\u00e9cnico Renato Ga\u00facho, de 62 anos, comandou o primeiro treino com o time nesta sexta-feira (4), um dia ap\u00f3s assinar contrato com o clube carioca, em substitui\u00e7\u00e3o a Mano Menezes, demitido ap\u00f3s derrota do Tricolor para o Fortaleza, na primeira rodada do Campeonato Brasileiro. Ap\u00f3s a primeira atividade com os jogadores, Ga\u00facho foi apresentado oficialmente em coletiva de imprensa.<\/p>\n\n\n\n<p>\u201cAcima de tudo, fico muito feliz por estar aqui. \u00c9 l\u00f3gico que todas as competi\u00e7\u00f5es que a gente entra, a gente entra para ganhar. Nem sempre \u00e9 poss\u00edvel, mas a gente trabalha no dia a dia para conquistar sempre os resultados para conquistar t\u00edtulos e disso eu n\u00e3o abro m\u00e3o\u201d pontuou treinador, que foi presenteado com a camisa 7<strong>,\u00a0<\/strong>a mesma numera\u00e7\u00e3o do uniforme que usou na conquista do Campeonato Carioca de 1995, quando marcou o\u00a0hist\u00f3rico gol de barriga contra o Flamengo.<\/p>\n\n\n\n<p>Esta \u00e9 a s\u00e9tima passagem de Ga\u00facho como treinador pelo Tricolor carioca. Ele comandou o clube em 2002-2003, 2003, 2007-2008 (quando faturou a Copa do Brasil e o vice-campeonato da Libertadores), 2009 e 2014. O t\u00e9cnico vai trabalhar em parceria com os\u00a0auxiliares Alexandre Mendes e Marcelo Salles. A\u00a0prepara\u00e7\u00e3o f\u00edsica ficar\u00e1 a cargo do coordenador da \u00e1rea,\u00a0Ricardo Henriques, no clube desde fevereiro de 2024. \u00a0<\/p>\n\n\n\n<p>Durante a entrevista, Ga\u00facho adiantou que projeta o Tricolor jogando com alegria e coragem.<\/p>\n\n\n\n<p>\u201cConversei bastante [com os jogadores], o que procurei passar para o grupo foi alegria de jogar e coragem. Isso o torcedor pode ficar tranquilo que vai ver no meu time. O Fluminense\u00a0enquanto eu estiver aqui vai jogar como time grande, vai respeitar os advers\u00e1rio, mas vai jogar para dentro, sempre para vencer. Trabalhando sempre com cuidado defensivo. O\u00a0Fluminense\u00a0vai jogar como time grande independente do advers\u00e1rio\u201d, garantiu o treinador.<\/p>\n\n\n\n<p>A reestreia de Ga\u00facho ser\u00e1 no pr\u00f3ximo domingo (6), no Maracan\u00e3, quando o Tricolor enfrentar\u00e1 o Bragantino a partir das 16h (hor\u00e1rio de Bras\u00edlia). O t\u00e9cnico aproveitou a coletiva para convocar a torcida tricolor.<\/p>\n\n\n\n<p>\u201cPe\u00e7o que o torcedor compare\u00e7a no maior n\u00famero, a torcida do Fluminense\u00a0sempre compareceu e incentivou. Se tratando do Brasileiro, mais do que nunca \u00e9 necess\u00e1ria a presen\u00e7a para apoiar a equipe para que neste segundo jogo a gente possa conquistar os tr\u00eas pontos\u201d, concluiu.<\/p>\n\n\n\n<p><strong><em>S\u00e3o Gon\u00e7alo vai mudar: Not\u00edcias de S\u00e3o Gon\u00e7alo e toda regi\u00e3o.<\/em><\/strong><\/p>\n\n\n\n<figure class=\"wp-block-image size-large\"><img decoding=\"async\" width=\"1024\" height=\"46\" src=\"https:\/\/sgvaimudar.com.br\/wp-content\/uploads\/2023\/08\/Anuncie-Aqui-Sao-Goncalo-vai-mudar-1024x46.png\" alt=\"\" class=\"wp-image-2740\" srcset=\"https:\/\/sgvaimudar.com.br\/wp-content\/uploads\/2023\/08\/Anuncie-Aqui-Sao-Goncalo-vai-mudar-1024x46.png 1024w, https:\/\/sgvaimudar.com.br\/wp-content\/uploads\/2023\/08\/Anuncie-Aqui-Sao-Goncalo-vai-mudar-300x13.png 300w, https:\/\/sgvaimudar.com.br\/wp-content\/uploads\/2023\/08\/Anuncie-Aqui-Sao-Goncalo-vai-mudar-768x35.png 768w, https:\/\/sgvaimudar.com.br\/wp-content\/uploads\/2023\/08\/Anuncie-Aqui-Sao-Goncalo-vai-mudar-1536x69.png 1536w, https:\/\/sgvaimudar.com.br\/wp-content\/uploads\/2023\/08\/Anuncie-Aqui-Sao-Goncalo-vai-mudar.png 2002w\" sizes=\"(max-width: 1024px) 100vw, 1024px\" \/><\/figure>\n\n\n\n<p><\/p>\n\n\n\n<figure class=\"wp-block-image\"><img decoding=\"async\" src=\"https:\/\/agenciabrasil.ebc.com.br\/ebc.gif?id=1637615&amp;o=node\" alt=\"\" \/><\/figure>\n","protected":false},"excerpt":{"rendered":"<p>Treinador convoca tricolores para duelo de domingo contra o Bragantino De volta ao comando do Fluminense ap\u00f3s hiato de 11&hellip;<\/p>\n","protected":false},"author":5,"featured_media":23125,"comment_status":"open","ping_status":"open","sticky":false,"template":"","format":"standard","meta":{"fifu_image_url":"","fifu_image_alt":"","footnotes":""},"categories":[5],"tags":[47],"class_list":["post-23124","post","type-post","status-publish","format-standard","has-post-thumbnail","hentry","category-esportes","tag-rj"],"_links":{"self":[{"href":"https:\/\/sgvaimudar.com.br\/index.php\/wp-json\/wp\/v2\/posts\/23124","targetHints":{"allow":["GET"]}}],"collection":[{"href":"https:\/\/sgvaimudar.com.br\/index.php\/wp-json\/wp\/v2\/posts"}],"about":[{"href":"https:\/\/sgvaimudar.com.br\/index.php\/wp-json\/wp\/v2\/types\/post"}],"author":[{"embeddable":true,"href":"https:\/\/sgvaimudar.com.br\/index.php\/wp-json\/wp\/v2\/users\/5"}],"replies":[{"embeddable":true,"href":"https:\/\/sgvaimudar.com.br\/index.php\/wp-json\/wp\/v2\/comments?post=23124"}],"version-history":[{"count":2,"href":"https:\/\/sgvaimudar.com.br\/index.php\/wp-json\/wp\/v2\/posts\/23124\/revisions"}],"predecessor-version":[{"id":23127,"href":"https:\/\/sgvaimudar.com.br\/index.php\/wp-json\/wp\/v2\/posts\/23124\/revisions\/23127"}],"wp:featuredmedia":[{"embeddable":true,"href":"https:\/\/sgvaimudar.com.br\/index.php\/wp-json\/wp\/v2\/media\/23125"}],"wp:attachment":[{"href":"https:\/\/sgvaimudar.com.br\/index.php\/wp-json\/wp\/v2\/media?parent=23124"}],"wp:term":[{"taxonomy":"category","embeddable":true,"href":"https:\/\/sgvaimudar.com.br\/index.php\/wp-json\/wp\/v2\/categories?post=23124"},{"taxonomy":"post_tag","embeddable":true,"href":"https:\/\/sgvaimudar.com.br\/index.php\/wp-json\/wp\/v2\/tags?post=23124"}],"curies":[{"name":"wp","href":"https:\/\/api.w.org\/{rel}","templated":true}]}}