{"id":23114,"date":"2025-04-04T17:00:00","date_gmt":"2025-04-04T20:00:00","guid":{"rendered":"https:\/\/sgvaimudar.com.br\/?p=23114"},"modified":"2025-04-04T11:15:37","modified_gmt":"2025-04-04T14:15:37","slug":"prefeitura-de-itaborai-trabalha-para-reduzir-os-impactos-das-fortes-chuvas","status":"publish","type":"post","link":"https:\/\/sgvaimudar.com.br\/index.php\/2025\/04\/04\/prefeitura-de-itaborai-trabalha-para-reduzir-os-impactos-das-fortes-chuvas\/","title":{"rendered":"Prefeitura de Itabora\u00ed trabalha para reduzir os impactos das fortes chuvas"},"content":{"rendered":"\n<p><em>O prefeito, Marcelo Delaroli, destacou, a import\u00e2ncia da atua\u00e7\u00e3o integrada das secretarias para garantir o bem-estar da popula\u00e7\u00e3o<\/em><\/p>\n\n\n\n<p>A Prefeitura de Itabora\u00ed, por meio da Secretaria Municipal de Defesa Civil e da Secretaria Municipal de Servi\u00e7os P\u00fablicos (Semserp), atua para reduzir os impactos das fortes chuvas previstas para o munic\u00edpio. Na fim de mar\u00e7o o bairro Rio V\u00e1rzea sofreu com uma com uma precipita\u00e7\u00e3o superior a 80 mil\u00edmetros. <\/p>\n\n\n\n<p>As equipes da Semserp realizam servi\u00e7os como remo\u00e7\u00e3o de \u00e1rvores tombadas, poda, desobstru\u00e7\u00e3o de caixas de esgoto e ro\u00e7ada nos locais mais afetados pelos temporais. As a\u00e7\u00f5es tamb\u00e9m ser\u00e3o estendidas para bairros como: Outeiro das Pedras, S\u00e3o Joaquim, Retiro S\u00e3o Joaquim e Bela Vista.<\/p>\n\n\n\n<p>O prefeito de Itabora\u00ed, Marcelo Delaroli, disse que as equipes est\u00e3o nas ruas trabalhando incansavelmente para realizar a limpeza de vias, desobstru\u00e7\u00e3o de bueiros e remo\u00e7\u00e3o de res\u00edduos para minimizar os impactos da chuva. <\/p>\n\n\n\n<p>&#8220;Se algu\u00e9m precisar de ajuda, entre em contato com os canais da Defesa Civil atrav\u00e9s do n\u00famero 199. Continuaremos buscando recursos para obras importantes na nossa Itabora\u00ed, como o trevo de Manilha, mas \u00e9 importante que a popula\u00e7\u00e3o n\u00e3o deixe de nos comunicar caso precise de ajuda. Estamos acompanhando de perto a situa\u00e7\u00e3o e mobilizando todos os recursos necess\u00e1rios para recuperar as \u00e1reas afetadas o mais r\u00e1pido poss\u00edvel. Nossa prioridade \u00e9 garantir a seguran\u00e7a e a tranquilidade dos moradores\u201d, afirmou Marcelo Delaroli.<\/p>\n\n\n\n<p>O subprefeito H\u00e9dio Mataruna refor\u00e7ou que, apesar do alto volume de chuva, n\u00e3o houve registro de v\u00edtimas fatais.<\/p>\n\n\n\n<p>&#8220;As secretarias municipais de Educa\u00e7\u00e3o e de Desenvolvimento Social est\u00e3o trabalhando em conjunto com a Defesa Civil para prestar assist\u00eancia \u00e0s fam\u00edlias atingidas. Estamos disponibilizando abrigo, al\u00e9m da distribui\u00e7\u00e3o de \u00e1gua, cestas b\u00e1sicas e itens de limpeza. Enquanto houver necessidade, seguiremos com essas a\u00e7\u00f5es para garantir que todos os afetados sejam acolhidos&#8221;, destacou o subprefeito H\u00e9dio Mataruna.<\/p>\n\n\n\n<p>O secret\u00e1rio municipal de Servi\u00e7os P\u00fablicos, Diogo Sperling, ressaltou a import\u00e2ncia do trabalho de recupera\u00e7\u00e3o das \u00e1reas afetadas e alertou sobre a necessidade do descarte correto do lixo dom\u00e9stico.<\/p>\n\n\n\n<p>&#8220;Nossas equipes est\u00e3o atuando intensamente para minimizar os impactos da chuva. No entanto, a colabora\u00e7\u00e3o da popula\u00e7\u00e3o \u00e9 fundamental. O descarte irregular de lixo contribui para o entupimento de bueiros e galerias pluviais, agravando os alagamentos. Pedimos que todos fa\u00e7am sua parte para manter a cidade mais segura&#8221;, enfatizou o secret\u00e1rio.<\/p>\n\n\n\n<p>A Secretaria Municipal de Defesa Civil segue monitorando as \u00e1reas atingidas, atendendo chamados de emerg\u00eancia e adotando medidas preventivas para evitar novos transtornos. Al\u00e9m disso, a Prefeitura intensificou a distribui\u00e7\u00e3o de colch\u00f5es, materiais de limpeza e cestas b\u00e1sicas para os bairros mais afetados.<\/p>\n\n\n\n<p>O secret\u00e1rio municipal de Defesa Civil, Coronel Ricardo Nunes, refor\u00e7ou o compromisso da equipe com a seguran\u00e7a da popula\u00e7\u00e3o.<\/p>\n\n\n\n<p>&#8220;Estamos nas ruas desde as primeiras horas do dia, prestando assist\u00eancia \u00e0s fam\u00edlias e monitorando as \u00e1reas de risco. A Defesa Civil segue alerta e pronta para agir diante de qualquer nova ocorr\u00eancia&#8221;, destacou o coronel.<\/p>\n\n\n\n<p>A Prefeitura de Itabora\u00ed refor\u00e7a que os moradores podem acionar a Defesa Civil pelo telefone 199 em casos de emerg\u00eancia.<\/p>\n\n\n\n<p><strong><em>S\u00e3o Gon\u00e7alo vai mudar: Not\u00edcias de S\u00e3o Gon\u00e7alo e toda regi\u00e3o.<\/em><\/strong><\/p>\n\n\n\n<figure class=\"wp-block-image size-large\"><img fetchpriority=\"high\" decoding=\"async\" width=\"1024\" height=\"252\" src=\"https:\/\/sgvaimudar.com.br\/wp-content\/uploads\/2023\/10\/Anuncie-Aqui-Sao-Goncalo-vai-mudar-2-1024x252.jpg\" alt=\"\" class=\"wp-image-3625\" srcset=\"https:\/\/sgvaimudar.com.br\/wp-content\/uploads\/2023\/10\/Anuncie-Aqui-Sao-Goncalo-vai-mudar-2-1024x252.jpg 1024w, https:\/\/sgvaimudar.com.br\/wp-content\/uploads\/2023\/10\/Anuncie-Aqui-Sao-Goncalo-vai-mudar-2-300x74.jpg 300w, https:\/\/sgvaimudar.com.br\/wp-content\/uploads\/2023\/10\/Anuncie-Aqui-Sao-Goncalo-vai-mudar-2-768x189.jpg 768w, https:\/\/sgvaimudar.com.br\/wp-content\/uploads\/2023\/10\/Anuncie-Aqui-Sao-Goncalo-vai-mudar-2-1536x378.jpg 1536w, https:\/\/sgvaimudar.com.br\/wp-content\/uploads\/2023\/10\/Anuncie-Aqui-Sao-Goncalo-vai-mudar-2-2048x504.jpg 2048w\" sizes=\"(max-width: 1024px) 100vw, 1024px\" \/><\/figure>\n","protected":false},"excerpt":{"rendered":"<p>O prefeito, Marcelo Delaroli, destacou, a import\u00e2ncia da atua\u00e7\u00e3o integrada das secretarias para garantir o bem-estar da popula\u00e7\u00e3o A Prefeitura&hellip;<\/p>\n","protected":false},"author":5,"featured_media":23115,"comment_status":"open","ping_status":"open","sticky":false,"template":"","format":"standard","meta":{"fifu_image_url":"","fifu_image_alt":"","footnotes":""},"categories":[36],"tags":[47],"class_list":["post-23114","post","type-post","status-publish","format-standard","has-post-thumbnail","hentry","category-bem-estar","tag-rj"],"_links":{"self":[{"href":"https:\/\/sgvaimudar.com.br\/index.php\/wp-json\/wp\/v2\/posts\/23114","targetHints":{"allow":["GET"]}}],"collection":[{"href":"https:\/\/sgvaimudar.com.br\/index.php\/wp-json\/wp\/v2\/posts"}],"about":[{"href":"https:\/\/sgvaimudar.com.br\/index.php\/wp-json\/wp\/v2\/types\/post"}],"author":[{"embeddable":true,"href":"https:\/\/sgvaimudar.com.br\/index.php\/wp-json\/wp\/v2\/users\/5"}],"replies":[{"embeddable":true,"href":"https:\/\/sgvaimudar.com.br\/index.php\/wp-json\/wp\/v2\/comments?post=23114"}],"version-history":[{"count":1,"href":"https:\/\/sgvaimudar.com.br\/index.php\/wp-json\/wp\/v2\/posts\/23114\/revisions"}],"predecessor-version":[{"id":23116,"href":"https:\/\/sgvaimudar.com.br\/index.php\/wp-json\/wp\/v2\/posts\/23114\/revisions\/23116"}],"wp:featuredmedia":[{"embeddable":true,"href":"https:\/\/sgvaimudar.com.br\/index.php\/wp-json\/wp\/v2\/media\/23115"}],"wp:attachment":[{"href":"https:\/\/sgvaimudar.com.br\/index.php\/wp-json\/wp\/v2\/media?parent=23114"}],"wp:term":[{"taxonomy":"category","embeddable":true,"href":"https:\/\/sgvaimudar.com.br\/index.php\/wp-json\/wp\/v2\/categories?post=23114"},{"taxonomy":"post_tag","embeddable":true,"href":"https:\/\/sgvaimudar.com.br\/index.php\/wp-json\/wp\/v2\/tags?post=23114"}],"curies":[{"name":"wp","href":"https:\/\/api.w.org\/{rel}","templated":true}]}}