{"id":22996,"date":"2025-04-03T06:59:53","date_gmt":"2025-04-03T09:59:53","guid":{"rendered":"https:\/\/sgvaimudar.com.br\/?p=22996"},"modified":"2025-04-03T06:59:53","modified_gmt":"2025-04-03T09:59:53","slug":"sao-goncalo-integra-acao-de-bloqueio-contra-sarampo","status":"publish","type":"post","link":"https:\/\/sgvaimudar.com.br\/index.php\/2025\/04\/03\/sao-goncalo-integra-acao-de-bloqueio-contra-sarampo\/","title":{"rendered":"S\u00e3o Gon\u00e7alo integra a\u00e7\u00e3o de bloqueio contra sarampo"},"content":{"rendered":"\n<p><em>Munic\u00edpio segue sem casos confirmados, mas refor\u00e7a vacina\u00e7\u00e3o<\/em><\/p>\n\n\n\n<p>A Secretaria de Sa\u00fade da Prefeitura de S\u00e3o Gon\u00e7alo informou que vai iniciar, na pr\u00f3xima segunda (7\/4), uma a\u00e7\u00e3o de bloqueio contra o sarampo nas escolas e creches. A iniciativa \u00e9 uma a\u00e7\u00e3o conjunta do Minist\u00e9rio da Sa\u00fade e Governo do Estado e outros oito munic\u00edpios da Regi\u00e3o Metropolitana do Estado.<\/p>\n\n\n\n<p>O imunizante tr\u00edplice viral, que ainda protege contra a caxumba e a rub\u00e9ola, poder\u00e1 ser aplicado nos gon\u00e7alenses entre seis meses e 59 anos que ainda n\u00e3o estejam imunizados.\u00a0<\/p>\n\n\n\n<p>S\u00e3o Gon\u00e7alo n\u00e3o teve casos confirmados da doen\u00e7a em 2024 e neste in\u00edcio de ano de 2025. O objetivo da iniciativa \u00e9 refor\u00e7ar a vacina\u00e7\u00e3o contra o sarampo, bloqueando o retorno da doen\u00e7a. Durante os pr\u00f3ximos meses, haver\u00e1 a\u00e7\u00f5es espec\u00edficas voltadas para diversos outros segmentos. Ainda em abril, a estrat\u00e9gia deve vacinar profissionais da \u00e1rea da sa\u00fade, da rede de turismo, trabalhadores de transportes, for\u00e7as de seguran\u00e7a e pessoas em situa\u00e7\u00e3o de rua.&nbsp;<\/p>\n\n\n\n<p>A etapa dois vai envolver universidades, escolas t\u00e9cnicas e trabalhadores da sa\u00fade. E a terceira etapa vai contar com pontos de vacina\u00e7\u00e3o volantes em locais de grande movimenta\u00e7\u00e3o, \u00e1reas comerciais e pra\u00e7as p\u00fablicas.&nbsp;<\/p>\n\n\n\n<p>Antes da reuni\u00e3o do Minist\u00e9rio da Sa\u00fade, Governo do Estado e representantes das prefeituras, S\u00e3o Gon\u00e7alo j\u00e1 tinha iniciado uma a\u00e7\u00e3o extramuros nesta semana. A a\u00e7\u00e3o come\u00e7ou com funcion\u00e1rios dos hospitais de urg\u00eancia e emerg\u00eancia da cidade, nesta ter\u00e7a-feira (1\u00ba), pela Coordena\u00e7\u00e3o de Imuniza\u00e7\u00e3o.<\/p>\n\n\n\n<p>\u201c\u00c9 bom lembrar que apesar dessas a\u00e7\u00f5es espec\u00edficas, a atualiza\u00e7\u00e3o da caderneta de vacina\u00e7\u00e3o pode ser feita em qualquer sala de vacina\u00e7\u00e3o durante todo o ano. As cadernetas s\u00e3o avaliadas pela equipe, assim como a condi\u00e7\u00e3o cl\u00ednica do paciente para a aplica\u00e7\u00e3o das vacinas. Al\u00e9m da tr\u00edplice viral, todos os outros imunizantes do Programa Nacional de Imuniza\u00e7\u00e3o (PNI) est\u00e3o dispon\u00edveis. Por isso, vacine-se!! A vacina\u00e7\u00e3o \u00e9 um ato de amor com voc\u00ea, sua fam\u00edlia e para toda sa\u00fade coletiva\u201d, lembrou a subsecret\u00e1ria de Sa\u00fade Coletiva, Thain\u00e1 Fratane.<\/p>\n\n\n\n<p><strong>P\u00fablico<\/strong>&nbsp;\u2013 Nas crian\u00e7as, a Tr\u00edplice Viral deve ser aplicada aos 12 meses. As crian\u00e7as com mais de sete anos podem iniciar ou completar com duas doses, de acordo com a situa\u00e7\u00e3o vacinal. Em adultos, esta vacina pode ser aplicada em duas doses at\u00e9 29 anos e uma dose para as pessoas de 30 a 59 anos. Os profissionais de sa\u00fade devem tomar duas doses, independente da idade. O intervalo entre as doses deve ser de, no m\u00ednimo, 30 dias.&nbsp;<\/p>\n\n\n\n<p><em>Fotos: Fabio Guimar\u00e3e<\/em>s<\/p>\n\n\n\n<p><strong><em>S\u00e3o Gon\u00e7alo vai mudar: Not\u00edcias de S\u00e3o Gon\u00e7alo e toda regi\u00e3o.<\/em><\/strong><\/p>\n\n\n\n<figure class=\"wp-block-image size-large\"><img fetchpriority=\"high\" decoding=\"async\" width=\"722\" height=\"1024\" src=\"https:\/\/sgvaimudar.com.br\/wp-content\/uploads\/2023\/10\/Anuncie-aqui-a5-1-722x1024.png\" alt=\"\" class=\"wp-image-3627\" srcset=\"https:\/\/sgvaimudar.com.br\/wp-content\/uploads\/2023\/10\/Anuncie-aqui-a5-1-722x1024.png 722w, https:\/\/sgvaimudar.com.br\/wp-content\/uploads\/2023\/10\/Anuncie-aqui-a5-1-212x300.png 212w, https:\/\/sgvaimudar.com.br\/wp-content\/uploads\/2023\/10\/Anuncie-aqui-a5-1-768x1089.png 768w, https:\/\/sgvaimudar.com.br\/wp-content\/uploads\/2023\/10\/Anuncie-aqui-a5-1-1083x1536.png 1083w, https:\/\/sgvaimudar.com.br\/wp-content\/uploads\/2023\/10\/Anuncie-aqui-a5-1-1444x2048.png 1444w, https:\/\/sgvaimudar.com.br\/wp-content\/uploads\/2023\/10\/Anuncie-aqui-a5-1.png 1750w\" sizes=\"(max-width: 722px) 100vw, 722px\" \/><\/figure>\n","protected":false},"excerpt":{"rendered":"<p>Munic\u00edpio segue sem casos confirmados, mas refor\u00e7a vacina\u00e7\u00e3o A Secretaria de Sa\u00fade da Prefeitura de S\u00e3o Gon\u00e7alo informou que vai&hellip;<\/p>\n","protected":false},"author":5,"featured_media":22997,"comment_status":"open","ping_status":"open","sticky":false,"template":"","format":"standard","meta":{"fifu_image_url":"","fifu_image_alt":"","footnotes":""},"categories":[7],"tags":[47,75],"class_list":["post-22996","post","type-post","status-publish","format-standard","has-post-thumbnail","hentry","category-saude","tag-rj","tag-sao-goncalo"],"_links":{"self":[{"href":"https:\/\/sgvaimudar.com.br\/index.php\/wp-json\/wp\/v2\/posts\/22996","targetHints":{"allow":["GET"]}}],"collection":[{"href":"https:\/\/sgvaimudar.com.br\/index.php\/wp-json\/wp\/v2\/posts"}],"about":[{"href":"https:\/\/sgvaimudar.com.br\/index.php\/wp-json\/wp\/v2\/types\/post"}],"author":[{"embeddable":true,"href":"https:\/\/sgvaimudar.com.br\/index.php\/wp-json\/wp\/v2\/users\/5"}],"replies":[{"embeddable":true,"href":"https:\/\/sgvaimudar.com.br\/index.php\/wp-json\/wp\/v2\/comments?post=22996"}],"version-history":[{"count":1,"href":"https:\/\/sgvaimudar.com.br\/index.php\/wp-json\/wp\/v2\/posts\/22996\/revisions"}],"predecessor-version":[{"id":22998,"href":"https:\/\/sgvaimudar.com.br\/index.php\/wp-json\/wp\/v2\/posts\/22996\/revisions\/22998"}],"wp:featuredmedia":[{"embeddable":true,"href":"https:\/\/sgvaimudar.com.br\/index.php\/wp-json\/wp\/v2\/media\/22997"}],"wp:attachment":[{"href":"https:\/\/sgvaimudar.com.br\/index.php\/wp-json\/wp\/v2\/media?parent=22996"}],"wp:term":[{"taxonomy":"category","embeddable":true,"href":"https:\/\/sgvaimudar.com.br\/index.php\/wp-json\/wp\/v2\/categories?post=22996"},{"taxonomy":"post_tag","embeddable":true,"href":"https:\/\/sgvaimudar.com.br\/index.php\/wp-json\/wp\/v2\/tags?post=22996"}],"curies":[{"name":"wp","href":"https:\/\/api.w.org\/{rel}","templated":true}]}}