{"id":22967,"date":"2025-04-02T13:00:00","date_gmt":"2025-04-02T16:00:00","guid":{"rendered":"https:\/\/sgvaimudar.com.br\/?p=22967"},"modified":"2025-04-02T11:27:34","modified_gmt":"2025-04-02T14:27:34","slug":"apagao-deixa-cerca-de-220-mil-pessoas-sem-energia-em-sao-goncalo-e-niteroi","status":"publish","type":"post","link":"https:\/\/sgvaimudar.com.br\/index.php\/2025\/04\/02\/apagao-deixa-cerca-de-220-mil-pessoas-sem-energia-em-sao-goncalo-e-niteroi\/","title":{"rendered":"Apag\u00e3o deixa cerca de 220 mil pessoas sem energia em S\u00e3o Gon\u00e7alo e Niter\u00f3i"},"content":{"rendered":"\n<p><em>Segundo a Enel, falta de luz foi causada por queda de torres\u00a0de\u00a0transmiss\u00e3o. Humorista Snoop Toddy foi para as redes sociais para ouvir seus seguidores<\/em><\/p>\n\n\n\n<p>Cerca de 220 mil pessoas ficaram sem\u00a0energia el\u00e9trica nesta ter\u00e7a-feira (1\u00ba) ap\u00f3s um apag\u00e3o que atingiu as cidades de\u00a0S\u00e3o Gon\u00e7alo e Niter\u00f3i e outros pontos da Regi\u00e3o Metropolitana do Rio. Uma ventania derrubou torres de transmiss\u00e3o e interrompeu o fornecimento de energia.<\/p>\n\n\n\n<p>O problema foi causado pelo desarme em uma linha de distribui\u00e7\u00e3o de alta tens\u00e3o da Enel em decorr\u00eancia da queda de torres do Comperj. A concession\u00e1ria afirma que t\u00e9cnicos realizaram manobras remotas e conseguiram restabelecer a energia para 72% dos clientes afetados.<\/p>\n\n\n\n<p>O problema atingiu o Hospital Estadual Alberto Torres, que precisou recorrer a um gerador para manter a energia na unidade de sa\u00fade. A luz n\u00e3o havia sido restabelecida at\u00e9 o fim da noite de ter\u00e7a.<\/p>\n\n\n\n<figure class=\"wp-block-video\"><video height=\"1280\" style=\"aspect-ratio: 720 \/ 1280;\" width=\"720\" controls src=\"https:\/\/sgvaimudar.com.br\/wp-content\/uploads\/2025\/04\/FDownloader.Net_AQNAcINqYOyxxdIyIfS3UHsL42l2T442ycg1gDqppMLPch22HW_m357BcljcyAJCOG65yH_omlS0eMWkKCx23EUV_720p_HD.mp4\"><\/video><\/figure>\n\n\n\n<p>O humorista Snoop Toddy fez um v\u00eddeo relatando a falta de luz em v\u00e1rios bairros de S\u00e3o Gon\u00e7alo e Niter\u00f3i. Ele fez a seguinte pergunta para os internautas: Voc\u00ea est\u00e1 enfrentando o mesmo problema?<\/p>\n\n\n\n<p>E foi s\u00f3 a imagem circular para viralizar com diversas reclama\u00e7\u00f5es: &#8220;Quero saber que temporal foi esse moro aqui perto e nem ventou e nem choveu&#8221;, escreveu na postagem Nilda Duarte.<\/p>\n\n\n\n<p>Mesma opini\u00e3o de Regina Marques: &#8220;Onde teve temporal em Niter\u00f3i? Aqui n\u00e3o caiu um pingo e a luz demorou a voltar&#8221;, lamentou na postagem. J\u00e1 Elizabeth Leite disse que em Pendotiba n\u00e3o havia chovido. &#8220;Tamb\u00e9m queria saber que temporal foi esse, porque n\u00e3o vi nada&#8221;. afirmou.<\/p>\n\n\n\n<p>A situa\u00e7\u00e3o s\u00f3 come\u00e7ou a se normalizar no fim da noite dessa ter\u00e7a-feira.\u00a0<\/p>\n\n\n\n<p><strong><em>S\u00e3o Gon\u00e7alo vai mudar: Not\u00edcias de S\u00e3o Gon\u00e7alo e toda regi\u00e3o.<\/em><\/strong><\/p>\n\n\n\n<figure class=\"wp-block-image size-large\"><img decoding=\"async\" width=\"1024\" height=\"46\" src=\"https:\/\/sgvaimudar.com.br\/wp-content\/uploads\/2023\/08\/Anuncie-Aqui-Sao-Goncalo-vai-mudar-1024x46.png\" alt=\"\" class=\"wp-image-2740\" srcset=\"https:\/\/sgvaimudar.com.br\/wp-content\/uploads\/2023\/08\/Anuncie-Aqui-Sao-Goncalo-vai-mudar-1024x46.png 1024w, https:\/\/sgvaimudar.com.br\/wp-content\/uploads\/2023\/08\/Anuncie-Aqui-Sao-Goncalo-vai-mudar-300x13.png 300w, https:\/\/sgvaimudar.com.br\/wp-content\/uploads\/2023\/08\/Anuncie-Aqui-Sao-Goncalo-vai-mudar-768x35.png 768w, https:\/\/sgvaimudar.com.br\/wp-content\/uploads\/2023\/08\/Anuncie-Aqui-Sao-Goncalo-vai-mudar-1536x69.png 1536w, https:\/\/sgvaimudar.com.br\/wp-content\/uploads\/2023\/08\/Anuncie-Aqui-Sao-Goncalo-vai-mudar.png 2002w\" sizes=\"(max-width: 1024px) 100vw, 1024px\" \/><\/figure>\n\n\n\n<p><\/p>\n","protected":false},"excerpt":{"rendered":"<p>Segundo a Enel, falta de luz foi causada por queda de torres\u00a0de\u00a0transmiss\u00e3o. Humorista Snoop Toddy foi para as redes sociais&hellip;<\/p>\n","protected":false},"author":5,"featured_media":22969,"comment_status":"open","ping_status":"open","sticky":false,"template":"","format":"standard","meta":{"fifu_image_url":"","fifu_image_alt":"","footnotes":""},"categories":[3],"tags":[47,75],"class_list":["post-22967","post","type-post","status-publish","format-standard","has-post-thumbnail","hentry","category-sao-goncalo","tag-rj","tag-sao-goncalo"],"_links":{"self":[{"href":"https:\/\/sgvaimudar.com.br\/index.php\/wp-json\/wp\/v2\/posts\/22967","targetHints":{"allow":["GET"]}}],"collection":[{"href":"https:\/\/sgvaimudar.com.br\/index.php\/wp-json\/wp\/v2\/posts"}],"about":[{"href":"https:\/\/sgvaimudar.com.br\/index.php\/wp-json\/wp\/v2\/types\/post"}],"author":[{"embeddable":true,"href":"https:\/\/sgvaimudar.com.br\/index.php\/wp-json\/wp\/v2\/users\/5"}],"replies":[{"embeddable":true,"href":"https:\/\/sgvaimudar.com.br\/index.php\/wp-json\/wp\/v2\/comments?post=22967"}],"version-history":[{"count":1,"href":"https:\/\/sgvaimudar.com.br\/index.php\/wp-json\/wp\/v2\/posts\/22967\/revisions"}],"predecessor-version":[{"id":22970,"href":"https:\/\/sgvaimudar.com.br\/index.php\/wp-json\/wp\/v2\/posts\/22967\/revisions\/22970"}],"wp:featuredmedia":[{"embeddable":true,"href":"https:\/\/sgvaimudar.com.br\/index.php\/wp-json\/wp\/v2\/media\/22969"}],"wp:attachment":[{"href":"https:\/\/sgvaimudar.com.br\/index.php\/wp-json\/wp\/v2\/media?parent=22967"}],"wp:term":[{"taxonomy":"category","embeddable":true,"href":"https:\/\/sgvaimudar.com.br\/index.php\/wp-json\/wp\/v2\/categories?post=22967"},{"taxonomy":"post_tag","embeddable":true,"href":"https:\/\/sgvaimudar.com.br\/index.php\/wp-json\/wp\/v2\/tags?post=22967"}],"curies":[{"name":"wp","href":"https:\/\/api.w.org\/{rel}","templated":true}]}}