{"id":22894,"date":"2025-04-01T16:00:00","date_gmt":"2025-04-01T19:00:00","guid":{"rendered":"https:\/\/sgvaimudar.com.br\/?p=22894"},"modified":"2025-04-01T10:50:03","modified_gmt":"2025-04-01T13:50:03","slug":"prefeitura-abre-396-vagas-para-inscricao-no-programa-minha-casa-minha-vida","status":"publish","type":"post","link":"https:\/\/sgvaimudar.com.br\/index.php\/2025\/04\/01\/prefeitura-abre-396-vagas-para-inscricao-no-programa-minha-casa-minha-vida\/","title":{"rendered":"Prefeitura abre 396 vagas para inscri\u00e7\u00e3o no Programa \u201cMinha Casa, Minha Vida\u201d"},"content":{"rendered":"\n<p><em>Cadastro pode ser feito pelo aplicativo Colab ou presencialmente<\/em><\/p>\n\n\n\n<p>A Prefeitura de S\u00e3o Gon\u00e7alo, atrav\u00e9s da Secretaria de Habita\u00e7\u00e3o, abriu novo agendamento para inscri\u00e7\u00f5es no programa habitacional \u201cMinha Casa, Minha Vida\u201d pelo aplicativo Colab. Desta vez, foram disponibilizadas 396 vagas para o m\u00eas de abril, com agendamento dispon\u00edvel de 1 a 30 de abril. No entanto, as vagas acabam muito r\u00e1pido, e, caso se esgotem, n\u00e3o ser\u00e1 poss\u00edvel se inscrever.<\/p>\n\n\n\n<p>O cadastro no programa pode ser realizado pelos moradores que ainda n\u00e3o est\u00e3o inscritos no \u201cMinha Casa Minha Vida\u201d no munic\u00edpio. O objetivo \u00e9 facilitar o acesso ao programa com informa\u00e7\u00f5es sobre quem tem direito a participar e como se inscrever.<\/p>\n\n\n\n<figure class=\"wp-block-image size-large\"><img fetchpriority=\"high\" decoding=\"async\" width=\"819\" height=\"1024\" src=\"https:\/\/sgvaimudar.com.br\/wp-content\/uploads\/2025\/04\/unnamed-9-819x1024.jpg\" alt=\"\" class=\"wp-image-22895\" srcset=\"https:\/\/sgvaimudar.com.br\/wp-content\/uploads\/2025\/04\/unnamed-9-819x1024.jpg 819w, https:\/\/sgvaimudar.com.br\/wp-content\/uploads\/2025\/04\/unnamed-9-240x300.jpg 240w, https:\/\/sgvaimudar.com.br\/wp-content\/uploads\/2025\/04\/unnamed-9-768x960.jpg 768w, https:\/\/sgvaimudar.com.br\/wp-content\/uploads\/2025\/04\/unnamed-9.jpg 1080w\" sizes=\"(max-width: 819px) 100vw, 819px\" \/><\/figure>\n\n\n\n<p>\u00c9 importante destacar que o cidad\u00e3o deve estar com o N\u00famero de Identifica\u00e7\u00e3o Social (NIS) atualizado para a inscri\u00e7\u00e3o.<\/p>\n\n\n\n<p>Pelo aplicativo Colab, os gon\u00e7alenses conseguem agendar a data e o hor\u00e1rio para o atendimento presencial por servidores da Secretaria de Habita\u00e7\u00e3o, quando dever\u00e3o apresentar os documentos necess\u00e1rios para realizar a inscri\u00e7\u00e3o no programa.<\/p>\n\n\n\n<p>Al\u00e9m disso, as pessoas tamb\u00e9m podem comparecer presencialmente para realizar o agendamento. A Secretaria de Habita\u00e7\u00e3o fica na Avenida Presidente Kennedy, n\u00b0 425, sala 145, Centro.<\/p>\n\n\n\n<p><strong><em>S\u00e3o Gon\u00e7alo vai mudar: Not\u00edcias de S\u00e3o Gon\u00e7alo e toda regi\u00e3o.<\/em><\/strong><\/p>\n\n\n\n<figure class=\"wp-block-image size-large\"><img decoding=\"async\" width=\"1024\" height=\"46\" src=\"https:\/\/sgvaimudar.com.br\/wp-content\/uploads\/2023\/08\/Anuncie-Aqui-Sao-Goncalo-vai-mudar-1024x46.png\" alt=\"\" class=\"wp-image-2740\" srcset=\"https:\/\/sgvaimudar.com.br\/wp-content\/uploads\/2023\/08\/Anuncie-Aqui-Sao-Goncalo-vai-mudar-1024x46.png 1024w, https:\/\/sgvaimudar.com.br\/wp-content\/uploads\/2023\/08\/Anuncie-Aqui-Sao-Goncalo-vai-mudar-300x13.png 300w, https:\/\/sgvaimudar.com.br\/wp-content\/uploads\/2023\/08\/Anuncie-Aqui-Sao-Goncalo-vai-mudar-768x35.png 768w, https:\/\/sgvaimudar.com.br\/wp-content\/uploads\/2023\/08\/Anuncie-Aqui-Sao-Goncalo-vai-mudar-1536x69.png 1536w, https:\/\/sgvaimudar.com.br\/wp-content\/uploads\/2023\/08\/Anuncie-Aqui-Sao-Goncalo-vai-mudar.png 2002w\" sizes=\"(max-width: 1024px) 100vw, 1024px\" \/><\/figure>\n","protected":false},"excerpt":{"rendered":"<p>Cadastro pode ser feito pelo aplicativo Colab ou presencialmente A Prefeitura de S\u00e3o Gon\u00e7alo, atrav\u00e9s da Secretaria de Habita\u00e7\u00e3o, abriu&hellip;<\/p>\n","protected":false},"author":5,"featured_media":5546,"comment_status":"open","ping_status":"open","sticky":false,"template":"","format":"standard","meta":{"fifu_image_url":"","fifu_image_alt":"","footnotes":""},"categories":[3],"tags":[47,75],"class_list":["post-22894","post","type-post","status-publish","format-standard","has-post-thumbnail","hentry","category-sao-goncalo","tag-rj","tag-sao-goncalo"],"_links":{"self":[{"href":"https:\/\/sgvaimudar.com.br\/index.php\/wp-json\/wp\/v2\/posts\/22894","targetHints":{"allow":["GET"]}}],"collection":[{"href":"https:\/\/sgvaimudar.com.br\/index.php\/wp-json\/wp\/v2\/posts"}],"about":[{"href":"https:\/\/sgvaimudar.com.br\/index.php\/wp-json\/wp\/v2\/types\/post"}],"author":[{"embeddable":true,"href":"https:\/\/sgvaimudar.com.br\/index.php\/wp-json\/wp\/v2\/users\/5"}],"replies":[{"embeddable":true,"href":"https:\/\/sgvaimudar.com.br\/index.php\/wp-json\/wp\/v2\/comments?post=22894"}],"version-history":[{"count":1,"href":"https:\/\/sgvaimudar.com.br\/index.php\/wp-json\/wp\/v2\/posts\/22894\/revisions"}],"predecessor-version":[{"id":22896,"href":"https:\/\/sgvaimudar.com.br\/index.php\/wp-json\/wp\/v2\/posts\/22894\/revisions\/22896"}],"wp:featuredmedia":[{"embeddable":true,"href":"https:\/\/sgvaimudar.com.br\/index.php\/wp-json\/wp\/v2\/media\/5546"}],"wp:attachment":[{"href":"https:\/\/sgvaimudar.com.br\/index.php\/wp-json\/wp\/v2\/media?parent=22894"}],"wp:term":[{"taxonomy":"category","embeddable":true,"href":"https:\/\/sgvaimudar.com.br\/index.php\/wp-json\/wp\/v2\/categories?post=22894"},{"taxonomy":"post_tag","embeddable":true,"href":"https:\/\/sgvaimudar.com.br\/index.php\/wp-json\/wp\/v2\/tags?post=22894"}],"curies":[{"name":"wp","href":"https:\/\/api.w.org\/{rel}","templated":true}]}}