{"id":22881,"date":"2025-04-01T13:00:00","date_gmt":"2025-04-01T16:00:00","guid":{"rendered":"https:\/\/sgvaimudar.com.br\/?p=22881"},"modified":"2025-04-01T10:16:32","modified_gmt":"2025-04-01T13:16:32","slug":"prefeitura-de-sao-goncalo-inicia-vacinacao-contra-gripe-nesta-quarta-2","status":"publish","type":"post","link":"https:\/\/sgvaimudar.com.br\/index.php\/2025\/04\/01\/prefeitura-de-sao-goncalo-inicia-vacinacao-contra-gripe-nesta-quarta-2\/","title":{"rendered":"Prefeitura de S\u00e3o Gon\u00e7alo inicia vacina\u00e7\u00e3o contra gripe nesta quarta 2"},"content":{"rendered":"\n<p><em>Munic\u00edpio tem 60 pontos de atendimento para a imuniza\u00e7\u00e3o<\/em><\/p>\n\n\n\n<p>A\u00a0Estrat\u00e9gia Nacional de Vacina\u00e7\u00e3o contra a Influenza 2025 vai come\u00e7ar nesta quarta-feira (2) em S\u00e3o Gon\u00e7alo, segundo a Prefeitura. Neste primeiro dia, a vacina poder\u00e1 ser aplicada nas crian\u00e7as de 6 meses a 5 anos, 11 meses e 29 dias e nas gestantes. Ao todo, 60 pontos de vacina\u00e7\u00e3o estar\u00e3o dispon\u00edveis. <\/p>\n\n\n\n<p>A maioria funciona de segunda a sexta, das 8h \u00e0s 17h. As cl\u00ednicas municipais Gon\u00e7alense do Mutondo e da Fam\u00edlia Dr. Zerbini, no Arsenal, abrem durante a semana, das 8h \u00e0s 21h; e aos s\u00e1bados, das 8h \u00e0s 13h, exceto feriados e pontos facultativos.\u00a0<\/p>\n\n\n\n<p>A partir de quinta-feira (3), idosos com 60 anos ou mais; trabalhadores da sa\u00fade e pu\u00e9rperas j\u00e1 podem se vacinar. E na sexta-feira (4), os demais grupos priorit\u00e1rios elencados pelo Minist\u00e9rio da Sa\u00fade: professores do ensino b\u00e1sico e superior; povos ind\u00edgenas; quilombolas; pessoas em situa\u00e7\u00e3o de rua; profissionais das for\u00e7as de seguran\u00e7a e salvamento; profissionais das for\u00e7as armadas; pessoas com doen\u00e7as cr\u00f4nicas n\u00e3o transmiss\u00edveis e outras condi\u00e7\u00f5es cl\u00ednicas especiais independentemente da idade; pessoas com defici\u00eancia permanente; caminhoneiros; trabalhadores de transporte coletivo rodovi\u00e1rio para passageiros urbanos e de longo curso; trabalhadores portu\u00e1rios; popula\u00e7\u00e3o privada de liberdade e funcion\u00e1rios do sistema de priva\u00e7\u00e3o de liberdade, adolescentes e jovens de 12 a 21 anos de idade sob medidas socioeducativas e trabalhadores dos Correios.<\/p>\n\n\n\n<p>As comorbidades aceitas para a vacina\u00e7\u00e3o contra a gripe (pessoas a partir de 6 meses de idade com doen\u00e7as cr\u00f4nicas n\u00e3o transmiss\u00edveis e outras condi\u00e7\u00f5es cl\u00ednicas especiais) s\u00e3o: doen\u00e7a respirat\u00f3ria cr\u00f4nica, doen\u00e7a card\u00edaca cr\u00f4nica, diabetes, doen\u00e7a renal cr\u00f4nica, doen\u00e7a hep\u00e1tica cr\u00f4nica, obesidade, doen\u00e7a neurol\u00f3gica cr\u00f4nica, transplantados, portadores de trissomias e imunossupress\u00e3o.&nbsp;<\/p>\n\n\n\n<p>\u201cA vacina\u00e7\u00e3o previne a infec\u00e7\u00e3o pelo v\u00edrus e evita os casos graves de gripe, reduzindo as complica\u00e7\u00f5es, interna\u00e7\u00f5es e morte pela doen\u00e7a, principalmente nos grupos de maior risco. A inten\u00e7\u00e3o \u00e9 vacinar todas as pessoas dos grupos priorit\u00e1rios, mas as crian\u00e7as e idosos \u2013 principalmente \u2013 n\u00e3o podem deixar de se vacinar. Nosso objetivo \u00e9 atingir, neste primeiro momento, 90% de todo o p\u00fablico-alvo. Faremos a\u00e7\u00e3o no dia 10 de maio, data sugerida pelo Minist\u00e9rio da Sa\u00fade para a mobiliza\u00e7\u00e3o nacional, conhecida como Dia D, para intensificar a imuniza\u00e7\u00e3o\u201d, disse o secret\u00e1rio de Sa\u00fade da Prefeitura de S\u00e3o Gon\u00e7alo, Gabriel Mello.&nbsp;&nbsp;<\/p>\n\n\n\n<p>A vacina da gripe, a partir deste ano, tornou-se de rotina para as crian\u00e7as entre seis meses e 5 anos, 11 meses e 29 dias; idosos com mais de 60 anos e gestantes, entrando para o Calend\u00e1rio Nacional de Vacina\u00e7\u00e3o. O imunizante dispon\u00edvel no Sistema \u00danico de Sa\u00fade (SUS) \u00e9 a trivalente, que protege contra a gripe su\u00edna (H1N1), contra a gripe sazonal (H3N2) \u2013 que s\u00e3o duas variantes do v\u00edrus Influenza tipo A \u2013 e contra uma cepa viral da Influenza tipo B.&nbsp;<\/p>\n\n\n\n<p>A vacina pode ser administrada com outros imunizantes e medica\u00e7\u00f5es. As contraindica\u00e7\u00f5es s\u00e3o para crian\u00e7as menores de 6 meses de idade e pessoas com hist\u00f3rico de forma grave de alergia a doses anteriores. Os gon\u00e7alenses com febre ou com coronav\u00edrus tamb\u00e9m devem adiar a vacina\u00e7\u00e3o at\u00e9 a resolu\u00e7\u00e3o do caso.<\/p>\n\n\n\n<p>Para se vacinar, \u00e9 preciso apresentar a carteira de vacina\u00e7\u00e3o (adulto e crian\u00e7a), identidade ou certid\u00e3o de nascimento, cart\u00e3o do SUS ou CPF e comprova\u00e7\u00e3o do trabalho ou laudos m\u00e9dicos. Para garantir a vacina\u00e7\u00e3o, os gon\u00e7alenses devem chegar at\u00e9 as 16h30 nas unidades de sa\u00fade durante a semana. Aos s\u00e1bados, at\u00e9 11h30.<\/p>\n\n\n\n<p><strong>Locais de vacina\u00e7\u00e3o:<\/strong><\/p>\n\n\n\n<p>1 \u2013 Polo Sanit\u00e1rio Paulo Marques Rangel, Porto do Rosa<\/p>\n\n\n\n<p>2 \u2013 USF Jardim Catarina I<\/p>\n\n\n\n<p>3 \u2013 USF Jos\u00e9 Avelino de Souza, Tribob\u00f3<\/p>\n\n\n\n<p>4 \u2013 USF Agenor Jos\u00e9 da Silva, Jardim Catarina<\/p>\n\n\n\n<p>5 \u2013 USF Louis Pasteur, Guaxindiba<\/p>\n\n\n\n<p>6 \u2013 Cl\u00ednica Gon\u00e7alense do Barro Vermelho<\/p>\n\n\n\n<p>7 \u2013 PAM Coelho<\/p>\n\n\n\n<p>8 \u2013 Polo Sanit\u00e1rio Washington Luiz Lopes, Z\u00e9 Garoto<\/p>\n\n\n\n<p>9 \u2013 USF David Capistrano, Ita\u00fana<\/p>\n\n\n\n<p>10 \u2013 USF Barbosa Lima Sobrinho, Boa Vista<\/p>\n\n\n\n<p>11 \u2013 Cl\u00ednica Municipal Gon\u00e7alense do Mutondo<\/p>\n\n\n\n<p>12 \u2013 USF Jos\u00e9 Bruno Neto, Boa Vista<\/p>\n\n\n\n<p>13 \u2013 USF Floren\u00e7a Pereira, Largo da Ideia<\/p>\n\n\n\n<p>14 \u2013 Polo Sanit\u00e1rio H\u00e9lio Cruz, Alc\u00e2ntara<\/p>\n\n\n\n<p>15 \u2013 USF Jos\u00e9 Jorge Cortes Freitas, Itaitindiba<\/p>\n\n\n\n<p>16 \u2013 Polo Sanit\u00e1rio Augusto Sena, Rio do Ouro<\/p>\n\n\n\n<p>17 \u2013 USF Anaia<\/p>\n\n\n\n<p>18 \u2013 USF Ana Nery, Gradim<\/p>\n\n\n\n<p>19 \u2013 Polo Sanit\u00e1rio Jorge Teixeira de Lima, Jardim Catarina<\/p>\n\n\n\n<p>20 \u2013 USF Mahatma Gandhi, Jardim Calif\u00f3rnia<\/p>\n\n\n\n<p>21 \u2013 USF Bento da Cruz, Porto Novo<\/p>\n\n\n\n<p>22 \u2013 USF Altair da Silva, Mutu\u00e1<\/p>\n\n\n\n<p>23 \u2013 USF Madre Teresa de Calcut\u00e1, Estrela do Norte<\/p>\n\n\n\n<p>24 \u2013 USF Juvenil Francisco Ribeiro, Engenho Pequeno<\/p>\n\n\n\n<p>25 \u2013 USF Fl\u00e1vio Henrique de Brito, J\u00f3quei<\/p>\n\n\n\n<p>26 \u2013 USF Irm\u00e3 Dulce, Trindade<\/p>\n\n\n\n<p>27 \u2013 USF Luiz Paulo Guimar\u00e3es, Laranjal<\/p>\n\n\n\n<p>28 \u2013 USF Gladys Rodrigues Ramos Freitas, Santa Isabel<\/p>\n\n\n\n<p>29 \u2013 USF Elza Borges, Santa Luzia<\/p>\n\n\n\n<p>30 \u2013 PAM Neves<\/p>\n\n\n\n<p>31 \u2013 USF Ary Teixeira, Jardim Bom Retiro<\/p>\n\n\n\n<p>32 \u2013 USF Luiz Carlos Prestes, Santa Catarina<\/p>\n\n\n\n<p>33 \u2013 USF Badger da Silveira, Tribob\u00f3<\/p>\n\n\n\n<p>34 \u2013 USF Haroldo Pereira Nunes, Porto Novo<\/p>\n\n\n\n<p>35 \u2013 Cl\u00ednica Municipal da Fam\u00edlia Dr. Zerbini, Arsenal<\/p>\n\n\n\n<p>36 \u2013 USF Alexander Fleming, Boa\u00e7u<\/p>\n\n\n\n<p>37 \u2013 PAM Neves<\/p>\n\n\n\n<p>38 \u2013 USF Tancredo Neves, Luiz Ca\u00e7ador<\/p>\n\n\n\n<p>39 \u2013 USF Geremias de Mattos Fontes, Jardim Bom Retiro<\/p>\n\n\n\n<p>40 \u2013 USF Quinta Dom Ricardo<\/p>\n\n\n\n<p>41 \u2013 USF Wally Figueira da Silva, Rocha<\/p>\n\n\n\n<p>42 \u2013 USF Hiparco Ferreira, Engenho do Ro\u00e7ado<\/p>\n\n\n\n<p>43 \u2013 USF Almerinda<\/p>\n\n\n\n<p>44 \u2013 USF Lu\u00edsa de Marilac, Novo M\u00e9xico<\/p>\n\n\n\n<p>45 \u2013 Cl\u00ednica Municipal Gon\u00e7alense do Coluband\u00ea<\/p>\n\n\n\n<p>46 \u2013 USF Presidente Get\u00falio Vargas, Boa Vista<\/p>\n\n\n\n<p>47 \u2013 USF Dr. Robert Koch, Porto da Madama<\/p>\n\n\n\n<p>48 \u2013 USF Doutel de Andrade, Maria Paula<\/p>\n\n\n\n<p>49 \u2013 USF Marilea Cardoso, J\u00f3quei<\/p>\n\n\n\n<p>50 \u2013 USF \u00c1gua Mineral<\/p>\n\n\n\n<p>51 \u2013 USF Adolfo Lutz, Amendoeira<\/p>\n\n\n\n<p>52 \u2013 USF Port\u00e3o do Rosa<\/p>\n\n\n\n<p>53 \u2013 USF An\u00edbal Porto, Monjolos<\/p>\n\n\n\n<p>54 \u2013 USF Alberto Constantino Farah, Mutu\u00e1<\/p>\n\n\n\n<p>55 \u2013 USF Floriano Barbosa, Jardim Catarina<\/p>\n\n\n\n<p>56 \u2013 USF Ita\u00fana<\/p>\n\n\n\n<p>57\u2013 USF Victor Chimelly, Paiva<\/p>\n\n\n\n<p>58 \u2013 USF Jardel do Amaral, Venda da Cruz<\/p>\n\n\n\n<p>59 \u2013 USF Armando Le\u00e3o, Morro do Castro<\/p>\n\n\n\n<p>60 \u2013 USF Bandeirantes<\/p>\n\n\n\n<p><em>Fotos: Fabio Guimar\u00e3es<\/em>.<\/p>\n\n\n\n<p><strong><em>S\u00e3o Gon\u00e7alo vai mudar: Not\u00edcias de S\u00e3o Gon\u00e7alo e toda regi\u00e3o.<\/em><\/strong><\/p>\n\n\n\n<figure class=\"wp-block-image size-large\"><img decoding=\"async\" width=\"1024\" height=\"46\" src=\"https:\/\/sgvaimudar.com.br\/wp-content\/uploads\/2023\/08\/Anuncie-Aqui-Sao-Goncalo-vai-mudar-1024x46.png\" alt=\"\" class=\"wp-image-2740\" srcset=\"https:\/\/sgvaimudar.com.br\/wp-content\/uploads\/2023\/08\/Anuncie-Aqui-Sao-Goncalo-vai-mudar-1024x46.png 1024w, https:\/\/sgvaimudar.com.br\/wp-content\/uploads\/2023\/08\/Anuncie-Aqui-Sao-Goncalo-vai-mudar-300x13.png 300w, https:\/\/sgvaimudar.com.br\/wp-content\/uploads\/2023\/08\/Anuncie-Aqui-Sao-Goncalo-vai-mudar-768x35.png 768w, https:\/\/sgvaimudar.com.br\/wp-content\/uploads\/2023\/08\/Anuncie-Aqui-Sao-Goncalo-vai-mudar-1536x69.png 1536w, https:\/\/sgvaimudar.com.br\/wp-content\/uploads\/2023\/08\/Anuncie-Aqui-Sao-Goncalo-vai-mudar.png 2002w\" sizes=\"(max-width: 1024px) 100vw, 1024px\" \/><\/figure>\n","protected":false},"excerpt":{"rendered":"<p>Munic\u00edpio tem 60 pontos de atendimento para a imuniza\u00e7\u00e3o A\u00a0Estrat\u00e9gia Nacional de Vacina\u00e7\u00e3o contra a Influenza 2025 vai come\u00e7ar nesta&hellip;<\/p>\n","protected":false},"author":5,"featured_media":22882,"comment_status":"open","ping_status":"open","sticky":false,"template":"","format":"standard","meta":{"fifu_image_url":"","fifu_image_alt":"","footnotes":""},"categories":[7],"tags":[47,75],"class_list":["post-22881","post","type-post","status-publish","format-standard","has-post-thumbnail","hentry","category-saude","tag-rj","tag-sao-goncalo"],"_links":{"self":[{"href":"https:\/\/sgvaimudar.com.br\/index.php\/wp-json\/wp\/v2\/posts\/22881","targetHints":{"allow":["GET"]}}],"collection":[{"href":"https:\/\/sgvaimudar.com.br\/index.php\/wp-json\/wp\/v2\/posts"}],"about":[{"href":"https:\/\/sgvaimudar.com.br\/index.php\/wp-json\/wp\/v2\/types\/post"}],"author":[{"embeddable":true,"href":"https:\/\/sgvaimudar.com.br\/index.php\/wp-json\/wp\/v2\/users\/5"}],"replies":[{"embeddable":true,"href":"https:\/\/sgvaimudar.com.br\/index.php\/wp-json\/wp\/v2\/comments?post=22881"}],"version-history":[{"count":1,"href":"https:\/\/sgvaimudar.com.br\/index.php\/wp-json\/wp\/v2\/posts\/22881\/revisions"}],"predecessor-version":[{"id":22883,"href":"https:\/\/sgvaimudar.com.br\/index.php\/wp-json\/wp\/v2\/posts\/22881\/revisions\/22883"}],"wp:featuredmedia":[{"embeddable":true,"href":"https:\/\/sgvaimudar.com.br\/index.php\/wp-json\/wp\/v2\/media\/22882"}],"wp:attachment":[{"href":"https:\/\/sgvaimudar.com.br\/index.php\/wp-json\/wp\/v2\/media?parent=22881"}],"wp:term":[{"taxonomy":"category","embeddable":true,"href":"https:\/\/sgvaimudar.com.br\/index.php\/wp-json\/wp\/v2\/categories?post=22881"},{"taxonomy":"post_tag","embeddable":true,"href":"https:\/\/sgvaimudar.com.br\/index.php\/wp-json\/wp\/v2\/tags?post=22881"}],"curies":[{"name":"wp","href":"https:\/\/api.w.org\/{rel}","templated":true}]}}