{"id":22815,"date":"2025-03-31T14:00:00","date_gmt":"2025-03-31T17:00:00","guid":{"rendered":"https:\/\/sgvaimudar.com.br\/?p=22815"},"modified":"2025-03-31T11:05:46","modified_gmt":"2025-03-31T14:05:46","slug":"itaborai-inicia-campanha-de-vacinacao-antirrabica-para-animais-de-medio-e-grande-porte","status":"publish","type":"post","link":"https:\/\/sgvaimudar.com.br\/index.php\/2025\/03\/31\/itaborai-inicia-campanha-de-vacinacao-antirrabica-para-animais-de-medio-e-grande-porte\/","title":{"rendered":"Itabora\u00ed inicia campanha de vacina\u00e7\u00e3o antirr\u00e1bica para animais de m\u00e9dio e grande porte"},"content":{"rendered":"\n<p><em>O objetivo \u00e9 imunizar bovinos, equinos e bubalinos, garantindo a prote\u00e7\u00e3o contra a raiva animal e refor\u00e7ando a seguran\u00e7a sanit\u00e1ria no munic\u00edpio<\/em><\/p>\n\n\n\n<p>A Prefeitura de Itabora\u00ed, por meio da Secretaria Municipal de Agricultura (Semagri) vai dar in\u00edcio \u00e0 campanha de vacina\u00e7\u00e3o antirr\u00e1bica para animais de m\u00e9dio e grande porte, a partir de 1\u00b0 de abril at\u00e9 o dia 1\u00b0 de setembro de 2025. <\/p>\n\n\n\n<p>Os produtores rurais poder\u00e3o adquirir a vacina diretamente na sede da Semagri. Al\u00e9m disso, uma equipe ir\u00e1 percorrer s\u00edtios e fazendas do munic\u00edpio para facilitar o acesso dos criadores ao imunizante.<\/p>\n\n\n\n<figure class=\"wp-block-image size-large\"><img fetchpriority=\"high\" decoding=\"async\" width=\"1024\" height=\"768\" src=\"https:\/\/sgvaimudar.com.br\/wp-content\/uploads\/2025\/03\/Itaborai-inicia-campanha-de-vacinacao-antirrabica-para-animais-de-medio-e-grande-porte-1024x768.jpeg\" alt=\"\" class=\"wp-image-22816\" srcset=\"https:\/\/sgvaimudar.com.br\/wp-content\/uploads\/2025\/03\/Itaborai-inicia-campanha-de-vacinacao-antirrabica-para-animais-de-medio-e-grande-porte-1024x768.jpeg 1024w, https:\/\/sgvaimudar.com.br\/wp-content\/uploads\/2025\/03\/Itaborai-inicia-campanha-de-vacinacao-antirrabica-para-animais-de-medio-e-grande-porte-300x225.jpeg 300w, https:\/\/sgvaimudar.com.br\/wp-content\/uploads\/2025\/03\/Itaborai-inicia-campanha-de-vacinacao-antirrabica-para-animais-de-medio-e-grande-porte-768x576.jpeg 768w, https:\/\/sgvaimudar.com.br\/wp-content\/uploads\/2025\/03\/Itaborai-inicia-campanha-de-vacinacao-antirrabica-para-animais-de-medio-e-grande-porte-1536x1152.jpeg 1536w, https:\/\/sgvaimudar.com.br\/wp-content\/uploads\/2025\/03\/Itaborai-inicia-campanha-de-vacinacao-antirrabica-para-animais-de-medio-e-grande-porte.jpeg 1600w\" sizes=\"(max-width: 1024px) 100vw, 1024px\" \/><\/figure>\n\n\n\n<p>A campanha \u00e9 essencial para prevenir a dissemina\u00e7\u00e3o da raiva, uma doen\u00e7a fatal tanto para os animais quanto para os seres humanos. A vacina\u00e7\u00e3o \u00e9 a forma mais eficaz de controle, protegendo a sa\u00fade p\u00fablica e a pecu\u00e1ria local.<\/p>\n\n\n\n<p>Para mais informa\u00e7\u00f5es, os interessados devem entrar em contato com a Secretaria Municipal de Agricultura de Itabora\u00ed, que fica na Avenida 22 de Maio, altura do n\u00famero 7557, em Venda das Pedras, ou pelo telefone 2635-7586.<\/p>\n\n\n\n<p><strong><em>S\u00e3o Gon\u00e7alo vai mudar: Not\u00edcias de S\u00e3o Gon\u00e7alo e toda regi\u00e3o.<\/em><\/strong><\/p>\n\n\n\n<figure class=\"wp-block-image size-large\"><img decoding=\"async\" width=\"1024\" height=\"252\" src=\"https:\/\/sgvaimudar.com.br\/wp-content\/uploads\/2023\/10\/Anuncie-Aqui-Sao-Goncalo-vai-mudar-2-1024x252.jpg\" alt=\"\" class=\"wp-image-3625\" srcset=\"https:\/\/sgvaimudar.com.br\/wp-content\/uploads\/2023\/10\/Anuncie-Aqui-Sao-Goncalo-vai-mudar-2-1024x252.jpg 1024w, https:\/\/sgvaimudar.com.br\/wp-content\/uploads\/2023\/10\/Anuncie-Aqui-Sao-Goncalo-vai-mudar-2-300x74.jpg 300w, https:\/\/sgvaimudar.com.br\/wp-content\/uploads\/2023\/10\/Anuncie-Aqui-Sao-Goncalo-vai-mudar-2-768x189.jpg 768w, https:\/\/sgvaimudar.com.br\/wp-content\/uploads\/2023\/10\/Anuncie-Aqui-Sao-Goncalo-vai-mudar-2-1536x378.jpg 1536w, https:\/\/sgvaimudar.com.br\/wp-content\/uploads\/2023\/10\/Anuncie-Aqui-Sao-Goncalo-vai-mudar-2-2048x504.jpg 2048w\" sizes=\"(max-width: 1024px) 100vw, 1024px\" \/><\/figure>\n","protected":false},"excerpt":{"rendered":"<p>O objetivo \u00e9 imunizar bovinos, equinos e bubalinos, garantindo a prote\u00e7\u00e3o contra a raiva animal e refor\u00e7ando a seguran\u00e7a sanit\u00e1ria&hellip;<\/p>\n","protected":false},"author":5,"featured_media":22817,"comment_status":"open","ping_status":"open","sticky":false,"template":"","format":"standard","meta":{"fifu_image_url":"","fifu_image_alt":"","footnotes":""},"categories":[7],"tags":[47],"class_list":["post-22815","post","type-post","status-publish","format-standard","has-post-thumbnail","hentry","category-saude","tag-rj"],"_links":{"self":[{"href":"https:\/\/sgvaimudar.com.br\/index.php\/wp-json\/wp\/v2\/posts\/22815","targetHints":{"allow":["GET"]}}],"collection":[{"href":"https:\/\/sgvaimudar.com.br\/index.php\/wp-json\/wp\/v2\/posts"}],"about":[{"href":"https:\/\/sgvaimudar.com.br\/index.php\/wp-json\/wp\/v2\/types\/post"}],"author":[{"embeddable":true,"href":"https:\/\/sgvaimudar.com.br\/index.php\/wp-json\/wp\/v2\/users\/5"}],"replies":[{"embeddable":true,"href":"https:\/\/sgvaimudar.com.br\/index.php\/wp-json\/wp\/v2\/comments?post=22815"}],"version-history":[{"count":1,"href":"https:\/\/sgvaimudar.com.br\/index.php\/wp-json\/wp\/v2\/posts\/22815\/revisions"}],"predecessor-version":[{"id":22818,"href":"https:\/\/sgvaimudar.com.br\/index.php\/wp-json\/wp\/v2\/posts\/22815\/revisions\/22818"}],"wp:featuredmedia":[{"embeddable":true,"href":"https:\/\/sgvaimudar.com.br\/index.php\/wp-json\/wp\/v2\/media\/22817"}],"wp:attachment":[{"href":"https:\/\/sgvaimudar.com.br\/index.php\/wp-json\/wp\/v2\/media?parent=22815"}],"wp:term":[{"taxonomy":"category","embeddable":true,"href":"https:\/\/sgvaimudar.com.br\/index.php\/wp-json\/wp\/v2\/categories?post=22815"},{"taxonomy":"post_tag","embeddable":true,"href":"https:\/\/sgvaimudar.com.br\/index.php\/wp-json\/wp\/v2\/tags?post=22815"}],"curies":[{"name":"wp","href":"https:\/\/api.w.org\/{rel}","templated":true}]}}