{"id":22798,"date":"2025-03-31T12:00:00","date_gmt":"2025-03-31T15:00:00","guid":{"rendered":"https:\/\/sgvaimudar.com.br\/?p=22798"},"modified":"2025-03-31T09:18:36","modified_gmt":"2025-03-31T12:18:36","slug":"novas-tarifas-dos-onibus-intermunicipais-entraram-em-vigor","status":"publish","type":"post","link":"https:\/\/sgvaimudar.com.br\/index.php\/2025\/03\/31\/novas-tarifas-dos-onibus-intermunicipais-entraram-em-vigor\/","title":{"rendered":"Novas tarifas dos \u00f4nibus intermunicipais entraram em vigor"},"content":{"rendered":"\n<p><em>Reajuste ser\u00e1 de mais de 8% para \u00f4nibus urbanos que passam pela Regi\u00e3o Metropolitana<\/em><\/p>\n\n\n\n<p>Desde de a meia-noite deste s\u00e1bado (29), entraram em vigor os novos pre\u00e7os das tarifas dos \u00f4nibus intermunicipais do Rio de Janeiro. O reajuste foi de 8,16% para os \u00f4nibus urbanos (duas portas) e rodovi\u00e1rios (uma porta) que circulam na Regi\u00e3o Metropolitana.<\/p>\n\n\n\n<p>J\u00e1 no interior do estado, os ve\u00edculos rodovi\u00e1rios ter\u00e3o aumento de 8,34%, enquanto os urbanos sofrer\u00e3o reajuste de 7,96%.<\/p>\n\n\n\n<p>Este \u00e9 o primeiro reajuste tarif\u00e1rio feito em pouco mais de um ano. De acordo com o Departamento de Transportes Rodovi\u00e1rios do Estado do Rio de Janeiro (Detro-RJ), o c\u00e1lculo feito para aumentar as passagens considera o aumento dos insumos, regi\u00e3o por onde circula, quilometragem, m\u00e9dia de passageiros, entre outros.<\/p>\n\n\n\n<p>Na Regi\u00e3o Metropolitana, alguns pre\u00e7os ficar\u00e3o assim: Niter\u00f3i ficar\u00e1 R$ 9,50; J\u00e1 o embarque na 2100D (Niter\u00f3i x Castelo), operada com \u00f4nibus rodovi\u00e1rios, que hoje tem tarifa de R$ 12,85, passar\u00e1 a custar R$ 13,90 ap\u00f3s o reajuste.<\/p>\n\n\n\n<p>J\u00e1 o embarque na 2100D (Niter\u00f3i x Castelo), operada com \u00f4nibus rodovi\u00e1rios, que hoje tem tarifa de R$ 12,85, passar\u00e1 a custar R$ 13,90 ap\u00f3s o reajuste.<\/p>\n\n\n\n<p>Nova Igua\u00e7u &#8211; Belford Roxo (via Areia Branca) custar\u00e1 R$ 5,95, feito pela 1001; Cachoeiras de Macacu; Maric\u00e1 &#8211; Itabora\u00ed (via RJ-114) passar\u00e1 a ser R$ 12,65, pela via\u00e7\u00e3o N\u00aa Senhora do Amparo.<\/p>\n\n\n\n<p><strong><em>S\u00e3o Gon\u00e7alo vai mudar: Not\u00edcias de S\u00e3o Gon\u00e7alo e toda regi\u00e3o.<\/em><\/strong><\/p>\n\n\n\n<figure class=\"wp-block-image size-large\"><img decoding=\"async\" width=\"1024\" height=\"46\" src=\"https:\/\/sgvaimudar.com.br\/wp-content\/uploads\/2023\/08\/Anuncie-Aqui-Sao-Goncalo-vai-mudar-1024x46.png\" alt=\"\" class=\"wp-image-2740\" srcset=\"https:\/\/sgvaimudar.com.br\/wp-content\/uploads\/2023\/08\/Anuncie-Aqui-Sao-Goncalo-vai-mudar-1024x46.png 1024w, https:\/\/sgvaimudar.com.br\/wp-content\/uploads\/2023\/08\/Anuncie-Aqui-Sao-Goncalo-vai-mudar-300x13.png 300w, https:\/\/sgvaimudar.com.br\/wp-content\/uploads\/2023\/08\/Anuncie-Aqui-Sao-Goncalo-vai-mudar-768x35.png 768w, https:\/\/sgvaimudar.com.br\/wp-content\/uploads\/2023\/08\/Anuncie-Aqui-Sao-Goncalo-vai-mudar-1536x69.png 1536w, https:\/\/sgvaimudar.com.br\/wp-content\/uploads\/2023\/08\/Anuncie-Aqui-Sao-Goncalo-vai-mudar.png 2002w\" sizes=\"(max-width: 1024px) 100vw, 1024px\" \/><\/figure>\n","protected":false},"excerpt":{"rendered":"<p>Reajuste ser\u00e1 de mais de 8% para \u00f4nibus urbanos que passam pela Regi\u00e3o Metropolitana Desde de a meia-noite deste s\u00e1bado&hellip;<\/p>\n","protected":false},"author":5,"featured_media":22799,"comment_status":"open","ping_status":"open","sticky":false,"template":"","format":"standard","meta":{"fifu_image_url":"","fifu_image_alt":"","footnotes":""},"categories":[3],"tags":[47],"class_list":["post-22798","post","type-post","status-publish","format-standard","has-post-thumbnail","hentry","category-sao-goncalo","tag-rj"],"_links":{"self":[{"href":"https:\/\/sgvaimudar.com.br\/index.php\/wp-json\/wp\/v2\/posts\/22798","targetHints":{"allow":["GET"]}}],"collection":[{"href":"https:\/\/sgvaimudar.com.br\/index.php\/wp-json\/wp\/v2\/posts"}],"about":[{"href":"https:\/\/sgvaimudar.com.br\/index.php\/wp-json\/wp\/v2\/types\/post"}],"author":[{"embeddable":true,"href":"https:\/\/sgvaimudar.com.br\/index.php\/wp-json\/wp\/v2\/users\/5"}],"replies":[{"embeddable":true,"href":"https:\/\/sgvaimudar.com.br\/index.php\/wp-json\/wp\/v2\/comments?post=22798"}],"version-history":[{"count":1,"href":"https:\/\/sgvaimudar.com.br\/index.php\/wp-json\/wp\/v2\/posts\/22798\/revisions"}],"predecessor-version":[{"id":22800,"href":"https:\/\/sgvaimudar.com.br\/index.php\/wp-json\/wp\/v2\/posts\/22798\/revisions\/22800"}],"wp:featuredmedia":[{"embeddable":true,"href":"https:\/\/sgvaimudar.com.br\/index.php\/wp-json\/wp\/v2\/media\/22799"}],"wp:attachment":[{"href":"https:\/\/sgvaimudar.com.br\/index.php\/wp-json\/wp\/v2\/media?parent=22798"}],"wp:term":[{"taxonomy":"category","embeddable":true,"href":"https:\/\/sgvaimudar.com.br\/index.php\/wp-json\/wp\/v2\/categories?post=22798"},{"taxonomy":"post_tag","embeddable":true,"href":"https:\/\/sgvaimudar.com.br\/index.php\/wp-json\/wp\/v2\/tags?post=22798"}],"curies":[{"name":"wp","href":"https:\/\/api.w.org\/{rel}","templated":true}]}}