{"id":22789,"date":"2025-03-31T11:00:00","date_gmt":"2025-03-31T14:00:00","guid":{"rendered":"https:\/\/sgvaimudar.com.br\/?p=22789"},"modified":"2025-03-31T08:01:11","modified_gmt":"2025-03-31T11:01:11","slug":"prefeitura-e-sebrae-rio-alinham-estrategias-para-fortalecimento-do-desenvolvimento-economico-em-itaborai","status":"publish","type":"post","link":"https:\/\/sgvaimudar.com.br\/index.php\/2025\/03\/31\/prefeitura-e-sebrae-rio-alinham-estrategias-para-fortalecimento-do-desenvolvimento-economico-em-itaborai\/","title":{"rendered":"Prefeitura e Sebrae Rio alinham estrat\u00e9gias para fortalecimento do desenvolvimento econ\u00f4mico em Itabora\u00ed"},"content":{"rendered":"\n<p>A Prefeitura de Itabora\u00ed, por meio da Secretaria Municipal de Fazenda e Tecnologia (Semfat), realizou uma importante reuni\u00e3o estrat\u00e9gica com representantes do Sebrae Rio. O encontro teve como objetivo fortalecer a parceria entre as institui\u00e7\u00f5es e promover a\u00e7\u00f5es que impulsionam o crescimento e o desenvolvimento sustent\u00e1vel do munic\u00edpio.<\/p>\n\n\n\n<p>A reuni\u00e3o contou com a presen\u00e7a do secret\u00e1rio municipal de Fazenda e Tecnologia, Roberto Santiago; do subsecret\u00e1rio de Receita Mobili\u00e1ria, C\u00e9sar Faria; do coordenador do Centro do Empreendedor, Humberto Mattos; da servidora p\u00fablica Tabatha Goulart. Al\u00e9m da coordenadora do servi\u00e7o Leste Fluminense, Juliana Ventura; da coordenadora da \u00e1rea de Pol\u00edticas P\u00fablicas do Sebrae, Fl\u00e1via Guedes, e do analista do Leste Fluminense, Antony Walison.<\/p>\n\n\n\n<p>Durante o encontro, foram debatidas diversas a\u00e7\u00f5es voltadas para o fortalecimento da gest\u00e3o p\u00fablica e do ambiente de neg\u00f3cios em Itabora\u00ed. Entre os principais temas abordados, destacam-se:<\/p>\n\n\n\n<p>* Capacita\u00e7\u00e3o de servidores p\u00fablicos em v\u00e1rias \u00e1reas de atua\u00e7\u00e3o, envolvendo todas as secretarias municipais, com o objetivo de potencializar a execu\u00e7\u00e3o das pol\u00edticas p\u00fablicas e ampliar a capacidade de gera\u00e7\u00e3o de receitas municipais;<br>* Capacita\u00e7\u00e3o de gestores municipais e ordenadores de despesas, com foco na cria\u00e7\u00e3o de projetos que facilitem a celebra\u00e7\u00e3o de conv\u00eanios e a capta\u00e7\u00e3o de recursos junto aos governos Federal e Estadual;<br>* Amplia\u00e7\u00e3o das capacita\u00e7\u00f5es para empres\u00e1rios e microempreendedores individuais (MEIs), em parceria com o Centro do Empreendedor, com o intuito de oferecer mais conhecimento e fortalecer os neg\u00f3cios locais.<\/p>\n\n\n\n<p>Para o secret\u00e1rio municipal de Fazenda e Tecnologia, Roberto Santiago, a reuni\u00e3o representa um passo importante para o futuro da cidade.<\/p>\n\n\n\n<p>&#8220;Estamos trabalhando para que Itabora\u00ed esteja preparada para um novo ciclo de crescimento econ\u00f4mico. A parceria com o Sebrae \u00e9 essencial para qualificar nossos servidores, apoiar nossos empreendedores e garantir que o munic\u00edpio esteja pronto para aproveitar as oportunidades que surgir\u00e3o&#8221;, destacou Santiago.<\/p>\n\n\n\n<p>A iniciativa refor\u00e7a o compromisso da Prefeitura de Itabora\u00ed em criar novas oportunidades para a popula\u00e7\u00e3o, fomentar o empreendedorismo e preparar o munic\u00edpio para os desafios futuros, especialmente diante da efetiva\u00e7\u00e3o da produ\u00e7\u00e3o de g\u00e1s e lubrificantes pelo Complexo de Energias Boaventura (antigo Gaslub).<\/p>\n\n\n\n<p><strong><em>S\u00e3o Gon\u00e7alo vai mudar: Not\u00edcias de S\u00e3o Gon\u00e7alo e toda regi\u00e3o.<\/em><\/strong><\/p>\n\n\n\n<figure class=\"wp-block-image size-large\"><img fetchpriority=\"high\" decoding=\"async\" width=\"1024\" height=\"252\" src=\"https:\/\/sgvaimudar.com.br\/wp-content\/uploads\/2025\/03\/Anuncie-Aqui-Sao-Goncalo-vai-mudar-1024x252.jpg\" alt=\"\" class=\"wp-image-22693\" srcset=\"https:\/\/sgvaimudar.com.br\/wp-content\/uploads\/2025\/03\/Anuncie-Aqui-Sao-Goncalo-vai-mudar-1024x252.jpg 1024w, https:\/\/sgvaimudar.com.br\/wp-content\/uploads\/2025\/03\/Anuncie-Aqui-Sao-Goncalo-vai-mudar-300x74.jpg 300w, https:\/\/sgvaimudar.com.br\/wp-content\/uploads\/2025\/03\/Anuncie-Aqui-Sao-Goncalo-vai-mudar-768x189.jpg 768w, https:\/\/sgvaimudar.com.br\/wp-content\/uploads\/2025\/03\/Anuncie-Aqui-Sao-Goncalo-vai-mudar-1536x378.jpg 1536w, https:\/\/sgvaimudar.com.br\/wp-content\/uploads\/2025\/03\/Anuncie-Aqui-Sao-Goncalo-vai-mudar-2048x504.jpg 2048w\" sizes=\"(max-width: 1024px) 100vw, 1024px\" \/><\/figure>\n","protected":false},"excerpt":{"rendered":"<p>A Prefeitura de Itabora\u00ed, por meio da Secretaria Municipal de Fazenda e Tecnologia (Semfat), realizou uma importante reuni\u00e3o estrat\u00e9gica com&hellip;<\/p>\n","protected":false},"author":5,"featured_media":22790,"comment_status":"open","ping_status":"open","sticky":false,"template":"","format":"standard","meta":{"fifu_image_url":"","fifu_image_alt":"","footnotes":""},"categories":[36],"tags":[47],"class_list":["post-22789","post","type-post","status-publish","format-standard","has-post-thumbnail","hentry","category-bem-estar","tag-rj"],"_links":{"self":[{"href":"https:\/\/sgvaimudar.com.br\/index.php\/wp-json\/wp\/v2\/posts\/22789","targetHints":{"allow":["GET"]}}],"collection":[{"href":"https:\/\/sgvaimudar.com.br\/index.php\/wp-json\/wp\/v2\/posts"}],"about":[{"href":"https:\/\/sgvaimudar.com.br\/index.php\/wp-json\/wp\/v2\/types\/post"}],"author":[{"embeddable":true,"href":"https:\/\/sgvaimudar.com.br\/index.php\/wp-json\/wp\/v2\/users\/5"}],"replies":[{"embeddable":true,"href":"https:\/\/sgvaimudar.com.br\/index.php\/wp-json\/wp\/v2\/comments?post=22789"}],"version-history":[{"count":1,"href":"https:\/\/sgvaimudar.com.br\/index.php\/wp-json\/wp\/v2\/posts\/22789\/revisions"}],"predecessor-version":[{"id":22791,"href":"https:\/\/sgvaimudar.com.br\/index.php\/wp-json\/wp\/v2\/posts\/22789\/revisions\/22791"}],"wp:featuredmedia":[{"embeddable":true,"href":"https:\/\/sgvaimudar.com.br\/index.php\/wp-json\/wp\/v2\/media\/22790"}],"wp:attachment":[{"href":"https:\/\/sgvaimudar.com.br\/index.php\/wp-json\/wp\/v2\/media?parent=22789"}],"wp:term":[{"taxonomy":"category","embeddable":true,"href":"https:\/\/sgvaimudar.com.br\/index.php\/wp-json\/wp\/v2\/categories?post=22789"},{"taxonomy":"post_tag","embeddable":true,"href":"https:\/\/sgvaimudar.com.br\/index.php\/wp-json\/wp\/v2\/tags?post=22789"}],"curies":[{"name":"wp","href":"https:\/\/api.w.org\/{rel}","templated":true}]}}