{"id":22750,"date":"2025-03-30T10:00:00","date_gmt":"2025-03-30T13:00:00","guid":{"rendered":"https:\/\/sgvaimudar.com.br\/?p=22750"},"modified":"2025-03-30T05:34:42","modified_gmt":"2025-03-30T08:34:42","slug":"sabado-de-festa-para-criancas-do-porto-velho","status":"publish","type":"post","link":"https:\/\/sgvaimudar.com.br\/index.php\/2025\/03\/30\/sabado-de-festa-para-criancas-do-porto-velho\/","title":{"rendered":"S\u00e1bado de festa para crian\u00e7as do Porto Velho"},"content":{"rendered":"\n<p><em>Caravana de Arte e Lazer continua neste domingo, no Rio do Ouro<\/em><\/p>\n\n\n\n<p>A Caravana de Arte e Lazer garantiu a alegria de centenas de crian\u00e7as do bairro Porto Velho, neste s\u00e1bado (29). O projeto, realizado pela Funda\u00e7\u00e3o de Artes, Esporte e Lazer de S\u00e3o Gon\u00e7alo (Faelsg), leva divers\u00e3o para as principais \u00e1reas de vulnerabilidade social da cidade. Neste domingo (30), a festa continua, desta vez no bairro Rio do Ouro, das 9h \u00e0s 13h.<\/p>\n\n\n\n<p>A atividade conta com diversas brincadeiras l\u00fadicas, atividades esportivas e art\u00edsticas, a presen\u00e7a de personagens vivos, pintura facial, al\u00e9m de barraquinhas de algod\u00e3o doce, cachorro quente, pipoca, guaran\u00e1 natural e \u00e1gua.<\/p>\n\n\n\n<figure class=\"wp-block-image size-large\"><img fetchpriority=\"high\" decoding=\"async\" width=\"1024\" height=\"684\" src=\"https:\/\/sgvaimudar.com.br\/wp-content\/uploads\/2025\/03\/unnamed-2-20-1024x684.jpg\" alt=\"\" class=\"wp-image-22751\" srcset=\"https:\/\/sgvaimudar.com.br\/wp-content\/uploads\/2025\/03\/unnamed-2-20-1024x684.jpg 1024w, https:\/\/sgvaimudar.com.br\/wp-content\/uploads\/2025\/03\/unnamed-2-20-300x200.jpg 300w, https:\/\/sgvaimudar.com.br\/wp-content\/uploads\/2025\/03\/unnamed-2-20-768x513.jpg 768w, https:\/\/sgvaimudar.com.br\/wp-content\/uploads\/2025\/03\/unnamed-2-20-1536x1027.jpg 1536w, https:\/\/sgvaimudar.com.br\/wp-content\/uploads\/2025\/03\/unnamed-2-20.jpg 1616w\" sizes=\"(max-width: 1024px) 100vw, 1024px\" \/><\/figure>\n\n\n\n<p>\u201cEu trouxe a minha filha Tain\u00e1, de 9 anos. A comunidade est\u00e1 muito feliz com a Caravana, est\u00e1 tendo muita brincadeira, ela j\u00e1 comeu pipoca, algod\u00e3o doce e cachorro quente. Os recreadores s\u00e3o muito receptivos, chegamos cedo e estamos aproveitando muito\u201d, afirmou a moradora Roberta Medeiros.<\/p>\n\n\n\n<p>A Caravana de Arte e Lazer foi criada com o objetivo de percorrer as principais \u00e1reas de vulnerabilidade social da cidade, levando pr\u00e1ticas sociais, esportivas e recreativas \u00e0s crian\u00e7as. Dezenas de bairros j\u00e1 receberam o projeto, implementado em outubro de 2022, atendendo milhares de gon\u00e7alenses.<\/p>\n\n\n\n<figure class=\"wp-block-image size-large\"><img decoding=\"async\" width=\"1024\" height=\"684\" src=\"https:\/\/sgvaimudar.com.br\/wp-content\/uploads\/2025\/03\/unnamed-1-27-1024x684.jpg\" alt=\"\" class=\"wp-image-22752\" srcset=\"https:\/\/sgvaimudar.com.br\/wp-content\/uploads\/2025\/03\/unnamed-1-27-1024x684.jpg 1024w, https:\/\/sgvaimudar.com.br\/wp-content\/uploads\/2025\/03\/unnamed-1-27-300x200.jpg 300w, https:\/\/sgvaimudar.com.br\/wp-content\/uploads\/2025\/03\/unnamed-1-27-768x513.jpg 768w, https:\/\/sgvaimudar.com.br\/wp-content\/uploads\/2025\/03\/unnamed-1-27-1536x1027.jpg 1536w, https:\/\/sgvaimudar.com.br\/wp-content\/uploads\/2025\/03\/unnamed-1-27.jpg 1616w\" sizes=\"(max-width: 1024px) 100vw, 1024px\" \/><\/figure>\n\n\n\n<p>\u201cTrouxe a minha filha e meus sobrinhos, \u00e9 muito bom para as crian\u00e7as, \u00e9 uma \u00e1rea de lazer toda para elas. Como elas estudam a semana toda, no fim de semana elas ficam em casa sem fazer nada e esse evento foi muito bom, prazeroso, as crian\u00e7as brincam, se divertem e ainda \u00e9 perto de casa\u201d, disse a tamb\u00e9m moradora da regi\u00e3o, Ingrid Pereira.<\/p>\n\n\n\n<p><em>Fotos: Renan Otto<\/em><\/p>\n\n\n\n<p><strong><em>S\u00e3o Gon\u00e7alo vai mudar: Not\u00edcias de S\u00e3o Gon\u00e7alo e toda regi\u00e3o.<\/em><\/strong><\/p>\n\n\n\n<figure class=\"wp-block-image size-large\"><img decoding=\"async\" width=\"1024\" height=\"46\" src=\"https:\/\/sgvaimudar.com.br\/wp-content\/uploads\/2023\/08\/Anuncie-Aqui-Sao-Goncalo-vai-mudar-1024x46.png\" alt=\"\" class=\"wp-image-2740\" srcset=\"https:\/\/sgvaimudar.com.br\/wp-content\/uploads\/2023\/08\/Anuncie-Aqui-Sao-Goncalo-vai-mudar-1024x46.png 1024w, https:\/\/sgvaimudar.com.br\/wp-content\/uploads\/2023\/08\/Anuncie-Aqui-Sao-Goncalo-vai-mudar-300x13.png 300w, https:\/\/sgvaimudar.com.br\/wp-content\/uploads\/2023\/08\/Anuncie-Aqui-Sao-Goncalo-vai-mudar-768x35.png 768w, https:\/\/sgvaimudar.com.br\/wp-content\/uploads\/2023\/08\/Anuncie-Aqui-Sao-Goncalo-vai-mudar-1536x69.png 1536w, https:\/\/sgvaimudar.com.br\/wp-content\/uploads\/2023\/08\/Anuncie-Aqui-Sao-Goncalo-vai-mudar.png 2002w\" sizes=\"(max-width: 1024px) 100vw, 1024px\" \/><\/figure>\n","protected":false},"excerpt":{"rendered":"<p>Caravana de Arte e Lazer continua neste domingo, no Rio do Ouro A Caravana de Arte e Lazer garantiu a&hellip;<\/p>\n","protected":false},"author":5,"featured_media":22753,"comment_status":"open","ping_status":"open","sticky":false,"template":"","format":"standard","meta":{"fifu_image_url":"","fifu_image_alt":"","footnotes":""},"categories":[6],"tags":[47,75],"class_list":["post-22750","post","type-post","status-publish","format-standard","has-post-thumbnail","hentry","category-entretenimento","tag-rj","tag-sao-goncalo"],"_links":{"self":[{"href":"https:\/\/sgvaimudar.com.br\/index.php\/wp-json\/wp\/v2\/posts\/22750","targetHints":{"allow":["GET"]}}],"collection":[{"href":"https:\/\/sgvaimudar.com.br\/index.php\/wp-json\/wp\/v2\/posts"}],"about":[{"href":"https:\/\/sgvaimudar.com.br\/index.php\/wp-json\/wp\/v2\/types\/post"}],"author":[{"embeddable":true,"href":"https:\/\/sgvaimudar.com.br\/index.php\/wp-json\/wp\/v2\/users\/5"}],"replies":[{"embeddable":true,"href":"https:\/\/sgvaimudar.com.br\/index.php\/wp-json\/wp\/v2\/comments?post=22750"}],"version-history":[{"count":1,"href":"https:\/\/sgvaimudar.com.br\/index.php\/wp-json\/wp\/v2\/posts\/22750\/revisions"}],"predecessor-version":[{"id":22754,"href":"https:\/\/sgvaimudar.com.br\/index.php\/wp-json\/wp\/v2\/posts\/22750\/revisions\/22754"}],"wp:featuredmedia":[{"embeddable":true,"href":"https:\/\/sgvaimudar.com.br\/index.php\/wp-json\/wp\/v2\/media\/22753"}],"wp:attachment":[{"href":"https:\/\/sgvaimudar.com.br\/index.php\/wp-json\/wp\/v2\/media?parent=22750"}],"wp:term":[{"taxonomy":"category","embeddable":true,"href":"https:\/\/sgvaimudar.com.br\/index.php\/wp-json\/wp\/v2\/categories?post=22750"},{"taxonomy":"post_tag","embeddable":true,"href":"https:\/\/sgvaimudar.com.br\/index.php\/wp-json\/wp\/v2\/tags?post=22750"}],"curies":[{"name":"wp","href":"https:\/\/api.w.org\/{rel}","templated":true}]}}