{"id":22668,"date":"2025-03-28T13:59:00","date_gmt":"2025-03-28T16:59:00","guid":{"rendered":"https:\/\/sgvaimudar.com.br\/?p=22668"},"modified":"2025-03-28T12:15:02","modified_gmt":"2025-03-28T15:15:02","slug":"homem-e-flagrado-queimando-fios-de-cobre-em-itaborai","status":"publish","type":"post","link":"https:\/\/sgvaimudar.com.br\/index.php\/2025\/03\/28\/homem-e-flagrado-queimando-fios-de-cobre-em-itaborai\/","title":{"rendered":"Homem \u00e9 flagrado queimando fios de cobre em Itabora\u00ed"},"content":{"rendered":"\n<p><em>Policiais do Seguran\u00e7a Presente perceberam a fuma\u00e7a no bairro Sossego <\/em><\/p>\n\n\n\n<p>Os policiais do Seguran\u00e7a Presente perceberam um homem, identificado como Walace Luiz da Silva Vidal, de 46 anos, ateando fogo em fios de cobre, no bairro Sossego, em Itabora\u00ed. O flagrante aconteceu na Rua Jos\u00e9 Pereira da Silva, por volta das 12h40min., desta quinta-feira (27).<\/p>\n\n\n\n<p>Segundo a PM, os policiais estavam em patrulhamento quando viram o crime de polui\u00e7\u00e3o ambiental. Os ladr\u00f5es de cabos botam fogo nos emaranhados a fim de separar a parte pl\u00e1stica do material vendido a ferros-velhos, como cobre.<\/p>\n\n\n\n<p>Os moradores locais reclamam da epidemia que se tornou os furtos de cabos de energia e telefonia na regi\u00e3o. Segundo eles, o problema \u00e9 antigo e nesta a\u00e7\u00e3o eles elogiaram a a\u00e7\u00e3o dos policiais.<\/p>\n\n\n\n<p>&#8220;Isso acontece diariamente, parab\u00e9ns aos agentes pela sagacidade de perceberem a fuma\u00e7a e n\u00e3o deixarem esse crime passar batido&#8221;, elogiou a dona de casa Rebeca Gon\u00e7alvez.<\/p>\n\n\n\n<p>O registro da ocorr\u00eancia foi feito na 71\u00ba DP.<\/p>\n\n\n\n<p><strong><em>Fa\u00e7a sua den\u00fancia pelo nosso WhatsApp: (21) <\/em><\/strong><strong><em>99744 5345<\/em><\/strong><strong><em><\/em><\/strong><\/p>\n\n\n\n<p><strong><em>S\u00e3o Gon\u00e7alo vai mudar: Not\u00edcias de S\u00e3o Gon\u00e7alo e toda regi\u00e3o.<\/em><\/strong><\/p>\n\n\n\n<figure class=\"wp-block-image size-full\"><img decoding=\"async\" width=\"250\" height=\"87\" src=\"https:\/\/sgvaimudar.com.br\/wp-content\/uploads\/2023\/08\/cropped-Logo.png\" alt=\"\" class=\"wp-image-2739\" \/><\/figure>\n","protected":false},"excerpt":{"rendered":"<p>Policiais do Seguran\u00e7a Presente perceberam a fuma\u00e7a no bairro Sossego Os policiais do Seguran\u00e7a Presente perceberam um homem, identificado como&hellip;<\/p>\n","protected":false},"author":5,"featured_media":22669,"comment_status":"open","ping_status":"open","sticky":false,"template":"","format":"standard","meta":{"fifu_image_url":"","fifu_image_alt":"","footnotes":""},"categories":[32],"tags":[39,41,40,47],"class_list":["post-22668","post","type-post","status-publish","format-standard","has-post-thumbnail","hentry","category-casos-de-policia","tag-ataque","tag-conflito","tag-guerra","tag-rj"],"_links":{"self":[{"href":"https:\/\/sgvaimudar.com.br\/index.php\/wp-json\/wp\/v2\/posts\/22668","targetHints":{"allow":["GET"]}}],"collection":[{"href":"https:\/\/sgvaimudar.com.br\/index.php\/wp-json\/wp\/v2\/posts"}],"about":[{"href":"https:\/\/sgvaimudar.com.br\/index.php\/wp-json\/wp\/v2\/types\/post"}],"author":[{"embeddable":true,"href":"https:\/\/sgvaimudar.com.br\/index.php\/wp-json\/wp\/v2\/users\/5"}],"replies":[{"embeddable":true,"href":"https:\/\/sgvaimudar.com.br\/index.php\/wp-json\/wp\/v2\/comments?post=22668"}],"version-history":[{"count":1,"href":"https:\/\/sgvaimudar.com.br\/index.php\/wp-json\/wp\/v2\/posts\/22668\/revisions"}],"predecessor-version":[{"id":22670,"href":"https:\/\/sgvaimudar.com.br\/index.php\/wp-json\/wp\/v2\/posts\/22668\/revisions\/22670"}],"wp:featuredmedia":[{"embeddable":true,"href":"https:\/\/sgvaimudar.com.br\/index.php\/wp-json\/wp\/v2\/media\/22669"}],"wp:attachment":[{"href":"https:\/\/sgvaimudar.com.br\/index.php\/wp-json\/wp\/v2\/media?parent=22668"}],"wp:term":[{"taxonomy":"category","embeddable":true,"href":"https:\/\/sgvaimudar.com.br\/index.php\/wp-json\/wp\/v2\/categories?post=22668"},{"taxonomy":"post_tag","embeddable":true,"href":"https:\/\/sgvaimudar.com.br\/index.php\/wp-json\/wp\/v2\/tags?post=22668"}],"curies":[{"name":"wp","href":"https:\/\/api.w.org\/{rel}","templated":true}]}}