{"id":22664,"date":"2025-03-28T14:00:00","date_gmt":"2025-03-28T17:00:00","guid":{"rendered":"https:\/\/sgvaimudar.com.br\/?p=22664"},"modified":"2025-03-28T11:51:17","modified_gmt":"2025-03-28T14:51:17","slug":"capacitacao-em-alta-lidera-mulher-forma-a-13a-turma","status":"publish","type":"post","link":"https:\/\/sgvaimudar.com.br\/index.php\/2025\/03\/28\/capacitacao-em-alta-lidera-mulher-forma-a-13a-turma\/","title":{"rendered":"Capacita\u00e7\u00e3o em alta: Lidera Mulher forma a 13\u00aa turma"},"content":{"rendered":"\n<p><em>Projeto j\u00e1 capacitou mais de 1500 mulheres<\/em><\/p>\n\n\n\n<p>O Projeto Lidera Mulher formou mais de cem mulheres na tarde desta quinta-feira (27). A capacita\u00e7\u00e3o \u00e9 realizada pela Secretaria de Assist\u00eancia Social da Prefeitura de S\u00e3o Gon\u00e7alo, atrav\u00e9s da Subsecretaria de Pol\u00edticas P\u00fablicas para as Mulheres, em parceria com o Sebrae. A formatura da 13\u00aa turma aconteceu no Espa\u00e7o Mais Conhecimento, no Partage Shopping.<\/p>\n\n\n\n<p>O secret\u00e1rio de Assist\u00eancia Social, Felippe Mattos, disse estar satisfeito com a conclus\u00e3o de mais uma turma. \u201cParabenizo todas essas mulheres que hoje est\u00e3o se formando. O maior objetivo foi alcan\u00e7ado, que \u00e9 capacitar empreendedoras com consci\u00eancia cr\u00edtica, dando mais oportunidade para elas estarem no mercado de trabalho e contribuindo com a diminui\u00e7\u00e3o da desigualdade de g\u00eanero\u201d, afirmou o secret\u00e1rio.<\/p>\n\n\n\n<figure class=\"wp-block-image size-full\"><img fetchpriority=\"high\" decoding=\"async\" width=\"1024\" height=\"683\" src=\"https:\/\/sgvaimudar.com.br\/wp-content\/uploads\/2025\/03\/unnamed-6-10.jpg\" alt=\"\" class=\"wp-image-22665\" srcset=\"https:\/\/sgvaimudar.com.br\/wp-content\/uploads\/2025\/03\/unnamed-6-10.jpg 1024w, https:\/\/sgvaimudar.com.br\/wp-content\/uploads\/2025\/03\/unnamed-6-10-300x200.jpg 300w, https:\/\/sgvaimudar.com.br\/wp-content\/uploads\/2025\/03\/unnamed-6-10-768x512.jpg 768w\" sizes=\"(max-width: 1024px) 100vw, 1024px\" \/><\/figure>\n\n\n\n<p>Durante o evento no shopping, as alunas receberam sua certifica\u00e7\u00e3o de conclus\u00e3o e dividiram essa conquista com a presen\u00e7a de familiares e amigos.<\/p>\n\n\n\n<p>\u201cApoiar e ver o crescimento delas \u00e9 fant\u00e1stico! A oportunidade de gera\u00e7\u00e3o de renda significa n\u00e3o s\u00f3 a liberdade financeira, mas tamb\u00e9m a liberdade de decis\u00e3o, gerando mais autoconfian\u00e7a, autonomia e autoestima\u201d, destacou a subsecret\u00e1ria de Pol\u00edticas P\u00fablicas para as Mulheres, Ana Cristina da Silva.<\/p>\n\n\n\n<p>O projeto tem o intuito de ajudar as pessoas que desejam iniciar ou aprimorar os seus neg\u00f3cios. Conta com aulas de gest\u00e3o empresarial, orienta\u00e7\u00f5es sobre MEI, marketing digital, t\u00e9cnicas de vendas, al\u00e9m de ensinamentos sobre como tocar empreendimentos nas \u00e1reas de moda, beleza, gastronomia, artesanato, entre outras.<\/p>\n\n\n\n<p>O pr\u00f3ximo passo \u00e9 inserir as formandas nos equipamentos da subsecretaria, como a Feira da Mulher Empreendedora ou no Espa\u00e7o do Lidera Mulher no Partage, para divulgarem seus trabalhos, caso desejarem.<\/p>\n\n\n\n<p>As inscri\u00e7\u00f5es para a 14\u00aa turma j\u00e1 est\u00e3o abertas e podem ser realizadas atrav\u00e9s do e-mail:&nbsp;<a href=\"mailto:inscricaolideramulher@gmail.com\" rel=\"noreferrer noopener\" target=\"_blank\">inscricaolideramulher@gmail.com<\/a>&nbsp;e nos espa\u00e7os f\u00edsicos do Lidera Mulher, no Partage Shopping ou na Feira da Mulher Empreendedora, na Pra\u00e7a Dr. Luiz Palmier.&nbsp;<\/p>\n\n\n\n<p><em>Foto: Fabio Guimar\u00e3es<\/em><\/p>\n\n\n\n<p><strong><em>S\u00e3o Gon\u00e7alo vai mudar: Not\u00edcias de S\u00e3o Gon\u00e7alo e toda regi\u00e3o.<\/em><\/strong><\/p>\n\n\n\n<figure class=\"wp-block-image size-full\"><img decoding=\"async\" width=\"250\" height=\"87\" src=\"https:\/\/sgvaimudar.com.br\/wp-content\/uploads\/2023\/08\/cropped-Logo.png\" alt=\"\" class=\"wp-image-2739\" \/><\/figure>\n","protected":false},"excerpt":{"rendered":"<p>Projeto j\u00e1 capacitou mais de 1500 mulheres O Projeto Lidera Mulher formou mais de cem mulheres na tarde desta quinta-feira&hellip;<\/p>\n","protected":false},"author":5,"featured_media":22666,"comment_status":"open","ping_status":"open","sticky":false,"template":"","format":"standard","meta":{"fifu_image_url":"","fifu_image_alt":"","footnotes":""},"categories":[3],"tags":[47,75],"class_list":["post-22664","post","type-post","status-publish","format-standard","has-post-thumbnail","hentry","category-sao-goncalo","tag-rj","tag-sao-goncalo"],"_links":{"self":[{"href":"https:\/\/sgvaimudar.com.br\/index.php\/wp-json\/wp\/v2\/posts\/22664","targetHints":{"allow":["GET"]}}],"collection":[{"href":"https:\/\/sgvaimudar.com.br\/index.php\/wp-json\/wp\/v2\/posts"}],"about":[{"href":"https:\/\/sgvaimudar.com.br\/index.php\/wp-json\/wp\/v2\/types\/post"}],"author":[{"embeddable":true,"href":"https:\/\/sgvaimudar.com.br\/index.php\/wp-json\/wp\/v2\/users\/5"}],"replies":[{"embeddable":true,"href":"https:\/\/sgvaimudar.com.br\/index.php\/wp-json\/wp\/v2\/comments?post=22664"}],"version-history":[{"count":1,"href":"https:\/\/sgvaimudar.com.br\/index.php\/wp-json\/wp\/v2\/posts\/22664\/revisions"}],"predecessor-version":[{"id":22667,"href":"https:\/\/sgvaimudar.com.br\/index.php\/wp-json\/wp\/v2\/posts\/22664\/revisions\/22667"}],"wp:featuredmedia":[{"embeddable":true,"href":"https:\/\/sgvaimudar.com.br\/index.php\/wp-json\/wp\/v2\/media\/22666"}],"wp:attachment":[{"href":"https:\/\/sgvaimudar.com.br\/index.php\/wp-json\/wp\/v2\/media?parent=22664"}],"wp:term":[{"taxonomy":"category","embeddable":true,"href":"https:\/\/sgvaimudar.com.br\/index.php\/wp-json\/wp\/v2\/categories?post=22664"},{"taxonomy":"post_tag","embeddable":true,"href":"https:\/\/sgvaimudar.com.br\/index.php\/wp-json\/wp\/v2\/tags?post=22664"}],"curies":[{"name":"wp","href":"https:\/\/api.w.org\/{rel}","templated":true}]}}