{"id":22524,"date":"2025-03-26T12:00:00","date_gmt":"2025-03-26T15:00:00","guid":{"rendered":"https:\/\/sgvaimudar.com.br\/?p=22524"},"modified":"2025-03-26T09:23:29","modified_gmt":"2025-03-26T12:23:29","slug":"sao-goncalo-oferece-vacina-hpv-em-60-unidades-de-saude","status":"publish","type":"post","link":"https:\/\/sgvaimudar.com.br\/index.php\/2025\/03\/26\/sao-goncalo-oferece-vacina-hpv-em-60-unidades-de-saude\/","title":{"rendered":"S\u00e3o Gon\u00e7alo oferece vacina HPV em 60 unidades de sa\u00fade"},"content":{"rendered":"\n<p><em>Imunizante previne e reduz doen\u00e7as como c\u00e2ncer de colo do \u00fatero&nbsp;&nbsp;<\/em><\/p>\n\n\n\n<p>Neste m\u00eas de conscientiza\u00e7\u00e3o de preven\u00e7\u00e3o do c\u00e2ncer de colo do \u00fatero, \u00e9 importante ressaltar que h\u00e1 uma vacina no Programa Nacional de Imuniza\u00e7\u00e3o (PNI) que previne e reduz as doen\u00e7as ocasionadas pelo v\u00edrus Papilomav\u00edrus Humano. \u00c9 o imunizante HPV, que est\u00e1 dispon\u00edvel em 60 unidades de sa\u00fade, de segunda a sexta, das 8h \u00e0s 17h. Aos s\u00e1bados, as cl\u00ednicas municipais da Fam\u00edlia Dr. Zerbini, no Arsenal; e Gon\u00e7alense do Mutondo; vacinam, das 8h \u00e0s 12h.\u00a0<\/p>\n\n\n\n<p>A vacina contra o HPV est\u00e1 dispon\u00edvel para meninos e meninas entre 9 e 14 anos, 11 meses e 29 dias no PNI. Temporariamente, tamb\u00e9m pode ser aplicada nos jovens at\u00e9 19 anos, 11 meses e 29 dias que ainda n\u00e3o receberam a imuniza\u00e7\u00e3o. O mesmo vale para as v\u00edtimas de viol\u00eancia sexual entre 15 e 45 anos, que podem receber a vacina, mas n\u00e3o est\u00e3o dentro do PNI.\u00a0\u00a0<\/p>\n\n\n\n<figure class=\"wp-block-image size-large\"><img fetchpriority=\"high\" decoding=\"async\" width=\"1024\" height=\"602\" src=\"https:\/\/sgvaimudar.com.br\/wp-content\/uploads\/2025\/03\/unnamed-6-1024x602.png\" alt=\"\" class=\"wp-image-22525\" srcset=\"https:\/\/sgvaimudar.com.br\/wp-content\/uploads\/2025\/03\/unnamed-6-1024x602.png 1024w, https:\/\/sgvaimudar.com.br\/wp-content\/uploads\/2025\/03\/unnamed-6-300x176.png 300w, https:\/\/sgvaimudar.com.br\/wp-content\/uploads\/2025\/03\/unnamed-6-768x452.png 768w, https:\/\/sgvaimudar.com.br\/wp-content\/uploads\/2025\/03\/unnamed-6-1536x904.png 1536w, https:\/\/sgvaimudar.com.br\/wp-content\/uploads\/2025\/03\/unnamed-6.png 1552w\" sizes=\"(max-width: 1024px) 100vw, 1024px\" \/><\/figure>\n\n\n\n<p>Pessoas portadoras de papilomatose respirat\u00f3ria recorrente (PRR) a partir de dois anos; grupos com condi\u00e7\u00f5es cl\u00ednicas especiais at\u00e9 os 45 anos (pessoas vivendo com HIV\/AIDS, transplantados de \u00f3rg\u00e3os s\u00f3lidos ou medula \u00f3ssea, pacientes oncol\u00f3gicos) e os usu\u00e1rios de Profilaxia Pr\u00e9-Exposi\u00e7\u00e3o HIV\/Aids (Prep) entre 15 a 45 anos tamb\u00e9m podem se vacinar.<\/p>\n\n\n\n<p>Os grupos com condi\u00e7\u00f5es cl\u00ednicas especiais t\u00eam que fazer a solicita\u00e7\u00e3o da vacina na unidade de sa\u00fade mais pr\u00f3xima da sua resid\u00eancia, comprovando com laudo m\u00e9dico a comorbidade, indicando a vacina, segundo o Centro de Refer\u00eancia de Imunobiol\u00f3gicos Especiais (Crie). Os portadores de PRR devem ter prescri\u00e7\u00e3o m\u00e9dica para a imuniza\u00e7\u00e3o.&nbsp;<\/p>\n\n\n\n<p>Gestantes n\u00e3o podem receber a vacina. Elas devem aguardar o puerp\u00e9rio para a vacina\u00e7\u00e3o. E quem tem alergia a algum dos componentes da vacina HPV tamb\u00e9m n\u00e3o deve se vacinar. Os demais p\u00fablicos podem ir direto a uma unidade de sa\u00fade com a caderneta de vacina\u00e7\u00e3o, identidade e cart\u00e3o do Sistema \u00danico de Sa\u00fade (SUS) ou CPF.<\/p>\n\n\n\n<p>\u201cO HPV \u00e9 a mais frequente Infec\u00e7\u00e3o Sexualmente Transmiss\u00edvel (IST) no mundo e \u00e9 um dos principais respons\u00e1veis por diferentes tipos de c\u00e2nceres. A preven\u00e7\u00e3o pode ser feita com a vacina. O ideal \u00e9 que a vacina\u00e7\u00e3o seja realizada antes do in\u00edcio da vida sexual. Assim, os jovens ficam protegidos do v\u00edrus e n\u00e3o transmitem para seus parceiros. A vacina protege contra o HPV tipos 6 e 11, que s\u00e3o de baixo risco e causam as verrugas anogenitais; e contra os tipos de alto risco 16 e 18, respons\u00e1veis pelos c\u00e2nceres de colo uterino, p\u00eanis, anal e oral em ambos os sexos\u201d, explicou o secret\u00e1rio de Sa\u00fade da Prefeitura de S\u00e3o Gon\u00e7alo, Gabriel Mello.&nbsp;&nbsp;&nbsp;<\/p>\n\n\n\n<p><strong>Os <\/strong>l<strong>ocais de vacina\u00e7\u00e3o, s\u00e3o:<\/strong><\/p>\n\n\n\n<p>1 \u2013 Polo Sanit\u00e1rio Paulo Marques Rangel, Porto do Rosa; 2 \u2013 USF Jardim Catarina I; 3 \u2013 USF Jos\u00e9 Avelino de Souza, Tribob\u00f3; 4 \u2013 USF Agenor Jos\u00e9 da Silva, Jardim Catarina; 5 \u2013 USF Louis Pasteur, Guaxindiba; 6 \u2013 Cl\u00ednica Gon\u00e7alense do Barro Vermelho; 7 \u2013 PAM Coelho.<\/p>\n\n\n\n<p>8 \u2013 Polo Sanit\u00e1rio Washington Luiz Lopes, Z\u00e9 Garoto; 9 \u2013 USF David Capistrano, Ita\u00fana; 10 \u2013 USF Barbosa Lima Sobrinho, Boa Vista; 11 \u2013 Cl\u00ednica Municipal Gon\u00e7alense do Mutondo; 12 \u2013 USF Jos\u00e9 Bruno Neto, Boa Vista; 13 \u2013 USF Floren\u00e7a Pereira, Largo da Ideia; 14 \u2013 Polo Sanit\u00e1rio H\u00e9lio Cruz, Alc\u00e2ntara; 15 \u2013 USF Jos\u00e9 Jorge Cortes Freitas, Itaitindiba.<\/p>\n\n\n\n<p>16 \u2013 Polo Sanit\u00e1rio Augusto Sena, Rio do Ouro; 17 \u2013 USF Anaia; 18 \u2013 USF Ana Nery, Gradim; 19 \u2013 Polo Sanit\u00e1rio Jorge Teixeira de Lima, Jardim Catarina; 20 \u2013 USF Mahatma Gandhi, Jardim Calif\u00f3rnia; 21 \u2013 USF Bento da Cruz, Porto Novo; 22 \u2013 USF Altair da Silva, Mutu\u00e1.<\/p>\n\n\n\n<p>23 \u2013 USF Madre Teresa de Calcut\u00e1, Estrela do Norte; 24 \u2013 USF Juvenil Francisco Ribeiro, Engenho Pequeno; 25 \u2013 USF Fl\u00e1vio Henrique de Brito, J\u00f3quei; 26 \u2013 USF Irm\u00e3 Dulce, Trindade; 27 \u2013 USF Luiz Paulo Guimar\u00e3es, Laranjal; 28 \u2013 USF Gladys Rodrigues Ramos Freitas, Santa Isabel.<\/p>\n\n\n\n<p>29 \u2013 USF Elza Borges, Santa Luzia; 30 \u2013 USF Oswaldo Cruz, Amendoeira; 31 \u2013 USF Ary Teixeira, Jardim Bom Retiro; 32 \u2013 USF Luiz Carlos Prestes, Santa Catarina; 33 \u2013 USF Badger da Silveira, Tribob\u00f3; 34 \u2013 USF Haroldo Pereira Nunes, Porto Novo; 35 \u2013 Cl\u00ednica Municipal da Fam\u00edlia Dr. Zerbini, Arsenal.<\/p>\n\n\n\n<p>36 \u2013 USF Alexander Fleming, Boa\u00e7u; 37 \u2013 PAM Neves; 38 \u2013 USF Tancredo Neves, Luiz Ca\u00e7ador; 39 \u2013 USF Geremias de Mattos Fontes, Jardim Bom Retiro; 40 \u2013 USF Quinta Dom Ricardo; 41 \u2013 USF Wally Figueira da Silva, Rocha; 42 \u2013 USF Hiparco Ferreira, Engenho do Ro\u00e7ado.<\/p>\n\n\n\n<p>43 \u2013 USF Almerinda; 44 \u2013 USF Lu\u00edsa de Marilac, Novo M\u00e9xico; 45 \u2013 Cl\u00ednica Municipal Gon\u00e7alense do Coluband\u00ea; 46 \u2013 USF Presidente Get\u00falio Vargas, Boa Vista; 47 \u2013 USF Dr. Robert Koch, Porto da Madama; 48 \u2013 USF Doutel de Andrade, Maria Paula; 49 \u2013 USF Marilea Cardoso, J\u00f3quei.<\/p>\n\n\n\n<p>50 \u2013 USF \u00c1gua Mineral; 51 \u2013 USF Adolfo Lutz, Amendoeira; 52 \u2013 USF Port\u00e3o do Rosa; 53 \u2013 USF An\u00edbal Porto, Monjolos; 54 \u2013 USF Alberto Constantino Farah, Mutu\u00e1; 55 \u2013 USF Floriano Barbosa, Jardim Catarina; 56 \u2013 USF Ita\u00fana; 57\u2013 USF Victor Chimelly, Paiva; 58 \u2013 USF Jardel do Amaral, Venda da Cruz; 59 \u2013 USF Armando Le\u00e3o, Morro do Castro; 60 \u2013 USF Bandeirantes.<\/p>\n\n\n\n<p><strong><em>S\u00e3o Gon\u00e7alo vai mudar: Not\u00edcias de S\u00e3o Gon\u00e7alo e toda regi\u00e3o.<\/em><\/strong><\/p>\n\n\n\n<figure class=\"wp-block-image size-full\"><img decoding=\"async\" width=\"250\" height=\"87\" src=\"https:\/\/sgvaimudar.com.br\/wp-content\/uploads\/2023\/08\/cropped-Logo.png\" alt=\"\" class=\"wp-image-2739\" \/><\/figure>\n","protected":false},"excerpt":{"rendered":"<p>Imunizante previne e reduz doen\u00e7as como c\u00e2ncer de colo do \u00fatero&nbsp;&nbsp; Neste m\u00eas de conscientiza\u00e7\u00e3o de preven\u00e7\u00e3o do c\u00e2ncer de&hellip;<\/p>\n","protected":false},"author":5,"featured_media":20741,"comment_status":"open","ping_status":"open","sticky":false,"template":"","format":"standard","meta":{"fifu_image_url":"","fifu_image_alt":"","footnotes":""},"categories":[7],"tags":[47,75],"class_list":["post-22524","post","type-post","status-publish","format-standard","has-post-thumbnail","hentry","category-saude","tag-rj","tag-sao-goncalo"],"_links":{"self":[{"href":"https:\/\/sgvaimudar.com.br\/index.php\/wp-json\/wp\/v2\/posts\/22524","targetHints":{"allow":["GET"]}}],"collection":[{"href":"https:\/\/sgvaimudar.com.br\/index.php\/wp-json\/wp\/v2\/posts"}],"about":[{"href":"https:\/\/sgvaimudar.com.br\/index.php\/wp-json\/wp\/v2\/types\/post"}],"author":[{"embeddable":true,"href":"https:\/\/sgvaimudar.com.br\/index.php\/wp-json\/wp\/v2\/users\/5"}],"replies":[{"embeddable":true,"href":"https:\/\/sgvaimudar.com.br\/index.php\/wp-json\/wp\/v2\/comments?post=22524"}],"version-history":[{"count":1,"href":"https:\/\/sgvaimudar.com.br\/index.php\/wp-json\/wp\/v2\/posts\/22524\/revisions"}],"predecessor-version":[{"id":22526,"href":"https:\/\/sgvaimudar.com.br\/index.php\/wp-json\/wp\/v2\/posts\/22524\/revisions\/22526"}],"wp:featuredmedia":[{"embeddable":true,"href":"https:\/\/sgvaimudar.com.br\/index.php\/wp-json\/wp\/v2\/media\/20741"}],"wp:attachment":[{"href":"https:\/\/sgvaimudar.com.br\/index.php\/wp-json\/wp\/v2\/media?parent=22524"}],"wp:term":[{"taxonomy":"category","embeddable":true,"href":"https:\/\/sgvaimudar.com.br\/index.php\/wp-json\/wp\/v2\/categories?post=22524"},{"taxonomy":"post_tag","embeddable":true,"href":"https:\/\/sgvaimudar.com.br\/index.php\/wp-json\/wp\/v2\/tags?post=22524"}],"curies":[{"name":"wp","href":"https:\/\/api.w.org\/{rel}","templated":true}]}}