{"id":22515,"date":"2025-03-26T10:00:00","date_gmt":"2025-03-26T13:00:00","guid":{"rendered":"https:\/\/sgvaimudar.com.br\/?p=22515"},"modified":"2025-03-26T08:31:20","modified_gmt":"2025-03-26T11:31:20","slug":"usuaria-de-centro-para-idosos-goncalense-e-a-nova-aluna-prouni-em-universidade","status":"publish","type":"post","link":"https:\/\/sgvaimudar.com.br\/index.php\/2025\/03\/26\/usuaria-de-centro-para-idosos-goncalense-e-a-nova-aluna-prouni-em-universidade\/","title":{"rendered":"Usu\u00e1ria de centro para idosos gon\u00e7alense \u00e9 a nova aluna Prouni em universidade"},"content":{"rendered":"\n<p><em>Arlete Estrela voltou a estudar ap\u00f3s ingresso no Cerpi do Jardim Catarina<\/em><\/p>\n\n\n\n<p>O m\u00eas de mar\u00e7o \u00e9 o m\u00eas da mulher e S\u00e3o Gon\u00e7alo \u00e9 recheado de mulheres batalhadoras, uma delas \u00e9 a Dona Arlete, de 71 anos. A &#8220;Estrela&#8221; do Centro de Refer\u00eancia Especializado \u00e0 Pessoa Idosa (Cerpi) passou em primeiro lugar, atrav\u00e9s do Prouni, para uma universidade privada em Niter\u00f3i, onde ir\u00e1 cursar Servi\u00e7o Social.<\/p>\n\n\n\n<p>Moradora do Jardim Catarina, ela \u00e9 inscrita no espa\u00e7o da Prefeitura h\u00e1 quatro anos, aproveita as atividades oferecidas aos usu\u00e1rios e ali foi encorajada a finalizar os estudos pela modalidade Educa\u00e7\u00e3o de Jovens e Adultos (EJA).<\/p>\n\n\n\n<p>&#8220;Trouxe uma amiga aqui e vi que poderia me inscrever para participar das atividades. Eu era muito fechada e esse lugar me deu uma luz, eu gosto de tudo que oferecem aqui e das amizades que fiz. Com o est\u00edmulo que ganhei aqui, fui procurar um trabalho e vi que precisava completar o ensino m\u00e9dio, ent\u00e3o me matriculei no EJA. Tudo muda quando a gente come\u00e7a a estudar e foi o Cerpi que me abriu as portas para eu ver o mundo com outro olhar. Agora, vou come\u00e7ar a faculdade&#8221;, declarou Estrela.<\/p>\n\n\n\n<p>A gon\u00e7alense revela que sempre sonhou em fazer faculdade, mas ainda n\u00e3o tinha tido oportunidade para come\u00e7ar. E depois de iniciar os estudos pelo EJA, em Alc\u00e2ntara, correu atr\u00e1s da aprova\u00e7\u00e3o em uma universidade. Foi aprovada para Servi\u00e7o Social e afirma estar muito feliz e realizada, pois \u00e9 uma \u00e1rea que garante ajuda ao pr\u00f3ximo.<\/p>\n\n\n\n<p>O espa\u00e7o no Jardim Catarina conta com uma vasta programa\u00e7\u00e3o voltada para idosos com mais de 60 anos, como rodas de conversa, terapias em grupo, oficina de corte e costura, croch\u00ea, aulas de letramento e alfabetiza\u00e7\u00e3o, al\u00e9m de passeios culturais.<\/p>\n\n\n\n<p>&#8220;O objetivo do equipamento \u00e9 promover autoestima, autonomia, socializa\u00e7\u00e3o e, principalmente, garantir os direitos das pessoas idosas, pois nossas atividades s\u00e3o baseadas no Estatuto do Idoso. \u00c9 um local de grande import\u00e2ncia para a popula\u00e7\u00e3o, temos relatos todos os dias dos efeitos que nossas a\u00e7\u00f5es causam na vida dos participantes&#8221;, relatou a coordenadora do Cerpi, Cinthia Weber.<\/p>\n\n\n\n<p>Servi\u00e7o: O Centro de Refer\u00eancia Especializado \u00e0 Pessoa Idosa (Cerpi) fica na Av. Dr. Albino Imparato, 1.501, no Jardim Catarina.<\/p>\n\n\n\n<p><em>Fotos: Fabio Guimar\u00e3es<\/em><\/p>\n\n\n\n<p><strong><em>S\u00e3o Gon\u00e7alo vai mudar: Not\u00edcias de S\u00e3o Gon\u00e7alo e toda regi\u00e3o.<\/em><\/strong><\/p>\n\n\n\n<figure class=\"wp-block-image size-full\"><img decoding=\"async\" width=\"250\" height=\"87\" src=\"https:\/\/sgvaimudar.com.br\/wp-content\/uploads\/2023\/08\/cropped-Logo.png\" alt=\"\" class=\"wp-image-2739\" \/><\/figure>\n","protected":false},"excerpt":{"rendered":"<p>Arlete Estrela voltou a estudar ap\u00f3s ingresso no Cerpi do Jardim Catarina O m\u00eas de mar\u00e7o \u00e9 o m\u00eas da&hellip;<\/p>\n","protected":false},"author":5,"featured_media":22516,"comment_status":"open","ping_status":"open","sticky":false,"template":"","format":"standard","meta":{"fifu_image_url":"","fifu_image_alt":"","footnotes":""},"categories":[3],"tags":[47,75],"class_list":["post-22515","post","type-post","status-publish","format-standard","has-post-thumbnail","hentry","category-sao-goncalo","tag-rj","tag-sao-goncalo"],"_links":{"self":[{"href":"https:\/\/sgvaimudar.com.br\/index.php\/wp-json\/wp\/v2\/posts\/22515","targetHints":{"allow":["GET"]}}],"collection":[{"href":"https:\/\/sgvaimudar.com.br\/index.php\/wp-json\/wp\/v2\/posts"}],"about":[{"href":"https:\/\/sgvaimudar.com.br\/index.php\/wp-json\/wp\/v2\/types\/post"}],"author":[{"embeddable":true,"href":"https:\/\/sgvaimudar.com.br\/index.php\/wp-json\/wp\/v2\/users\/5"}],"replies":[{"embeddable":true,"href":"https:\/\/sgvaimudar.com.br\/index.php\/wp-json\/wp\/v2\/comments?post=22515"}],"version-history":[{"count":1,"href":"https:\/\/sgvaimudar.com.br\/index.php\/wp-json\/wp\/v2\/posts\/22515\/revisions"}],"predecessor-version":[{"id":22517,"href":"https:\/\/sgvaimudar.com.br\/index.php\/wp-json\/wp\/v2\/posts\/22515\/revisions\/22517"}],"wp:featuredmedia":[{"embeddable":true,"href":"https:\/\/sgvaimudar.com.br\/index.php\/wp-json\/wp\/v2\/media\/22516"}],"wp:attachment":[{"href":"https:\/\/sgvaimudar.com.br\/index.php\/wp-json\/wp\/v2\/media?parent=22515"}],"wp:term":[{"taxonomy":"category","embeddable":true,"href":"https:\/\/sgvaimudar.com.br\/index.php\/wp-json\/wp\/v2\/categories?post=22515"},{"taxonomy":"post_tag","embeddable":true,"href":"https:\/\/sgvaimudar.com.br\/index.php\/wp-json\/wp\/v2\/tags?post=22515"}],"curies":[{"name":"wp","href":"https:\/\/api.w.org\/{rel}","templated":true}]}}