{"id":22506,"date":"2025-03-26T08:02:22","date_gmt":"2025-03-26T11:02:22","guid":{"rendered":"https:\/\/sgvaimudar.com.br\/?p=22506"},"modified":"2025-03-26T08:02:22","modified_gmt":"2025-03-26T11:02:22","slug":"projeto-lab-cidades-criativas-chega-em-sao-goncalo-revitalizando-a-praca-dos-ex-combatentes","status":"publish","type":"post","link":"https:\/\/sgvaimudar.com.br\/index.php\/2025\/03\/26\/projeto-lab-cidades-criativas-chega-em-sao-goncalo-revitalizando-a-praca-dos-ex-combatentes\/","title":{"rendered":"Projeto LAB Cidades Criativas chega em S\u00e3o Gon\u00e7alo revitalizando a Pra\u00e7a dos Ex-Combatentes"},"content":{"rendered":"\n<p><em>Projeto transforma espa\u00e7os urbanos no Rio de Janeiro com arte e cultura<\/em><\/p>\n\n\n\n<p>O LAB Cidades Criativas continua transformando o cen\u00e1rio urbano do Estado do Rio de Janeiro com sua proposta inovadora de revitaliza\u00e7\u00e3o de espa\u00e7os p\u00fablicos. Ap\u00f3s a revitaliza\u00e7\u00e3o do Mirante do Pedr\u00e3o, em Laranjeiras, na Zona Sul do Rio, realizada em fevereiro, o projeto segue agora para S\u00e3o Gon\u00e7alo, onde iniciou, nesta semana, a revitaliza\u00e7\u00e3o da Pra\u00e7a dos Ex-Combatentes, no bairro do Patronato.<\/p>\n\n\n\n<p>Essa \u00e9 a mais recente a\u00e7\u00e3o do programa que, no in\u00edcio deste ano, tamb\u00e9m entregou a revitaliza\u00e7\u00e3o de duas pra\u00e7as em Duque de Caxias: a Pra\u00e7a Maria Aparecida e a Pra\u00e7a da B\u00edblia, ambas na Baixada Fluminense.<\/p>\n\n\n\n<figure class=\"wp-block-image size-full\"><img fetchpriority=\"high\" decoding=\"async\" width=\"1024\" height=\"681\" src=\"https:\/\/sgvaimudar.com.br\/wp-content\/uploads\/2025\/03\/unnamed-2-17.jpg\" alt=\"\" class=\"wp-image-22508\" srcset=\"https:\/\/sgvaimudar.com.br\/wp-content\/uploads\/2025\/03\/unnamed-2-17.jpg 1024w, https:\/\/sgvaimudar.com.br\/wp-content\/uploads\/2025\/03\/unnamed-2-17-300x200.jpg 300w, https:\/\/sgvaimudar.com.br\/wp-content\/uploads\/2025\/03\/unnamed-2-17-768x511.jpg 768w\" sizes=\"(max-width: 1024px) 100vw, 1024px\" \/><\/figure>\n\n\n\n<p>Inaugurada em 1970, a Pra\u00e7a dos Ex-Combatentes \u00e9 um importante espa\u00e7o hist\u00f3rico que abriga um acervo da 2\u00aa Guerra Mundial. Agora, a pra\u00e7a ganha uma nova roupagem, com grafites coloridos e elementos art\u00edsticos que integram a arte urbana \u00e0 mem\u00f3ria hist\u00f3rica do local.&nbsp;<\/p>\n\n\n\n<p>Ao longo dos anos, a pra\u00e7a se tornou um ponto de encontro da juventude, especialmente do movimento Hip Hop, o que faz dela um espa\u00e7o natural para a interven\u00e7\u00e3o do LAB Cidades Criativas, que utiliza arte e design como instrumentos de transforma\u00e7\u00e3o social.<\/p>\n\n\n\n<p>&#8220;\u00c9 com imensa felicidade e prazer que recebemos o LAB Cidades Criativas em nossa cidade. A revitaliza\u00e7\u00e3o da Pra\u00e7a dos Ex-Combatentes \u00e9 mais do que um projeto de embelezamento urbano; \u00e9 uma oportunidade de dar nova vida a um espa\u00e7o que carrega uma rica hist\u00f3ria e que, ao mesmo tempo, representa a nossa juventude e cultura\u201d afirmou a secret\u00e1ria de Turismo e Cultura da Prefeitura de S\u00e3o Gon\u00e7alo, Julia Sobreira.<\/p>\n\n\n\n<p>A concep\u00e7\u00e3o da interven\u00e7\u00e3o art\u00edstica da Pra\u00e7a dos Ex-Combatentes fica por conta da artista gon\u00e7alense Leda Daguimar, uma das integrantes do projeto Cidade Ilustrada, que tem transformado as paisagens do munic\u00edpio de S\u00e3o Gon\u00e7alo com suas ilustra\u00e7\u00f5es.&nbsp;<\/p>\n\n\n\n<p>Para a realiza\u00e7\u00e3o da ilustra\u00e7\u00e3o da pra\u00e7a, foram escolhidas formas abstratas de movimento, formas geom\u00e9tricas e a geometria sagrada flor da vida, que simboliza a conex\u00e3o entre todas as formas de vida e a consci\u00eancia coletiva. A artista explica que essa geometria \u00e9 a melhor representa\u00e7\u00e3o para o todo, pois simboliza harmonia, equil\u00edbrio e alegria, qualidades que estar\u00e3o presentes nas diversas a\u00e7\u00f5es e encontros que ocorrer\u00e3o na pra\u00e7a.<\/p>\n\n\n\n<p>&#8220;Essas formas s\u00e3o caracter\u00edsticas do meu trabalho e representam a minha identidade visual. A Flor da Vida \u00e9 vista como uma representa\u00e7\u00e3o da cria\u00e7\u00e3o do universo e da interliga\u00e7\u00e3o de todas as coisas, e acredito que ela reflete bem a proposta do LAB Cidades Criativas de unir arte, comunidade e hist\u00f3ria de uma maneira \u00fanica&#8221;, comenta Leda.<\/p>\n\n\n\n<p>O LAB Cidades Criativas \u00e9 uma realiza\u00e7\u00e3o da Quitanda Solu\u00e7\u00f5es Criativas e do Instituto BR, com o patroc\u00ednio da Naturgy e do Governo do Estado do Rio de Janeiro, atrav\u00e9s da Secretaria de Estado de Cultura e Economia Criativa, por meio da Lei de Incentivo \u00e0 Cultura. A produ\u00e7\u00e3o executiva \u00e9 da Cinco Elementos Produ\u00e7\u00f5es, com consultoria executiva da Marco Zero.<\/p>\n\n\n\n<p><em>Foto: Julio Diniz<\/em><\/p>\n\n\n\n<p><strong><em>S\u00e3o Gon\u00e7alo vai mudar: Not\u00edcias de S\u00e3o Gon\u00e7alo e toda regi\u00e3o.<\/em><\/strong><\/p>\n\n\n\n<figure class=\"wp-block-image size-full\"><img decoding=\"async\" width=\"317\" height=\"111\" src=\"https:\/\/sgvaimudar.com.br\/wp-content\/uploads\/2023\/08\/Logo-Provisoria-2-2.png\" alt=\"\" class=\"wp-image-2781\" srcset=\"https:\/\/sgvaimudar.com.br\/wp-content\/uploads\/2023\/08\/Logo-Provisoria-2-2.png 317w, https:\/\/sgvaimudar.com.br\/wp-content\/uploads\/2023\/08\/Logo-Provisoria-2-2-300x105.png 300w\" sizes=\"(max-width: 317px) 100vw, 317px\" \/><\/figure>\n","protected":false},"excerpt":{"rendered":"<p>Projeto transforma espa\u00e7os urbanos no Rio de Janeiro com arte e cultura O LAB Cidades Criativas continua transformando o cen\u00e1rio&hellip;<\/p>\n","protected":false},"author":5,"featured_media":22507,"comment_status":"open","ping_status":"open","sticky":false,"template":"","format":"standard","meta":{"fifu_image_url":"","fifu_image_alt":"","footnotes":""},"categories":[3],"tags":[47,75],"class_list":["post-22506","post","type-post","status-publish","format-standard","has-post-thumbnail","hentry","category-sao-goncalo","tag-rj","tag-sao-goncalo"],"_links":{"self":[{"href":"https:\/\/sgvaimudar.com.br\/index.php\/wp-json\/wp\/v2\/posts\/22506","targetHints":{"allow":["GET"]}}],"collection":[{"href":"https:\/\/sgvaimudar.com.br\/index.php\/wp-json\/wp\/v2\/posts"}],"about":[{"href":"https:\/\/sgvaimudar.com.br\/index.php\/wp-json\/wp\/v2\/types\/post"}],"author":[{"embeddable":true,"href":"https:\/\/sgvaimudar.com.br\/index.php\/wp-json\/wp\/v2\/users\/5"}],"replies":[{"embeddable":true,"href":"https:\/\/sgvaimudar.com.br\/index.php\/wp-json\/wp\/v2\/comments?post=22506"}],"version-history":[{"count":1,"href":"https:\/\/sgvaimudar.com.br\/index.php\/wp-json\/wp\/v2\/posts\/22506\/revisions"}],"predecessor-version":[{"id":22509,"href":"https:\/\/sgvaimudar.com.br\/index.php\/wp-json\/wp\/v2\/posts\/22506\/revisions\/22509"}],"wp:featuredmedia":[{"embeddable":true,"href":"https:\/\/sgvaimudar.com.br\/index.php\/wp-json\/wp\/v2\/media\/22507"}],"wp:attachment":[{"href":"https:\/\/sgvaimudar.com.br\/index.php\/wp-json\/wp\/v2\/media?parent=22506"}],"wp:term":[{"taxonomy":"category","embeddable":true,"href":"https:\/\/sgvaimudar.com.br\/index.php\/wp-json\/wp\/v2\/categories?post=22506"},{"taxonomy":"post_tag","embeddable":true,"href":"https:\/\/sgvaimudar.com.br\/index.php\/wp-json\/wp\/v2\/tags?post=22506"}],"curies":[{"name":"wp","href":"https:\/\/api.w.org\/{rel}","templated":true}]}}