{"id":22502,"date":"2025-03-26T07:54:32","date_gmt":"2025-03-26T10:54:32","guid":{"rendered":"https:\/\/sgvaimudar.com.br\/?p=22502"},"modified":"2025-03-26T08:05:19","modified_gmt":"2025-03-26T11:05:19","slug":"jovem-morta-em-moto-de-aplicativo-tinha-sonho-de-ser-pastora","status":"publish","type":"post","link":"https:\/\/sgvaimudar.com.br\/index.php\/2025\/03\/26\/jovem-morta-em-moto-de-aplicativo-tinha-sonho-de-ser-pastora\/","title":{"rendered":"Jovem morta em moto de aplicativo tinha sonho de ser pastora"},"content":{"rendered":"\n<p><em>Nas redes sociais Yohanna Carvalho Gomes, de 25 anos, postava o dia a dia da igreja e com frases de auto ajuda procurava ajudar quem precisava. Ela morreu em acidente grave na BR-101 <\/em><\/p>\n\n\n\n<p>A jovem de 25 anos que morreu v\u00edtima de um acidente grave na BR-101 (Niter\u00f3i-Manilha), na altura do bairro Boa Vista, em S\u00e3o Gon\u00e7alo, na manh\u00e3 desta ter\u00e7a-feira (25), tinha o sonho de ser pastora, frequentava a Igreja Arena Jovem de Nova Igua\u00e7u e estava prestes a iniciar o caminho para a evangeliza\u00e7\u00e3o. Yohanna Carvalho Gomes lia muito a b\u00edblia e em um Quiz Religioso manifestou seu desejo e disse que se preparava para seu chamado.<\/p>\n\n\n\n<p>Nas redes sociais d\u00e1 para ver que Yohanna era determinada e estudava muito, em busca do objetivo tra\u00e7ado desde a adolesc\u00eancia. Nas Confer\u00eancias do Arena Jovem, ela continuava se preparando para conseguir levar os ensinamentos de Jesus Cristo.<\/p>\n\n\n\n<figure class=\"wp-block-image size-large is-resized\"><img fetchpriority=\"high\" decoding=\"async\" width=\"576\" height=\"1024\" src=\"https:\/\/sgvaimudar.com.br\/wp-content\/uploads\/2025\/03\/WhatsApp-Image-2025-03-25-at-21.26.37-1-576x1024.jpeg\" alt=\"\" class=\"wp-image-22503\" style=\"aspect-ratio:0.5625;width:693px;height:auto\" srcset=\"https:\/\/sgvaimudar.com.br\/wp-content\/uploads\/2025\/03\/WhatsApp-Image-2025-03-25-at-21.26.37-1-576x1024.jpeg 576w, https:\/\/sgvaimudar.com.br\/wp-content\/uploads\/2025\/03\/WhatsApp-Image-2025-03-25-at-21.26.37-1-169x300.jpeg 169w, https:\/\/sgvaimudar.com.br\/wp-content\/uploads\/2025\/03\/WhatsApp-Image-2025-03-25-at-21.26.37-1-768x1365.jpeg 768w, https:\/\/sgvaimudar.com.br\/wp-content\/uploads\/2025\/03\/WhatsApp-Image-2025-03-25-at-21.26.37-1-864x1536.jpeg 864w, https:\/\/sgvaimudar.com.br\/wp-content\/uploads\/2025\/03\/WhatsApp-Image-2025-03-25-at-21.26.37-1.jpeg 900w\" sizes=\"(max-width: 576px) 100vw, 576px\" \/><\/figure>\n\n\n\n<p>\u201cYohanna, a dor que sentimos diante de sua partida precoce e t\u00e3o desmerecida e n\u00e3o pode ser medida ou explicada com palavras. N\u00f3s esperamos que voc\u00ea esteja ao lado do pai criador, olhe por n\u00f3s, mande luz da\u00ed para nossas vidas aqui na terra e pedimos a Deus que d\u00ea a for\u00e7a, serenidade e o conforto a sua fam\u00edlia. Que voc\u00ea seja recebida na gl\u00f3ria e descanse em paz\u201d, escreveu uma amiga em uma postagem.<\/p>\n\n\n\n<p><strong>O ACIDENTE <\/strong>&#8211; De acordo com a Pol\u00edcia Rodovi\u00e1ria Federal (PRF), a jovem era passageira de uma moto por aplicativo. O ve\u00edculo colidiu com um carro e uma carreta, na altura do km 313, pr\u00f3ximo ao Shopping S\u00e3o Gon\u00e7alo, na pista sentido Itabora\u00ed, na tarde desta segunda-feira (24).<\/p>\n\n\n\n<p>O impacto causou ferimentos tanto nela quanto no motociclista de 31 anos, que segue internado em estado est\u00e1vel. Ambos foram encaminhados ao Heat, em Coluband\u00ea, mas ela n\u00e3o resistiu.<\/p>\n\n\n\n<p>A colis\u00e3o resultou em um congestionamento de aproximadamente oito quil\u00f4metros, se estendendo desde a Avenida do Contorno, em Niter\u00f3i, at\u00e9 o local do acidente, devido a bloqueios na pista.<\/p>\n\n\n\n<p><strong><em>Fa\u00e7a sua den\u00fancia pelo nosso WhatsApp: (21) <\/em><\/strong><strong><em>99744 5345<\/em><\/strong><strong><em><\/em><\/strong><\/p>\n\n\n\n<p><strong><em>S\u00e3o Gon\u00e7alo vai mudar: Not\u00edcias de S\u00e3o Gon\u00e7alo e toda regi\u00e3o.<\/em><\/strong><\/p>\n\n\n\n<figure class=\"wp-block-image size-full\"><img decoding=\"async\" width=\"317\" height=\"111\" src=\"https:\/\/sgvaimudar.com.br\/wp-content\/uploads\/2023\/08\/Logo-Provisoria-2-2.png\" alt=\"\" class=\"wp-image-2781\" srcset=\"https:\/\/sgvaimudar.com.br\/wp-content\/uploads\/2023\/08\/Logo-Provisoria-2-2.png 317w, https:\/\/sgvaimudar.com.br\/wp-content\/uploads\/2023\/08\/Logo-Provisoria-2-2-300x105.png 300w\" sizes=\"(max-width: 317px) 100vw, 317px\" \/><\/figure>\n\n\n\n<p><\/p>\n\n\n\n<p><\/p>\n","protected":false},"excerpt":{"rendered":"<p>Nas redes sociais Yohanna Carvalho Gomes, de 25 anos, postava o dia a dia da igreja e com frases de&hellip;<\/p>\n","protected":false},"author":5,"featured_media":22504,"comment_status":"open","ping_status":"open","sticky":false,"template":"","format":"standard","meta":{"fifu_image_url":"","fifu_image_alt":"","footnotes":""},"categories":[32],"tags":[47,75],"class_list":["post-22502","post","type-post","status-publish","format-standard","has-post-thumbnail","hentry","category-casos-de-policia","tag-rj","tag-sao-goncalo"],"_links":{"self":[{"href":"https:\/\/sgvaimudar.com.br\/index.php\/wp-json\/wp\/v2\/posts\/22502","targetHints":{"allow":["GET"]}}],"collection":[{"href":"https:\/\/sgvaimudar.com.br\/index.php\/wp-json\/wp\/v2\/posts"}],"about":[{"href":"https:\/\/sgvaimudar.com.br\/index.php\/wp-json\/wp\/v2\/types\/post"}],"author":[{"embeddable":true,"href":"https:\/\/sgvaimudar.com.br\/index.php\/wp-json\/wp\/v2\/users\/5"}],"replies":[{"embeddable":true,"href":"https:\/\/sgvaimudar.com.br\/index.php\/wp-json\/wp\/v2\/comments?post=22502"}],"version-history":[{"count":2,"href":"https:\/\/sgvaimudar.com.br\/index.php\/wp-json\/wp\/v2\/posts\/22502\/revisions"}],"predecessor-version":[{"id":22511,"href":"https:\/\/sgvaimudar.com.br\/index.php\/wp-json\/wp\/v2\/posts\/22502\/revisions\/22511"}],"wp:featuredmedia":[{"embeddable":true,"href":"https:\/\/sgvaimudar.com.br\/index.php\/wp-json\/wp\/v2\/media\/22504"}],"wp:attachment":[{"href":"https:\/\/sgvaimudar.com.br\/index.php\/wp-json\/wp\/v2\/media?parent=22502"}],"wp:term":[{"taxonomy":"category","embeddable":true,"href":"https:\/\/sgvaimudar.com.br\/index.php\/wp-json\/wp\/v2\/categories?post=22502"},{"taxonomy":"post_tag","embeddable":true,"href":"https:\/\/sgvaimudar.com.br\/index.php\/wp-json\/wp\/v2\/tags?post=22502"}],"curies":[{"name":"wp","href":"https:\/\/api.w.org\/{rel}","templated":true}]}}