{"id":22495,"date":"2025-03-25T11:54:44","date_gmt":"2025-03-25T14:54:44","guid":{"rendered":"https:\/\/sgvaimudar.com.br\/?p=22495"},"modified":"2025-03-25T11:59:13","modified_gmt":"2025-03-25T14:59:13","slug":"tragedia-jovem-que-sofreu-acidente-na-br-101-em-sao-goncalo-nao-resisti-a-amputacao-da-perna-e-morre","status":"publish","type":"post","link":"https:\/\/sgvaimudar.com.br\/index.php\/2025\/03\/25\/tragedia-jovem-que-sofreu-acidente-na-br-101-em-sao-goncalo-nao-resisti-a-amputacao-da-perna-e-morre\/","title":{"rendered":"Trag\u00e9dia: Jovem que sofreu acidente na BR-101 em S\u00e3o Gon\u00e7alo n\u00e3o resisti a amputa\u00e7\u00e3o da perna e morre"},"content":{"rendered":"\n<p><em>O motociclista permanece internado, mas seu estado de sa\u00fade \u00e9 est\u00e1vel<\/em><\/p>\n\n\n\n<p>A jovem de 25 anos que sofreu um grave acidente na BR-101 (Niter\u00f3i-Manilha), em S\u00e3o Gon\u00e7alo, na tarde da \u00faltima segunda-feira (24), infelizmente, n\u00e3o resistiu a amputa\u00e7\u00e3o da perna esquerda devido \u00e0 gravidade dos ferimentos e veio a falecer, segundo informa\u00e7\u00f5es do Hospital Estadual Alberto Torres.<\/p>\n\n\n\n<p>De acordo com as informa\u00e7\u00f5es, a jovem era passageira de uma moto de aplicativo que se envolveu em uma colis\u00e3o com um carro e uma carreta. O acidente ocorreu na altura do km 313, pr\u00f3ximo ao Shopping S\u00e3o Gon\u00e7alo, no sentido Itabora\u00ed, conforme relatado pela Pol\u00edcia Rodovi\u00e1ria Federal (PRF).<\/p>\n\n\n\n<p>O impacto da colis\u00e3o resultou em ferimentos graves tanto para a jovem quanto para o motociclista, um homem de 31 anos. Ambos foram socorridos e levados para o Hospital Estadual Alberto Torres (Heat), no Coluband\u00ea. O motociclista permanece internado, mas seu estado de sa\u00fade \u00e9 est\u00e1vel. A jovem, por outro lado, n\u00e3o resistiu aos ferimentos na unidade hospitalar.<\/p>\n\n\n\n<p>A Pol\u00edcia Rodovi\u00e1ria Federal (PRF) e a Arteris Fluminense, concession\u00e1ria respons\u00e1vel pela administra\u00e7\u00e3o da via, estiveram no local do acidente para prestar atendimento e iniciar a investiga\u00e7\u00e3o das causas da colis\u00e3o. As autoridades seguem trabalhando para esclarecer os detalhes do ocorrido.<\/p>\n\n\n\n<p>\ud835\udc6d\ud835\udc82\ud835\udc84\u0327\ud835\udc82 \ud835\udc94\ud835\udc96\ud835\udc82 \ud835\udc85\ud835\udc86\ud835\udc8f\ud835\udc96\u0301\ud835\udc8f\ud835\udc84\ud835\udc8a\ud835\udc82 \ud835\udc91\ud835\udc86\ud835\udc8d\ud835\udc90 \ud835\udc8f\ud835\udc90\ud835\udc94\ud835\udc94\ud835\udc90 \ud835\udc7e\ud835\udc89\ud835\udc82\ud835\udc95\ud835\udc94\ud835\udc68\ud835\udc91\ud835\udc91: (21)99744 5345. <\/p>\n\n\n\n<p><em>Reportagem: Mauro J\u00fanior<\/em><\/p>\n\n\n\n<figure class=\"wp-block-image size-full\"><img decoding=\"async\" width=\"317\" height=\"111\" src=\"https:\/\/sgvaimudar.com.br\/wp-content\/uploads\/2023\/08\/Logo-Provisoria-2-2.png\" alt=\"\" class=\"wp-image-2781\" srcset=\"https:\/\/sgvaimudar.com.br\/wp-content\/uploads\/2023\/08\/Logo-Provisoria-2-2.png 317w, https:\/\/sgvaimudar.com.br\/wp-content\/uploads\/2023\/08\/Logo-Provisoria-2-2-300x105.png 300w\" sizes=\"(max-width: 317px) 100vw, 317px\" \/><\/figure>\n","protected":false},"excerpt":{"rendered":"<p>O motociclista permanece internado, mas seu estado de sa\u00fade \u00e9 est\u00e1vel A jovem de 25 anos que sofreu um grave&hellip;<\/p>\n","protected":false},"author":5,"featured_media":0,"comment_status":"open","ping_status":"open","sticky":false,"template":"","format":"standard","meta":{"fifu_image_url":"","fifu_image_alt":"","footnotes":""},"categories":[32],"tags":[47,75],"class_list":["post-22495","post","type-post","status-publish","format-standard","hentry","category-casos-de-policia","tag-rj","tag-sao-goncalo"],"_links":{"self":[{"href":"https:\/\/sgvaimudar.com.br\/index.php\/wp-json\/wp\/v2\/posts\/22495","targetHints":{"allow":["GET"]}}],"collection":[{"href":"https:\/\/sgvaimudar.com.br\/index.php\/wp-json\/wp\/v2\/posts"}],"about":[{"href":"https:\/\/sgvaimudar.com.br\/index.php\/wp-json\/wp\/v2\/types\/post"}],"author":[{"embeddable":true,"href":"https:\/\/sgvaimudar.com.br\/index.php\/wp-json\/wp\/v2\/users\/5"}],"replies":[{"embeddable":true,"href":"https:\/\/sgvaimudar.com.br\/index.php\/wp-json\/wp\/v2\/comments?post=22495"}],"version-history":[{"count":2,"href":"https:\/\/sgvaimudar.com.br\/index.php\/wp-json\/wp\/v2\/posts\/22495\/revisions"}],"predecessor-version":[{"id":22497,"href":"https:\/\/sgvaimudar.com.br\/index.php\/wp-json\/wp\/v2\/posts\/22495\/revisions\/22497"}],"wp:attachment":[{"href":"https:\/\/sgvaimudar.com.br\/index.php\/wp-json\/wp\/v2\/media?parent=22495"}],"wp:term":[{"taxonomy":"category","embeddable":true,"href":"https:\/\/sgvaimudar.com.br\/index.php\/wp-json\/wp\/v2\/categories?post=22495"},{"taxonomy":"post_tag","embeddable":true,"href":"https:\/\/sgvaimudar.com.br\/index.php\/wp-json\/wp\/v2\/tags?post=22495"}],"curies":[{"name":"wp","href":"https:\/\/api.w.org\/{rel}","templated":true}]}}